{"id":20783,"date":"2019-08-27T06:00:00","date_gmt":"2019-08-27T04:00:00","guid":{"rendered":"https:\/\/www.opinionpublica.tv\/portada\/2019\/08\/27\/constructoras-tienen-su-peor-primer-semestre-desde-el-2009\/"},"modified":"2019-08-27T06:00:00","modified_gmt":"2019-08-27T04:00:00","slug":"constructoras-tienen-su-peor-primer-semestre-desde-el-2009","status":"publish","type":"post","link":"https:\/\/www.opinionpublica.tv\/portada\/constructoras-tienen-su-peor-primer-semestre-desde-el-2009\/","title":{"rendered":"Constructoras tienen su peor primer semestre desde el 2009"},"content":{"rendered":"<p><img fetchpriority=\"high\" decoding=\"async\" class=\" size-full wp-image-20782\" src=\"https:\/\/www.opinionpublica.tv\/portada\/wp-content\/uploads\/2019\/08\/52098f716ae89f6b089c4dac86693858.jpg\" alt=\"\" class=\"caption\" title=\"El arranque de sexenio de L\u00f3pez Obrador ha sido lento para la econom\u00eda.\" width=\"768\" height=\"479\" srcset=\"https:\/\/www.opinionpublica.tv\/portada\/wp-content\/uploads\/2019\/08\/52098f716ae89f6b089c4dac86693858.jpg 768w, https:\/\/www.opinionpublica.tv\/portada\/wp-content\/uploads\/2019\/08\/52098f716ae89f6b089c4dac86693858-300x187.jpg 300w\" sizes=\"(max-width: 768px) 100vw, 768px\" \/><br \/>\n<!--more--><\/p>\n<p style=\"text-align: justify;\"><em>Ciudad de M\u00e9xico<\/em>.- Contin\u00faan las malas noticias en la industria de la construcci\u00f3n. Durante junio pasado, el valor real de producci\u00f3n de las empresas constructoras present\u00f3 una ca\u00edda de 7.8%, en su comparaci\u00f3n anual, con lo que sum\u00f3 12 meses consecutivos con signo negativo, mientras que el personal ocupado disminuy\u00f3 5.4% y fue el mayor decremento de los \u00faltimos 11 meses en que no ha podido repuntar.<\/p>\n<p style=\"text-align: justify;\">Adem\u00e1s, en el acumulado del primer semestre del a\u00f1o el descenso presentado fue de 5.6%, que es la mayor baja para cualquier a\u00f1o desde el 2009, cuando M\u00e9xico vivi\u00f3 una crisis financiera y cay\u00f3 6.7%, de acuerdo con datos de la Encuesta Nacional de Empresas Constructoras (ENEC), elaborada por el Instituto Nacional de Estad\u00edstica y Geograf\u00eda (Inegi).<\/p>\n<p style=\"text-align: justify;\">La escasez de obra p\u00fablica por restricciones presupuestales y el cambio de personal en el gobierno han ocasionado que el sector tuviera un complejo primer semestre y que cada vez est\u00e1 m\u00e1s lejos de cerrar el 2019 con un crecimiento de 1% estimado recientemente por la C\u00e1mara Mexicana de la Industria de la Construcci\u00f3n (CMIC).<\/p>\n<p style=\"text-align: justify;\">El subsector m\u00e1s afectado en la primera mitad del a\u00f1o, en su variaci\u00f3n anual es el de transporte (carreteras, caminos y puentes, obras ferroviarias o infraestructura mar\u00edtima y fluvial, que representan 22% de la construcci\u00f3n) con una disminuci\u00f3n de 15.7% en su comparaci\u00f3n anual, seguido de agua, riego y saneamiento con la ca\u00edda de 13.3%, mientras que la edificaci\u00f3n (vivienda, edificios industriales, comercio y servicio, escuelas o hospitales), tuvo una afectaci\u00f3n negativa de 5.5 por ciento.<\/p>\n<p style=\"text-align: justify;\">En tanto, el subsector de petr\u00f3leo y petroqu\u00edmica y el de electricidad y telecomunicaciones tuvieron incrementos de 41.2 y 13%, respectivamente, aunque su participaci\u00f3n total en el sector no supera 9 por ciento.<\/p>\n<p style=\"text-align: justify;\">Urge la inversi\u00f3n: CMIC<\/p>\n<p style=\"text-align: justify;\">El resultado de la ENEC volvi\u00f3 a golpear el \u00e1nimo constructor, que hace un mes ya tem\u00edan el cierre de empresas ante la baja actividad.<\/p>\n<p style=\"text-align: justify;\">\u201cDesgraciadamente, las cifras volvieron a ser negativas y se mantienen los focos rojos en la construcci\u00f3n y en todas las ramas industriales que est\u00e1n relacionadas. Siempre en los primeros a\u00f1os de un sexenio la actividad vive un aletargamiento, y en \u00e9ste en particular debemos sumar que las estructuras dentro de la secretar\u00edas y direcciones se cambiaron dr\u00e1sticamente y mucho personal calificado se fue\u201d, coment\u00f3 el presidente de la CMIC, Eduardo Ram\u00edrez.<\/p>\n<p style=\"text-align: justify;\">La p\u00e9rdida de empleos tambi\u00e9n es motivo de preocupaci\u00f3n en la industria. Las cifras del Inegi refieren que, durante junio, en comparaci\u00f3n anual, las horas trabajadas disminuyeron 7.1%, el personal ocupado total 5.4% y las remuneraciones medias reales fueron menores en 0.2 por ciento.<\/p>\n<p style=\"text-align: justify;\">El l\u00edder empresarial, una vez m\u00e1s, urgi\u00f3 al gobierno federal a liberar recursos para el desarrollo de infraestructura cumpliendo con todos los protocolos requeridos con la finalidad de que por las premuras de incentivar la construcci\u00f3n se pasen por alto procedimientos que en el futuro causen complicaciones a los agremiados.<\/p>\n<p style=\"text-align: justify;\">\u201cVivimos un momento complejo porque los grandes proyectos del gobierno no han arrancado y a\u00fan confiamos que cuando se reactive el Aeropuerto de Santa Luc\u00eda podamos tener una participaci\u00f3n. En nuestro inter\u00e9s de colaborar para mejorar la situaci\u00f3n insisto en la necesidad de explorar el modelo de Asociaci\u00f3n P\u00fablico Privada, que por el momento no hay nada. Generando certidumbre y mayor obra p\u00fablica a\u00fan podemos aspirar a que el cierre de a\u00f1o no sea con ca\u00edda\u201d.<\/p>\n<p style=\"text-align: justify;\">En cuanto a los insumos del sector, el Centro de Estudios Econ\u00f3micos del Sector de la Construcci\u00f3n explic\u00f3 que durante el primer semestre del a\u00f1o se observ\u00f3 una tendencia decreciente en el nivel de precios y que en el mes de junio el crecimiento de los precios de la construcci\u00f3n a tasa anual registr\u00f3 un aumento de 3.1%, el nivel m\u00e1s bajo para un mes a tasa anual, desde junio del 2014. (El Economista)<\/p>\n","protected":false},"excerpt":{"rendered":"","protected":false},"author":6,"featured_media":20782,"comment_status":"open","ping_status":"open","sticky":false,"template":"","format":"standard","meta":{"_acf_changed":false,"_monsterinsights_skip_tracking":false,"slim_seo":{"title":"Constructoras tienen su peor primer semestre desde el 2009 - Opini\u00f3n P\u00fablica","description":"Ciudad de M\u00e9xico .- Contin\u00faan las malas noticias en la industria de la construcci\u00f3n. Durante junio pasado, el valor real de producci\u00f3n de las empresas construct"},"footnotes":""},"categories":[9],"tags":[],"class_list":["post-20783","post","type-post","status-publish","format-standard","has-post-thumbnail","hentry","category-nacional"],"acf":[],"_links":{"self":[{"href":"https:\/\/www.opinionpublica.tv\/portada\/wp-json\/wp\/v2\/posts\/20783","targetHints":{"allow":["GET"]}}],"collection":[{"href":"https:\/\/www.opinionpublica.tv\/portada\/wp-json\/wp\/v2\/posts"}],"about":[{"href":"https:\/\/www.opinionpublica.tv\/portada\/wp-json\/wp\/v2\/types\/post"}],"author":[{"embeddable":true,"href":"https:\/\/www.opinionpublica.tv\/portada\/wp-json\/wp\/v2\/users\/6"}],"replies":[{"embeddable":true,"href":"https:\/\/www.opinionpublica.tv\/portada\/wp-json\/wp\/v2\/comments?post=20783"}],"version-history":[{"count":0,"href":"https:\/\/www.opinionpublica.tv\/portada\/wp-json\/wp\/v2\/posts\/20783\/revisions"}],"wp:featuredmedia":[{"embeddable":true,"href":"https:\/\/www.opinionpublica.tv\/portada\/wp-json\/wp\/v2\/media\/20782"}],"wp:attachment":[{"href":"https:\/\/www.opinionpublica.tv\/portada\/wp-json\/wp\/v2\/media?parent=20783"}],"wp:term":[{"taxonomy":"category","embeddable":true,"href":"https:\/\/www.opinionpublica.tv\/portada\/wp-json\/wp\/v2\/categories?post=20783"},{"taxonomy":"post_tag","embeddable":true,"href":"https:\/\/www.opinionpublica.tv\/portada\/wp-json\/wp\/v2\/tags?post=20783"}],"curies":[{"name":"wp","href":"https:\/\/api.w.org\/{rel}","templated":true}]}}