{"id":20775,"date":"2019-08-26T06:00:00","date_gmt":"2019-08-26T04:00:00","guid":{"rendered":"https:\/\/www.opinionpublica.tv\/portada\/2019\/08\/26\/si-fundaran-un-partido-le-llamarian-pri\/"},"modified":"2019-08-26T06:00:00","modified_gmt":"2019-08-26T04:00:00","slug":"si-fundaran-un-partido-le-llamarian-pri","status":"publish","type":"post","link":"https:\/\/www.opinionpublica.tv\/portada\/si-fundaran-un-partido-le-llamarian-pri\/","title":{"rendered":"Si fundaran un partido, \u00bfle llamar\u00edan PRI?"},"content":{"rendered":"<img fetchpriority=\"high\" decoding=\"async\" class=\" size-full wp-image-20774\" src=\"https:\/\/www.opinionpublica.tv\/portada\/wp-content\/uploads\/2019\/08\/ab5e367e5c22b67e891f8803cb79f270.jpg\" alt=\"\" class=\"caption\" title=\"Roy Campos Esquerra.\" width=\"270\" height=\"270\" srcset=\"https:\/\/www.opinionpublica.tv\/portada\/wp-content\/uploads\/2019\/08\/ab5e367e5c22b67e891f8803cb79f270.jpg 270w, https:\/\/www.opinionpublica.tv\/portada\/wp-content\/uploads\/2019\/08\/ab5e367e5c22b67e891f8803cb79f270-150x150.jpg 150w\" sizes=\"(max-width: 270px) 100vw, 270px\" \/>\n<p style=\"text-align: justify;\">La pregunta claramente la pongo pensando en la definici\u00f3n que creo debe de tomar ese partido pol\u00edtico en M\u00e9xico: mantener su nombre o cambiarlo. No soy yo qui\u00e9n debe decidirlo ni votar por una de las opciones, pero puedo opinar, y definitivamente creo que el\u00a0PRI debe cambiar su nombre.<\/p>\n<p><!--more--><\/p>\n<p style=\"text-align: justify;\">Tratar\u00e9 de justificar:<\/p>\n<p style=\"text-align: justify;\">1.- En el mundo entero hemos visto el decrecimiento de los \u00abpartidos tradicionales\u00bb y el surgimiento de \u00abpartidos organizaciones\u00bb con nombres como Nuevas Ideas en El Salvador, Podemos o Ciudadanos en Espa\u00f1a o aqu\u00ed en M\u00e9xico Morena y Movimiento Ciudadano, las dos opciones m\u00e1s exitosas en las \u00faltimas elecciones federales.<\/p>\n<p style=\"text-align: justify;\">2:- El PRI fue desplazado en 2000 de la presidencia por el alto rechazo y la corrupci\u00f3n de sus gobiernos, y no s\u00f3lo perdi\u00f3 esa elecci\u00f3n, sino que en la siguiente fue relegado a un lejano tercer lugar en el que su candidato no pudo triunfar en uno s\u00f3lo de los 32 estados del pa\u00eds.<\/p>\n<p style=\"text-align: justify;\">3.- En 2012 regresa, \u00bfc\u00f3mo explicarlo?<\/p>\n<ol style=\"text-align: justify;\" start=\"2006\">\n<li>a) Conservaron gobiernos locales, lo que hizo un regreso de \u00abafuera hacia adentro\u00bb, los gobernadores se organizaron, mostraron su fuerza y surgi\u00f3 uno de ellos con suficiente popularidad para encabezar el regreso aprovechando dos gobiernos del PAN con malos resultados y el desgaste que aun ten\u00eda la imagen de L\u00f3pez Obrador (que despu\u00e9s se recuper\u00f3) luego de la \u00abtoma de Reforma\u00bb en 2006.<\/li>\n<li>b) El partido en el gobierno 2000-2012 no comparte ideolog\u00eda con el PRI, no se roban grupos grandes de electores y cada quien conserva su base; eso hizo que a pesar de estar disminuido, el PRI mantuviera fuerzas regionales, sociales y gremiales.<\/li>\n<\/ol>\n<p style=\"text-align: justify;\">4.- En 2012 entonces, el ciudadano ante los malos resultados de los gobiernos del PAN, le dio otra oportunidad al PRI que lleg\u00f3 muy fuerte pero antes de dos a\u00f1os inicia una debacle al grado de salir con altos niveles de rechazo, nada que ver con 2000; si alguien pens\u00f3 que el PRI no volver\u00eda despu\u00e9s de 2000, su derrota de 2018 es much\u00edsimas veces peor.<\/p>\n<p style=\"text-align: justify;\">5.- El partido ganador en 2018 defiende todas las banderas que alguna vez enarbol\u00f3 el PRI, los votantes priistas no lo ven ajeno, hay un \u00e9xodo masivo no s\u00f3lo de pol\u00edticos sino de simpatizantes que ven en Morena su nueva opci\u00f3n de lucha, adem\u00e1s en el presidente ven a un luchador de causas sociales como las que el PRI abandon\u00f3 cuando para muchos, incluy\u00e9ndome, se aburgues\u00f3, la expresi\u00f3n PRIAN no s\u00f3lo se refiere a la cercan\u00eda de sus pol\u00edticas sino al perfil de sus candidatos y gobernantes.<\/p>\n<p style=\"text-align: justify;\">6.- Mientras en 2000, al ser desplazado conservaba 19 gobernadores, lleg\u00f3 a bajar hasta 17 y luego volver a subir a 21, siempre tuvo fuerza regional; hoy tiene s\u00f3lo 12 y despu\u00e9s de la elecci\u00f3n de 2021 podr\u00eda reducir ese n\u00famero a seis, cinco, o hasta cuatro ya que en ocho estados en los que hoy gobierna habr\u00e1 elecciones de gobernador y no aparece como favorito como en viejos tiempos.<\/p>\n<p style=\"text-align: justify;\">7.- Las preferencias electorales hoy lo colocan en un d\u00edgito, peleando terceros lugares y sufriendo en estados donde antes arrasaba; este a\u00f1o en los seis estados s\u00f3lo tuvo un desempe\u00f1o respetable en uno de ellos, Durango, donde no pele\u00f3, pero al menos fue segundo lugar estatal, en algunos incluso se acerc\u00f3 m\u00e1s a perder el registro que a ganar.<\/p>\n<p style=\"text-align: justify;\">8.- Como partido arrastra los esc\u00e1ndalos de corrupci\u00f3n de muchos exgobernadores o funcionarios, no basta expulsarlos, para el ciudadano, la imagen del PRI es la imagen del peor de sus militantes, dif\u00edcil luchar contra eso. De esa manera, hoy tiene rechazos rondando a ocho de cada 10.<\/p>\n<p style=\"text-align: justify;\">9.- Las palabras \u00abPartido\u00bb e \u00abinstitucional\u00bb son palabras con significados negativos para la nueva generaci\u00f3n, y el concepto \u00abrevoluci\u00f3n\u00bb ha dejado de tener la importancia que antes ten\u00eda, los dos partidos que tienen esa palabra en su nombre tuvieron resultados p\u00e9simos y est\u00e1n en problemas.<\/p>\n<p style=\"text-align: justify;\">En defensa del nombre:<\/p>\n<p style=\"text-align: justify;\">Si es tan claro, \u00bfpor qu\u00e9 a\u00fan hay voces que lo defienden? S\u00ed hay razones:<\/p>\n<p style=\"text-align: justify;\">1.- Para una buena parte de mexicanos el nombre y la imagen del PRI es parte de su vida, de su costumbre, de su trabajo, no hay duda, pero es una generaci\u00f3n saliente y cada vez m\u00e1s empeque\u00f1ecida, el nombre podr\u00e1 hacer que no lo abandone este grupo, pero evitar\u00e1 que se le acerquen los dem\u00e1s.<\/p>\n<p style=\"text-align: justify;\">2.- Cambiar de nombre es tan peligroso que podr\u00eda hacerlo perder el registro, m\u00e1s vale mantenerlo y asegurarlo que cambiarlo, se pierda identidad y lo ponga en peligro. Esta tal vez es la raz\u00f3n m\u00e1s v\u00e1lida, si quiere \u00abjugar\u00bb al registro, conservar el nombre e imagen es lo correcto, aunque esto le cause tardarse en la fundaci\u00f3n de una opci\u00f3n que alguna vez vuelva a representar algo mayoritario.<\/p>\n<p style=\"text-align: justify;\">Conclusi\u00f3n<\/p>\n<p style=\"text-align: justify;\">Leyendo lo anterior, se me antoja aconsejar:<\/p>\n<p style=\"text-align: justify;\">1.- Modificar su estructura interna, que se vea un partido \u00e1gil y moderno.<\/p>\n<p style=\"text-align: justify;\">2.- Conservar los colores, la bandera sigue siendo atrayente, pero modificar la imagen.<\/p>\n<p style=\"text-align: justify;\">3.- Cambiar el nombre, eliminar las tres palabras y buscar algo que llame a la emoci\u00f3n o al movimiento.<\/p>\n<p style=\"text-align: justify;\">4.- Salir a buscar l\u00edderes naturales, dejar de inventarlos, no quitar a los j\u00f3venes la frescura que tienen encasill\u00e1ndolos en la cultura priista del protocolo y la disciplina.<\/p>\n<p style=\"text-align: justify;\">5.- Hacer campa\u00f1as modernas, eliminando frases como \u00abas\u00ed somos los priistas\u00bb que no denotan sino resistencia a un cambio que ya los rebas\u00f3.<\/p>\n<p style=\"text-align: justify;\">Repito, son consejos, pero conociendo a muchos priistas s\u00e9\u00a0que si llegan a leer esto dir\u00e1n: \u00abT\u00fa no nos conoces, somos muchos y sabemos c\u00f3mo ganar otra vez\u00bb, y tienen raz\u00f3n en la primera parte, no los conozco.<\/p>\n<p style=\"text-align: justify;\">Por \u00faltimo, no me responsabilizo de nada, si le cambian de nombre y pierden el registro yo no dije nada, hagan lo que quieran, yo estoy barnizando.<\/p>\n","protected":false},"excerpt":{"rendered":"<p>La pregunta claramente la pongo pensando en la definici\u00f3n que creo debe de tomar ese partido pol\u00edtico en M\u00e9xico: mantener su nombre o cambiarlo. No soy yo qui\u00e9n debe decidirlo ni votar por una de las opciones, pero puedo opinar, y definitivamente creo que el\u00a0PRI debe cambiar su nombre.<\/p>\n","protected":false},"author":6,"featured_media":20774,"comment_status":"open","ping_status":"open","sticky":false,"template":"","format":"standard","meta":{"_acf_changed":false,"_monsterinsights_skip_tracking":false,"slim_seo":{"title":"Si fundaran un partido, \u00bfle llamar\u00edan PRI? - Opini\u00f3n P\u00fablica","description":"La pregunta claramente la pongo pensando en la definici\u00f3n que creo debe de tomar ese partido pol\u00edtico en M\u00e9xico: mantener su nombre o cambiarlo. No soy yo qui\u00e9n"},"footnotes":""},"categories":[35],"tags":[],"class_list":["post-20775","post","type-post","status-publish","format-standard","has-post-thumbnail","hentry","category-roy-campos-opina"],"acf":[],"_links":{"self":[{"href":"https:\/\/www.opinionpublica.tv\/portada\/wp-json\/wp\/v2\/posts\/20775","targetHints":{"allow":["GET"]}}],"collection":[{"href":"https:\/\/www.opinionpublica.tv\/portada\/wp-json\/wp\/v2\/posts"}],"about":[{"href":"https:\/\/www.opinionpublica.tv\/portada\/wp-json\/wp\/v2\/types\/post"}],"author":[{"embeddable":true,"href":"https:\/\/www.opinionpublica.tv\/portada\/wp-json\/wp\/v2\/users\/6"}],"replies":[{"embeddable":true,"href":"https:\/\/www.opinionpublica.tv\/portada\/wp-json\/wp\/v2\/comments?post=20775"}],"version-history":[{"count":0,"href":"https:\/\/www.opinionpublica.tv\/portada\/wp-json\/wp\/v2\/posts\/20775\/revisions"}],"wp:featuredmedia":[{"embeddable":true,"href":"https:\/\/www.opinionpublica.tv\/portada\/wp-json\/wp\/v2\/media\/20774"}],"wp:attachment":[{"href":"https:\/\/www.opinionpublica.tv\/portada\/wp-json\/wp\/v2\/media?parent=20775"}],"wp:term":[{"taxonomy":"category","embeddable":true,"href":"https:\/\/www.opinionpublica.tv\/portada\/wp-json\/wp\/v2\/categories?post=20775"},{"taxonomy":"post_tag","embeddable":true,"href":"https:\/\/www.opinionpublica.tv\/portada\/wp-json\/wp\/v2\/tags?post=20775"}],"curies":[{"name":"wp","href":"https:\/\/api.w.org\/{rel}","templated":true}]}}