{"id":20769,"date":"2019-08-25T06:00:00","date_gmt":"2019-08-25T04:00:00","guid":{"rendered":"https:\/\/www.opinionpublica.tv\/portada\/2019\/08\/25\/analiza-morena-renunciar-al-75-de-su-presupuesto-de-2019\/"},"modified":"2019-08-25T06:00:00","modified_gmt":"2019-08-25T04:00:00","slug":"analiza-morena-renunciar-al-75-de-su-presupuesto-de-2019","status":"publish","type":"post","link":"https:\/\/www.opinionpublica.tv\/portada\/analiza-morena-renunciar-al-75-de-su-presupuesto-de-2019\/","title":{"rendered":"Analiza Morena renunciar al 75% de su presupuesto de 2019"},"content":{"rendered":"<p><img fetchpriority=\"high\" decoding=\"async\" class=\" size-full wp-image-20768\" src=\"https:\/\/www.opinionpublica.tv\/portada\/wp-content\/uploads\/2019\/08\/fd16c1fe41d1a19de09780e6c5ace661.jpg\" alt=\"\" class=\"caption\" title=\"A Morena le corresponden 1,710 millones de pesos de presupuesto del INE  para el a\u00f1o 2019.\" width=\"900\" height=\"506\" srcset=\"https:\/\/www.opinionpublica.tv\/portada\/wp-content\/uploads\/2019\/08\/fd16c1fe41d1a19de09780e6c5ace661.jpg 900w, https:\/\/www.opinionpublica.tv\/portada\/wp-content\/uploads\/2019\/08\/fd16c1fe41d1a19de09780e6c5ace661-300x169.jpg 300w, https:\/\/www.opinionpublica.tv\/portada\/wp-content\/uploads\/2019\/08\/fd16c1fe41d1a19de09780e6c5ace661-768x432.jpg 768w\" sizes=\"(max-width: 900px) 100vw, 900px\" \/><br \/>\n<!--more--><\/p>\n<p style=\"text-align: justify;\"><em>Ciudad de M\u00e9xico<\/em>.- Morena ya explora con Hacienda y el INE c\u00f3mo renunciar al 75 por ciento de sus prerrogativas para gasto ordinario, por lo que, de concretarse este a\u00f1o, podr\u00eda ordenar la reducci\u00f3n de los 522.4 millones de pesos que le restan por recibir en el \u00faltimo cuatrimestre de este 2019, a 130.6 millones de pesos, es decir, lo equivalente a lo que recibi\u00f3 mensualmente de enero a agosto de este a\u00f1o.<\/p>\n<p style=\"text-align: justify;\">Lo anterior si el partido concreta su promesa a partir de septiembre.<\/p>\n<p style=\"text-align: justify;\">Para lograrlo, deber\u00eda informar en esta semana al INE para que no se le depositen los 130.6 millones que le corresponden en septiembre, ya que el Instituto recibe las prerrogativas de los partidos por parte de Hacienda y los deposita a cada instituto pol\u00edtico en los primeros cinco d\u00edas del mes que inicia.<\/p>\n<p style=\"text-align: justify;\">De mantener esta tendencia para 2020 Morena recibir\u00eda en todo el periodo 427.5 millones de pesos en lugar de los 1,710 millones que le corresponder\u00edan para el a\u00f1o 2019. (Exc\u00e9lsior)<\/p>\n","protected":false},"excerpt":{"rendered":"","protected":false},"author":6,"featured_media":20768,"comment_status":"open","ping_status":"open","sticky":false,"template":"","format":"standard","meta":{"_acf_changed":false,"_monsterinsights_skip_tracking":false,"slim_seo":{"title":"Analiza Morena renunciar al 75% de su presupuesto de 2019 - Opini\u00f3n P\u00fablica","description":"Ciudad de M\u00e9xico .- Morena ya explora con Hacienda y el INE c\u00f3mo renunciar al 75 por ciento de sus prerrogativas para gasto ordinario, por lo que, de concretars"},"footnotes":""},"categories":[9],"tags":[],"class_list":["post-20769","post","type-post","status-publish","format-standard","has-post-thumbnail","hentry","category-nacional"],"acf":[],"_links":{"self":[{"href":"https:\/\/www.opinionpublica.tv\/portada\/wp-json\/wp\/v2\/posts\/20769","targetHints":{"allow":["GET"]}}],"collection":[{"href":"https:\/\/www.opinionpublica.tv\/portada\/wp-json\/wp\/v2\/posts"}],"about":[{"href":"https:\/\/www.opinionpublica.tv\/portada\/wp-json\/wp\/v2\/types\/post"}],"author":[{"embeddable":true,"href":"https:\/\/www.opinionpublica.tv\/portada\/wp-json\/wp\/v2\/users\/6"}],"replies":[{"embeddable":true,"href":"https:\/\/www.opinionpublica.tv\/portada\/wp-json\/wp\/v2\/comments?post=20769"}],"version-history":[{"count":0,"href":"https:\/\/www.opinionpublica.tv\/portada\/wp-json\/wp\/v2\/posts\/20769\/revisions"}],"wp:featuredmedia":[{"embeddable":true,"href":"https:\/\/www.opinionpublica.tv\/portada\/wp-json\/wp\/v2\/media\/20768"}],"wp:attachment":[{"href":"https:\/\/www.opinionpublica.tv\/portada\/wp-json\/wp\/v2\/media?parent=20769"}],"wp:term":[{"taxonomy":"category","embeddable":true,"href":"https:\/\/www.opinionpublica.tv\/portada\/wp-json\/wp\/v2\/categories?post=20769"},{"taxonomy":"post_tag","embeddable":true,"href":"https:\/\/www.opinionpublica.tv\/portada\/wp-json\/wp\/v2\/tags?post=20769"}],"curies":[{"name":"wp","href":"https:\/\/api.w.org\/{rel}","templated":true}]}}