{"id":20704,"date":"2019-08-20T06:00:00","date_gmt":"2019-08-20T04:00:00","guid":{"rendered":"https:\/\/www.opinionpublica.tv\/portada\/2019\/08\/20\/crisis-de-posible-tuberculosis-en-escuela-de-el-paso-tx\/"},"modified":"2019-08-20T06:00:00","modified_gmt":"2019-08-20T04:00:00","slug":"crisis-de-posible-tuberculosis-en-escuela-de-el-paso-tx","status":"publish","type":"post","link":"https:\/\/www.opinionpublica.tv\/portada\/crisis-de-posible-tuberculosis-en-escuela-de-el-paso-tx\/","title":{"rendered":"Crisis por posible tuberculosis en escuela de El Paso, Texas"},"content":{"rendered":"<p><img fetchpriority=\"high\" decoding=\"async\" class=\" size-full wp-image-20703\" src=\"https:\/\/www.opinionpublica.tv\/portada\/wp-content\/uploads\/2019\/08\/9227a67a115205ed574fd3d2f0d90258.jpg\" alt=\"\" class=\"caption\" title=\"La autoridad sanitaria de El Paso Texas ya investiga casos de tuberculosis.\" width=\"500\" height=\"311\" srcset=\"https:\/\/www.opinionpublica.tv\/portada\/wp-content\/uploads\/2019\/08\/9227a67a115205ed574fd3d2f0d90258.jpg 500w, https:\/\/www.opinionpublica.tv\/portada\/wp-content\/uploads\/2019\/08\/9227a67a115205ed574fd3d2f0d90258-300x187.jpg 300w\" sizes=\"(max-width: 500px) 100vw, 500px\" \/><br \/>\n<!--more--><\/p>\n<p style=\"text-align: justify;\"><em>El Paso, Texas, EU<\/em>.- El Departamento de Salud P\u00fablica de la ciudad de El Paso est\u00e1 investigando un posible exposici\u00f3n a tuberculosis (TB) que involucra aproximadamente a 190 personas en Canutillo High School.<\/p>\n<p style=\"text-align: justify;\">En un comunicado, la oficina de Salud P\u00fablica, dio a conocer que enviar\u00e1n cartas a los padres de aquellos ni\u00f1os que pudieron haber tenido contacto cercano con alguien con TB activa.<\/p>\n<p style=\"text-align: justify;\">Como precauci\u00f3n, el Departamento de Salud P\u00fablica recomienda que estas personas sean examinado para detectar la enfermedad a trav\u00e9s de una prueba de extracci\u00f3n de sangre.<\/p>\n<p style=\"text-align: justify;\">\u201cNuestro equipo de prevenci\u00f3n de TB investiga esta enfermedad durante todo el a\u00f1o. Lo que lo hace diferente es el cantidad de posibles exposiciones y la cantidad de pruebas que debemos realizar \u00ab, dijo Robert Resendes, director de Salud P\u00fablica.<\/p>\n<p style=\"text-align: justify;\">Los padres que reciben una carta del Departamento de Salud P\u00fablica y tienen preguntas adicionales pueden llamar al Programa de TB del Departamento de Salud P\u00fablica de la Ciudad de El Paso al 915-212-6609.<\/p>\n<p style=\"text-align: justify;\">La tuberculosis es una enfermedad bacteriana que se adquiere al respirar gotas infectadas de la tos o estornudos de una persona con tuberculosis activa. La tuberculosis no se transmite f\u00e1cilmente. La probabilidad de transmisi\u00f3n aumenta con duraci\u00f3n de la exposici\u00f3n a la tos \/ estornudos de alguien con TB activa. La tuberculosis se puede tratar con antibi\u00f3ticos especiales. (OEM)<\/p>\n","protected":false},"excerpt":{"rendered":"","protected":false},"author":6,"featured_media":20703,"comment_status":"open","ping_status":"open","sticky":false,"template":"","format":"standard","meta":{"_acf_changed":false,"_monsterinsights_skip_tracking":false,"slim_seo":{"title":"Crisis por posible tuberculosis en escuela de El Paso, Texas - Opini\u00f3n P\u00fablica","description":"El Paso, Texas, EU .- El Departamento de Salud P\u00fablica de la ciudad de El Paso est\u00e1 investigando un posible exposici\u00f3n a tuberculosis (TB) que involucra aproxim"},"footnotes":""},"categories":[5],"tags":[],"class_list":["post-20704","post","type-post","status-publish","format-standard","has-post-thumbnail","hentry","category-frontera"],"acf":[],"_links":{"self":[{"href":"https:\/\/www.opinionpublica.tv\/portada\/wp-json\/wp\/v2\/posts\/20704","targetHints":{"allow":["GET"]}}],"collection":[{"href":"https:\/\/www.opinionpublica.tv\/portada\/wp-json\/wp\/v2\/posts"}],"about":[{"href":"https:\/\/www.opinionpublica.tv\/portada\/wp-json\/wp\/v2\/types\/post"}],"author":[{"embeddable":true,"href":"https:\/\/www.opinionpublica.tv\/portada\/wp-json\/wp\/v2\/users\/6"}],"replies":[{"embeddable":true,"href":"https:\/\/www.opinionpublica.tv\/portada\/wp-json\/wp\/v2\/comments?post=20704"}],"version-history":[{"count":0,"href":"https:\/\/www.opinionpublica.tv\/portada\/wp-json\/wp\/v2\/posts\/20704\/revisions"}],"wp:featuredmedia":[{"embeddable":true,"href":"https:\/\/www.opinionpublica.tv\/portada\/wp-json\/wp\/v2\/media\/20703"}],"wp:attachment":[{"href":"https:\/\/www.opinionpublica.tv\/portada\/wp-json\/wp\/v2\/media?parent=20704"}],"wp:term":[{"taxonomy":"category","embeddable":true,"href":"https:\/\/www.opinionpublica.tv\/portada\/wp-json\/wp\/v2\/categories?post=20704"},{"taxonomy":"post_tag","embeddable":true,"href":"https:\/\/www.opinionpublica.tv\/portada\/wp-json\/wp\/v2\/tags?post=20704"}],"curies":[{"name":"wp","href":"https:\/\/api.w.org\/{rel}","templated":true}]}}