{"id":20702,"date":"2019-08-20T06:00:00","date_gmt":"2019-08-20T04:00:00","guid":{"rendered":"https:\/\/www.opinionpublica.tv\/portada\/2019\/08\/20\/han-muerto-48-ninos-en-sierra-tarahumara-por-falta-de-medicamentos\/"},"modified":"2019-08-20T06:00:00","modified_gmt":"2019-08-20T04:00:00","slug":"han-muerto-48-ninos-en-sierra-tarahumara-por-falta-de-medicamentos","status":"publish","type":"post","link":"https:\/\/www.opinionpublica.tv\/portada\/han-muerto-48-ninos-en-sierra-tarahumara-por-falta-de-medicamentos\/","title":{"rendered":"Han muerto 48 ni\u00f1os tarahumaras por falta de medicamentos"},"content":{"rendered":"<p><img fetchpriority=\"high\" decoding=\"async\" class=\" size-full wp-image-20701\" src=\"https:\/\/www.opinionpublica.tv\/portada\/wp-content\/uploads\/2019\/08\/90152e09b0e5be37e0caed8fd392e5ed.jpg\" alt=\"\" class=\"caption\" title=\"La pobreza extrema en la Sierra Tarahumara sigue generando fallecimientos.\" width=\"450\" height=\"298\" srcset=\"https:\/\/www.opinionpublica.tv\/portada\/wp-content\/uploads\/2019\/08\/90152e09b0e5be37e0caed8fd392e5ed.jpg 450w, https:\/\/www.opinionpublica.tv\/portada\/wp-content\/uploads\/2019\/08\/90152e09b0e5be37e0caed8fd392e5ed-300x199.jpg 300w\" sizes=\"(max-width: 450px) 100vw, 450px\" \/><br \/>\n<!--more--><\/p>\n<p style=\"text-align: justify;\"><em>Guachochi, Chih<\/em>.-\u00a0La Jurisdicci\u00f3n Sanitaria de Guachochi y del Centro de Atenci\u00f3n Primaria (CAAPS) solicitaron a los gobiernos federal y estatal atiendan las peticiones por parte de los trabajadores y de la sociedad, los centros de atenci\u00f3n en la zona serrana est\u00e1n desmantelados, no cuentan con insumos, no tienen unidades de transporte para llegar a zonas alejadas, no ah\u00ed en existencia ni medicamento b\u00e1sico.<\/p>\n<p style=\"text-align: justify;\">Las estad\u00edsticas en el a\u00f1o 2019 se\u00f1alan que se dieron 31 muertes en menores de 5 a\u00f1os, las principales causas fueron, diarreas, infecciones respiratorias, desnutrici\u00f3n y perinatales, en lo va del a\u00f1o 2019 se han presentado en las mismas edades 17 muertes por las mismas enfermedades.<\/p>\n<p style=\"text-align: justify;\">Evangelina Gonz\u00e1lez, delegada sindical de CAAPS se\u00f1al\u00f3 que en el ultimo a\u00f1o las mermas, en medicamento, veh\u00edculos, insumos y personal han tra\u00eddo consecuencias que repercuten en los habitantes de la sierra.<\/p>\n<p style=\"text-align: justify;\">Se\u00f1al\u00f3 que una de las situaciones que m\u00e1s preocupa es la muerte en menores, menores de 5 a\u00f1os y beb\u00e9s.<\/p>\n<p style=\"text-align: justify;\">Gonz\u00e1lez mencion\u00f3 que se cuenta con el apoyo de Pablo Serna Molina el l\u00edder nacional del sindicato de los trabajadores de la salud a nivel nacional, quien se encargara de hacer llegar las peticiones a ambos gobiernos y de no atender realizaran paro laboral hasta que se mejoren las condiciones en las se trabajan en la sierra de Chihuahua. (Diario de Chihuahua)<\/p>\n","protected":false},"excerpt":{"rendered":"","protected":false},"author":6,"featured_media":20701,"comment_status":"open","ping_status":"open","sticky":false,"template":"","format":"standard","meta":{"_acf_changed":false,"_monsterinsights_skip_tracking":false,"slim_seo":{"title":"Han muerto 48 ni\u00f1os tarahumaras por falta de medicamentos - Opini\u00f3n P\u00fablica","description":"Guachochi, Chih .-\u00a0La Jurisdicci\u00f3n Sanitaria de Guachochi y del Centro de Atenci\u00f3n Primaria (CAAPS) solicitaron a los gobiernos federal y estatal atiendan las p"},"footnotes":""},"categories":[4],"tags":[],"class_list":["post-20702","post","type-post","status-publish","format-standard","has-post-thumbnail","hentry","category-pulsopolitico"],"acf":[],"_links":{"self":[{"href":"https:\/\/www.opinionpublica.tv\/portada\/wp-json\/wp\/v2\/posts\/20702","targetHints":{"allow":["GET"]}}],"collection":[{"href":"https:\/\/www.opinionpublica.tv\/portada\/wp-json\/wp\/v2\/posts"}],"about":[{"href":"https:\/\/www.opinionpublica.tv\/portada\/wp-json\/wp\/v2\/types\/post"}],"author":[{"embeddable":true,"href":"https:\/\/www.opinionpublica.tv\/portada\/wp-json\/wp\/v2\/users\/6"}],"replies":[{"embeddable":true,"href":"https:\/\/www.opinionpublica.tv\/portada\/wp-json\/wp\/v2\/comments?post=20702"}],"version-history":[{"count":0,"href":"https:\/\/www.opinionpublica.tv\/portada\/wp-json\/wp\/v2\/posts\/20702\/revisions"}],"wp:featuredmedia":[{"embeddable":true,"href":"https:\/\/www.opinionpublica.tv\/portada\/wp-json\/wp\/v2\/media\/20701"}],"wp:attachment":[{"href":"https:\/\/www.opinionpublica.tv\/portada\/wp-json\/wp\/v2\/media?parent=20702"}],"wp:term":[{"taxonomy":"category","embeddable":true,"href":"https:\/\/www.opinionpublica.tv\/portada\/wp-json\/wp\/v2\/categories?post=20702"},{"taxonomy":"post_tag","embeddable":true,"href":"https:\/\/www.opinionpublica.tv\/portada\/wp-json\/wp\/v2\/tags?post=20702"}],"curies":[{"name":"wp","href":"https:\/\/api.w.org\/{rel}","templated":true}]}}