{"id":20692,"date":"2019-08-20T06:00:00","date_gmt":"2019-08-20T04:00:00","guid":{"rendered":"https:\/\/www.opinionpublica.tv\/portada\/2019\/08\/20\/peso-se-ubica-en-su-peor-nivel-en-lo-que-va-del-2019\/"},"modified":"2019-08-20T06:00:00","modified_gmt":"2019-08-20T04:00:00","slug":"peso-se-ubica-en-su-peor-nivel-en-lo-que-va-del-2019","status":"publish","type":"post","link":"https:\/\/www.opinionpublica.tv\/portada\/peso-se-ubica-en-su-peor-nivel-en-lo-que-va-del-2019\/","title":{"rendered":"Peso se ubica en su peor nivel en lo que va del 2019"},"content":{"rendered":"<p><img fetchpriority=\"high\" decoding=\"async\" class=\" size-full wp-image-20691\" src=\"https:\/\/www.opinionpublica.tv\/portada\/wp-content\/uploads\/2019\/08\/dfa6561941334e6f6a2e06bc2d24d3b9.jpg\" alt=\"\" class=\"caption\" title=\"El peso mexicano retrocedi\u00f3 entre enero y agosto de 2019.\" width=\"800\" height=\"420\" srcset=\"https:\/\/www.opinionpublica.tv\/portada\/wp-content\/uploads\/2019\/08\/dfa6561941334e6f6a2e06bc2d24d3b9.jpg 800w, https:\/\/www.opinionpublica.tv\/portada\/wp-content\/uploads\/2019\/08\/dfa6561941334e6f6a2e06bc2d24d3b9-300x158.jpg 300w, https:\/\/www.opinionpublica.tv\/portada\/wp-content\/uploads\/2019\/08\/dfa6561941334e6f6a2e06bc2d24d3b9-768x403.jpg 768w\" sizes=\"(max-width: 800px) 100vw, 800px\" \/><br \/>\n<!--more--><\/p>\n<p style=\"text-align: justify;\"><em>Ciudad de M\u00e9xico<\/em>.- Desde que la Reserva Federal de Estados Unidos (Fed) baj\u00f3 su tasa de inter\u00e9s 25 puntos base a finales del mes pasado, el peso se ha depreciado 4.45% frente al d\u00f3lar.<\/p>\n<p style=\"text-align: justify;\">El tipo de cambio en el mercado al mayoreo cotiz\u00f3 el 31 de julio pasado en 19 pesos por d\u00f3lar.<\/p>\n<p style=\"text-align: justify;\">Ayer la moneda mexicana cerr\u00f3 su cotizaci\u00f3n en 19.8450 pesos por d\u00f3lar, su peor nivel en lo que va del presente a\u00f1o.<\/p>\n<p style=\"text-align: justify;\">Gabriela Siller, directora de an\u00e1lisis econ\u00f3mico en Banco Base, destac\u00f3 que el peso comenz\u00f3 la semana con una depreciaci\u00f3n de 18.4 centavos o 0.94% frente al d\u00f3lar.<\/p>\n<p style=\"text-align: justify;\">\u201cEste comportamiento se debe a una disminuci\u00f3n de la exposici\u00f3n al riesgo en divisas emergentes. Asimismo, en el mercado cambiario se observa un fortalecimiento del d\u00f3lar, debido a la especulaci\u00f3n sobre la pol\u00edtica monetaria de la Reserva Federal\u201d, escribi\u00f3 la experta.<\/p>\n<p style=\"text-align: justify;\">La Fed decidi\u00f3 recortar su tasa de inter\u00e9s de referencia de 2.25 a 2% en su \u00faltima reuni\u00f3n de pol\u00edtica monetaria.<\/p>\n<p style=\"text-align: justify;\">Trump, quien ped\u00eda el inicio de un ciclo de recortes, se dijo insatisfecho por la postura conservadora de la Fed sobre pr\u00f3ximos recortes. Los mercados esperan el pr\u00f3ximo\u00a0 mi\u00e9rcoles la publicaci\u00f3n de las minutas de la Fed.<\/p>\n<p style=\"text-align: justify;\">Gerardo Copca, director de MetAn\u00e1lisis, destac\u00f3 que se espera que, hacia adelante, la moneda mexicana contin\u00fae presionada por la posible pol\u00edtica monetaria del Banco de M\u00e9xico (Banxico) de reducir la tasa de referencia en l\u00ednea con lo que podr\u00eda hacer la Reserva Federal en Estados Unidos.<\/p>\n<p style=\"text-align: justify;\">Expertos de Natixis, uno de los m\u00e1s grandes administradores de fondos del mundo, destacaron recientemente que esperar\u00edan m\u00e1s recortes a los r\u00e9ditos en la Uni\u00f3n Americana, algo que afect\u00f3 a las monedas emergentes.<\/p>\n<p style=\"text-align: justify;\">Despu\u00e9s de la decisi\u00f3n de la Reserva Federal, el Banco de M\u00e9xico recort\u00f3, la semana pasada, su tasa de referencia en 25 puntos base para pasarla de 8.25 a 8 por ciento. Lo anterior, dicen los expertos, incidir\u00e1 negativamente en la valuaci\u00f3n del peso.<\/p>\n<p style=\"text-align: justify;\">Guerra de divisas<\/p>\n<p style=\"text-align: justify;\">Carlos Garc\u00eda, analista senior en Signum Research, agreg\u00f3 que el factor de la guerra comercial entre China y Estados Unidos ha generado que los precios de algunos bienes no luzcan tan atractivos, lo que podr\u00eda detonar una guerra de divisas que afectar\u00eda a la moneda mexicana.<\/p>\n<p style=\"text-align: justify;\">El peso registr\u00f3 este lunes su peor cierre contra el d\u00f3lar en lo que va del 2019. Al terminar las operaciones, el tipo de cambio se ubic\u00f3 en 19.8450 unidades, de acuerdo con Banxico.<\/p>\n<p style=\"text-align: justify;\">El contexto internacional de aversi\u00f3n al riesgo elev\u00f3 al billete verde a un r\u00e9cord para el a\u00f1o.<\/p>\n<p style=\"text-align: justify;\">Esta semana los expertos esperan que la especulaci\u00f3n sobre la moneda mexicana contin\u00fae.<\/p>\n<p style=\"text-align: justify;\">Ma\u00f1ana se publicar\u00e1n las minutas de la \u00faltima reuni\u00f3n del Comit\u00e9 de Mercados Abiertos de la Fed.<\/p>\n<p style=\"text-align: justify;\">Tambi\u00e9n ser\u00e1 la reuni\u00f3n anual de Jackson Hole, evento donde se re\u00fanen los banqueros centrales de Estados Unidos para discutir el camino de la pol\u00edtica monetaria.<\/p>\n<p style=\"text-align: justify;\">Gabriela Siller\u00a0 destac\u00f3 que otro factor que afect\u00f3 la cotizaci\u00f3n de la moneda mexicana es que el Banxico recort\u00f3 \u00fanicamente la tasa de inter\u00e9s en 25 puntos base.<\/p>\n<p style=\"text-align: justify;\">\u201cSi bien el diferencial con respecto a la tasa de la Fed se mantuvo sin cambios, el mercado anticipaba que el recorte fuera hasta la siguiente reuni\u00f3n de pol\u00edtica monetaria. El peso se encuentra operando cerca de sus m\u00e1ximos del a\u00f1o, de 19.88 pesos por d\u00f3lar. Del punto de vista t\u00e9cnico, se observa una se\u00f1al de tendencia alcista\u201d, agreg\u00f3.<\/p>\n<p style=\"text-align: justify;\">Seguir\u00e1 presionado<\/p>\n<p style=\"text-align: justify;\">La experta no descart\u00f3 que el peso cruce la barrera de 20 unidades por d\u00f3lar.<\/p>\n<p style=\"text-align: justify;\">Alfonso Esparza, analista senior de Oanda, un br\u00f3ker de divisas, destac\u00f3 que esperan un peso d\u00e9bil para finales del presente a\u00f1o, presionado por factores externos como la guerra comercial entre Estados Unidos y China, lo que afectar\u00e1 el crecimiento global de la econom\u00eda.<\/p>\n<p style=\"text-align: justify;\">Otro de los elementos que el experto ve que afectar\u00e1n al peso, es Am\u00e9rica Latina y principalmente Argentina que con la depreciaci\u00f3n de su moneda llev\u00f3 al peso mexicano a otro nivel.<\/p>\n<p style=\"text-align: justify;\">Explic\u00f3, desde Toronto, Canad\u00e1, que lo l\u00edquido de la moneda mexicana representa que es una puerta de entrada de los inversionistas que quieren invertir en Am\u00e9rica Latina, y los problema de la regi\u00f3n afectan directamente al peso.<\/p>\n<p style=\"text-align: justify;\">Adem\u00e1s, explic\u00f3 que una baja en el precio del petr\u00f3leo afectar\u00e1 la calificaci\u00f3n de la petrolera mexicana, Petr\u00f3leos Mexicanos (Pemex), entre otras cosas, por lo que esperar\u00eda en un escenario negativo que el peso se ubique en 21.50 unidades por d\u00f3lar para finales del a\u00f1o.<\/p>\n<p style=\"text-align: justify;\">\u201cEn un escenario positivo, no vemos que la moneda mexicana regrese a los niveles de 19 pesos por d\u00f3lar por elementos externos e internos\u201d, dijo Esparza.<\/p>\n<p style=\"text-align: justify;\">Ayer se dio a conocer el dato de inflaci\u00f3n en la zona euro, con una cifra interanual a julio de 1%, inferior a su registro anterior de 1.3 por ciento.<\/p>\n<p style=\"text-align: justify;\">En la comparaci\u00f3n mensual, el dato fue de -0.5% y encendi\u00f3 las alarmas entre los inversionistas tras la ca\u00edda de -0.1% que present\u00f3 el Producto Interno Bruto (PIB) trimestral de Alemania.<\/p>\n<p style=\"text-align: justify;\">En el contexto de guerra comercial entre las dos potencias econ\u00f3micas m\u00e1s grandes, el dato de inflaci\u00f3n en la zona mostr\u00f3 otra consecuencia de la disputa. Los participantes del mercado cambiario se posicionaron sobre el billete verde, que avanz\u00f3 con fuerza contra sus principales cruces y se ubic\u00f3 en su quinto mejor nivel del a\u00f1o.<\/p>\n<p style=\"text-align: justify;\">El peso mexicano cay\u00f3 con fuerza, en l\u00ednea con otras monedas emergentes consideradas activos de riesgo. Con su cierre de 19.8450 unidades, con datos del Banxico, la p\u00e9rdida ascendi\u00f3 a 24.15 centavos contra su registro del viernes de 19.6035 unidades por d\u00f3lar, lo que significa una variaci\u00f3n intrad\u00eda de 1.23 por ciento.<\/p>\n<p style=\"text-align: justify;\">La paridad se desplaz\u00f3 en un rango abierto de casi 30 centavos, con un m\u00ednimo de 19.6093 pesos por d\u00f3lar. En su registro m\u00e1ximo de la jornada alcanz\u00f3 el nivel de 19.9050 unidades por d\u00f3lar y vivi\u00f3 su peor momento en lo que va de 2019. (El Economista)<\/p>\n","protected":false},"excerpt":{"rendered":"","protected":false},"author":6,"featured_media":20691,"comment_status":"open","ping_status":"open","sticky":false,"template":"","format":"standard","meta":{"_acf_changed":false,"_monsterinsights_skip_tracking":false,"slim_seo":{"title":"Peso se ubica en su peor nivel en lo que va del 2019 - Opini\u00f3n P\u00fablica","description":"Ciudad de M\u00e9xico .- Desde que la Reserva Federal de Estados Unidos (Fed) baj\u00f3 su tasa de inter\u00e9s 25 puntos base a finales del mes pasado, el peso se ha deprecia"},"footnotes":""},"categories":[9],"tags":[],"class_list":["post-20692","post","type-post","status-publish","format-standard","has-post-thumbnail","hentry","category-nacional"],"acf":[],"_links":{"self":[{"href":"https:\/\/www.opinionpublica.tv\/portada\/wp-json\/wp\/v2\/posts\/20692","targetHints":{"allow":["GET"]}}],"collection":[{"href":"https:\/\/www.opinionpublica.tv\/portada\/wp-json\/wp\/v2\/posts"}],"about":[{"href":"https:\/\/www.opinionpublica.tv\/portada\/wp-json\/wp\/v2\/types\/post"}],"author":[{"embeddable":true,"href":"https:\/\/www.opinionpublica.tv\/portada\/wp-json\/wp\/v2\/users\/6"}],"replies":[{"embeddable":true,"href":"https:\/\/www.opinionpublica.tv\/portada\/wp-json\/wp\/v2\/comments?post=20692"}],"version-history":[{"count":0,"href":"https:\/\/www.opinionpublica.tv\/portada\/wp-json\/wp\/v2\/posts\/20692\/revisions"}],"wp:featuredmedia":[{"embeddable":true,"href":"https:\/\/www.opinionpublica.tv\/portada\/wp-json\/wp\/v2\/media\/20691"}],"wp:attachment":[{"href":"https:\/\/www.opinionpublica.tv\/portada\/wp-json\/wp\/v2\/media?parent=20692"}],"wp:term":[{"taxonomy":"category","embeddable":true,"href":"https:\/\/www.opinionpublica.tv\/portada\/wp-json\/wp\/v2\/categories?post=20692"},{"taxonomy":"post_tag","embeddable":true,"href":"https:\/\/www.opinionpublica.tv\/portada\/wp-json\/wp\/v2\/tags?post=20692"}],"curies":[{"name":"wp","href":"https:\/\/api.w.org\/{rel}","templated":true}]}}