{"id":20552,"date":"2019-08-08T06:00:00","date_gmt":"2019-08-08T04:00:00","guid":{"rendered":"https:\/\/www.opinionpublica.tv\/portada\/2019\/08\/08\/imputan-a-rosario-robles-desvios-por-mas-de-5-mil-73-mdp\/"},"modified":"2019-08-08T06:00:00","modified_gmt":"2019-08-08T04:00:00","slug":"imputan-a-rosario-robles-desvios-por-mas-de-5-mil-73-mdp","status":"publish","type":"post","link":"https:\/\/www.opinionpublica.tv\/portada\/imputan-a-rosario-robles-desvios-por-mas-de-5-mil-73-mdp\/","title":{"rendered":"Le imputan a Rosario Robles desv\u00edos por m\u00e1s de 5 mil 73 mdp de la &#8216;Estafa Maestra&#8217;"},"content":{"rendered":"<p><img fetchpriority=\"high\" decoding=\"async\" class=\" size-full wp-image-20550\" src=\"https:\/\/www.opinionpublica.tv\/portada\/wp-content\/uploads\/2019\/08\/c0709813a848aa717967cf2e1d3eab15.jpg\" alt=\"\" class=\"caption\" title=\"Rosario Robles Berlanga, ex titular de Sedesol y Sedatu en el gobierno de Pe\u00f1a Nieto.\" width=\"640\" height=\"433\" srcset=\"https:\/\/www.opinionpublica.tv\/portada\/wp-content\/uploads\/2019\/08\/c0709813a848aa717967cf2e1d3eab15.jpg 640w, https:\/\/www.opinionpublica.tv\/portada\/wp-content\/uploads\/2019\/08\/c0709813a848aa717967cf2e1d3eab15-300x203.jpg 300w\" sizes=\"(max-width: 640px) 100vw, 640px\" \/><br \/>\n<!--more--><\/p>\n<p style=\"text-align: justify;\"><em>Ciudad de M\u00e9xico<\/em>.- La Fiscal\u00eda General de la Rep\u00fablica (FGR) imput\u00f3 formalmente a Rosario Robles que ten\u00eda conocimiento de que, tanto en la Secretar\u00eda de Desarrollo Social, as\u00ed como en la de Desarrollo Agrario Territorial y Urbano, hubo desv\u00edos de recursos por\u00a05 mil 73 millones 358 mil 846 pesos\u00a0a trav\u00e9s de 27 convenios con universidades aut\u00f3nomas, polit\u00e9cnicas, as\u00ed como con sistemas de radio y televisi\u00f3n estatales.<\/p>\n<p style=\"text-align: justify;\">Durante el inicio de la audiencia en el Centro de Justicia Penal Federal del Reclusorio Sur, los fiscales acusaron que Robles Berlanga fue omisa al haber sido informada por la\u00a0Auditor\u00eda Superior de la Federaci\u00f3n (ASF)\u00a0sobre las irregularidades presentadas en las dependencias que encabez\u00f3 entre 2012 y 2018 y nunca dec\u00edrselo al presidente Enrique Pe\u00f1a Nieto.<\/p>\n<p style=\"text-align: justify;\">Al inicio de la audiencia, la defensa de la ex funcionaria federal tuvo un primer rev\u00e9s pues buscaba dejar fuera del proceso a la ASF con argumentos legales; sin embargo, el juez de control Felipe de Jes\u00fas Delgadillo concluy\u00f3 que la Auditor\u00eda \u00abs\u00ed tiene facultades para defender a la hacienda p\u00fablica y ser parte de la investigaci\u00f3n y el proceso\u00bb, por lo que se le debe reconocer el car\u00e1cter de ofendido.<\/p>\n<p style=\"text-align: justify;\"><img decoding=\"async\" class=\" size-full wp-image-20551\" src=\"https:\/\/www.opinionpublica.tv\/portada\/wp-content\/uploads\/2019\/08\/chayito2.jpg\" width=\"664\" height=\"498\" srcset=\"https:\/\/www.opinionpublica.tv\/portada\/wp-content\/uploads\/2019\/08\/chayito2.jpg 664w, https:\/\/www.opinionpublica.tv\/portada\/wp-content\/uploads\/2019\/08\/chayito2-300x225.jpg 300w\" sizes=\"(max-width: 664px) 100vw, 664px\" \/><\/p>\n<p style=\"text-align: justify;\">De acuerdo con la versi\u00f3n, le reportaron las anomal\u00edas a\u00f1o con a\u00f1o de 2014 a 2018, sin que hubiera una contra orden para impedirlas.<\/p>\n<p style=\"text-align: justify;\">De hecho, estos tres testigos colaboradores declararon que en una reuni\u00f3n celebrada en junio de 2014 entre funcionarios de la Sedesol con Juan Manuel Portal, entonces titular de la Auditor\u00eda Superior de la Federaci\u00f3n, \u00e9ste le dijo a Robles de los actos de corrupci\u00f3n que hab\u00edan detectado y de los cuales tambi\u00e9n supuestamente fue omisa.<\/p>\n<p style=\"text-align: justify;\">Los testigos son Jos\u00e9 Antolino Orozco Mart\u00ednez, exjefe de la Unidad de Pol\u00edticas, Planeaci\u00f3n y Enlace Institucional; Marcos Salvador Ibarra Infante, exdirector general de Coordinaci\u00f3n de Delegaciones, y Mar\u00eda del Carmen Guti\u00e9rrez Medina, exjefa de la Unidad de Pol\u00edticas, Planeaci\u00f3n y Enlace Institucional en la Sedatu y la desaparecida Sedesol, quienes ya colaboraron con la FGR al haber recibido el beneficio del criterio de oportunidad.<\/p>\n<p style=\"text-align: justify;\">Los fiscales informaron que son 27 los convenios generales o de coordinaci\u00f3n, los contratos particulares y los ap\u00e9ndices que se simularon dentro de esta trama delictiva para desviar los m\u00e1s de 5 mil millones de pesos a trav\u00e9s de universidades p\u00fablicas de Morelos, Quintana Roo, Chiapas e Hidalgo.<\/p>\n<p style=\"text-align: justify;\">Por un momento el equipo legal de Rosario Robles puso en aprietos a la fiscal\u00eda al solicitar con precisi\u00f3n exacta cu\u00e1les y cu\u00e1ntos eran los convenios en los que se involucra a su defendida.<\/p>\n<p style=\"text-align: justify;\">El juez de control decreto un receso de dos horas por lo que ser\u00e1 a las 5 de la tarde cuando se reanude la audiencia inicial de\u00a0Rosario Robles. (Exc\u00e9lsior)<\/p>\n","protected":false},"excerpt":{"rendered":"","protected":false},"author":6,"featured_media":20550,"comment_status":"open","ping_status":"open","sticky":false,"template":"","format":"standard","meta":{"_acf_changed":false,"_monsterinsights_skip_tracking":false,"slim_seo":{"title":"Le imputan a Rosario Robles desv\u00edos por m\u00e1s de 5 mil 73 mdp de la 'Estafa Maestra' - Opini\u00f3n P\u00fablica","description":"Ciudad de M\u00e9xico .- La Fiscal\u00eda General de la Rep\u00fablica (FGR) imput\u00f3 formalmente a Rosario Robles que ten\u00eda conocimiento de que, tanto en la Secretar\u00eda de Desar"},"footnotes":""},"categories":[11],"tags":[],"class_list":["post-20552","post","type-post","status-publish","format-standard","has-post-thumbnail","hentry","category-tendencias"],"acf":[],"_links":{"self":[{"href":"https:\/\/www.opinionpublica.tv\/portada\/wp-json\/wp\/v2\/posts\/20552","targetHints":{"allow":["GET"]}}],"collection":[{"href":"https:\/\/www.opinionpublica.tv\/portada\/wp-json\/wp\/v2\/posts"}],"about":[{"href":"https:\/\/www.opinionpublica.tv\/portada\/wp-json\/wp\/v2\/types\/post"}],"author":[{"embeddable":true,"href":"https:\/\/www.opinionpublica.tv\/portada\/wp-json\/wp\/v2\/users\/6"}],"replies":[{"embeddable":true,"href":"https:\/\/www.opinionpublica.tv\/portada\/wp-json\/wp\/v2\/comments?post=20552"}],"version-history":[{"count":0,"href":"https:\/\/www.opinionpublica.tv\/portada\/wp-json\/wp\/v2\/posts\/20552\/revisions"}],"wp:featuredmedia":[{"embeddable":true,"href":"https:\/\/www.opinionpublica.tv\/portada\/wp-json\/wp\/v2\/media\/20550"}],"wp:attachment":[{"href":"https:\/\/www.opinionpublica.tv\/portada\/wp-json\/wp\/v2\/media?parent=20552"}],"wp:term":[{"taxonomy":"category","embeddable":true,"href":"https:\/\/www.opinionpublica.tv\/portada\/wp-json\/wp\/v2\/categories?post=20552"},{"taxonomy":"post_tag","embeddable":true,"href":"https:\/\/www.opinionpublica.tv\/portada\/wp-json\/wp\/v2\/tags?post=20552"}],"curies":[{"name":"wp","href":"https:\/\/api.w.org\/{rel}","templated":true}]}}