{"id":20549,"date":"2019-08-08T06:00:00","date_gmt":"2019-08-08T04:00:00","guid":{"rendered":"https:\/\/www.opinionpublica.tv\/portada\/2019\/08\/08\/la-madre-del-autor-de-la-masacre-de-el-paso-advirtio-a-la-policia-sobre-el-arma-de-su-hijo\/"},"modified":"2019-08-08T06:00:00","modified_gmt":"2019-08-08T04:00:00","slug":"la-madre-del-autor-de-la-masacre-de-el-paso-advirtio-a-la-policia-sobre-el-arma-de-su-hijo","status":"publish","type":"post","link":"https:\/\/www.opinionpublica.tv\/portada\/la-madre-del-autor-de-la-masacre-de-el-paso-advirtio-a-la-policia-sobre-el-arma-de-su-hijo\/","title":{"rendered":"La madre del autor de la masacre de El Paso advirti\u00f3 a la polic\u00eda sobre la AK47 de su hijo"},"content":{"rendered":"<p><img fetchpriority=\"high\" decoding=\"async\" class=\" size-full wp-image-20545\" src=\"https:\/\/www.opinionpublica.tv\/portada\/wp-content\/uploads\/2019\/08\/032d848f7546521b48ef8d5eea930337.jpg\" alt=\"\" class=\"caption\" title=\"'El asesino de El Paso', Patrick Crusius de 21 a\u00f1os ser\u00e1 juzgado por terrorismo dom\u00e9stico y crimen de odio en EU.\" width=\"575\" height=\"331\" srcset=\"https:\/\/www.opinionpublica.tv\/portada\/wp-content\/uploads\/2019\/08\/032d848f7546521b48ef8d5eea930337.jpg 575w, https:\/\/www.opinionpublica.tv\/portada\/wp-content\/uploads\/2019\/08\/032d848f7546521b48ef8d5eea930337-300x173.jpg 300w\" sizes=\"(max-width: 575px) 100vw, 575px\" \/><br \/>\n<!--more--><\/p>\n<p style=\"text-align: justify;\"><em>Allen Texas, EU<\/em>.- La madre del presunto autor de la matanza de El Paso, Texas, Patrick Crusius, hab\u00eda llamado al Departamento de Polic\u00eda de Allen, Texas, semanas antes del ataque porque le preocupaba que su hijo tuviera un arma de fuego del tipo \u201cAK-47\u201d, seg\u00fan confirmaron los abogados de la familia a la cadena CNN.<\/p>\n<p style=\"text-align: justify;\">La madre contact\u00f3 a la polic\u00eda porque estaba preocupada de que su hijo poseyera el arma dada su edad, nivel de madurez y falta de experiencia en el manejo de armas de fuego, dijeron los abogados Chris Ayres y R. Jack Ayres.<\/p>\n<p style=\"text-align: justify;\">Durante la llamada, la madre fue transferida a un oficial de seguridad p\u00fablica que le dijo que, seg\u00fan su descripci\u00f3n de la situaci\u00f3n, a su hijo, de 21 a\u00f1os, se le permiti\u00f3 legalmente comprar el arma, dijeron los abogados. La madre no proporcion\u00f3 su nombre ni el de su hijo, y la polic\u00eda no busc\u00f3 ninguna informaci\u00f3n adicional antes de que finalizara la llamada, agregaron.<\/p>\n<p style=\"text-align: justify;\"><img decoding=\"async\" class=\" size-full wp-image-20546\" src=\"https:\/\/www.opinionpublica.tv\/portada\/wp-content\/uploads\/2019\/08\/megaloco_2.jpg\" width=\"800\" height=\"450\" srcset=\"https:\/\/www.opinionpublica.tv\/portada\/wp-content\/uploads\/2019\/08\/megaloco_2.jpg 800w, https:\/\/www.opinionpublica.tv\/portada\/wp-content\/uploads\/2019\/08\/megaloco_2-300x169.jpg 300w, https:\/\/www.opinionpublica.tv\/portada\/wp-content\/uploads\/2019\/08\/megaloco_2-768x432.jpg 768w\" sizes=\"(max-width: 800px) 100vw, 800px\" \/><\/p>\n<p style=\"text-align: justify;\">No se sabe si el arma sobre la que la madre pregunt\u00f3 es el arma utilizada en el ataque.<\/p>\n<p style=\"text-align: justify;\">En respuesta a las solicitudes de registros p\u00fablicos de informaci\u00f3n sobre el presunto atacante\u00a0Patrick Crusius, el Departamento de Polic\u00eda de Allen no proporcion\u00f3 informes que documentaran la llamada de la madre.<\/p>\n<p style=\"text-align: justify;\">La polic\u00eda dijo en un comunicado que solo tres incidentes menores \u2014uno, una falsa alarma antirrobo en la casa de la familia, otro cuando Crusius era un pasajero en un autob\u00fas involucrado en un accidente de tr\u00e1fico menor y un tercero cuando se escap\u00f3 de su casa pero regres\u00f3 30 minutos despu\u00e9s\u2014 \u201cson la totalidad de nuestros tratos con el Sr. Crusius, en cualquier capacidad, ya sea sospechoso, testigo, parte informante o de cualquier otra manera\u201d.<\/p>\n<p style=\"text-align: justify;\">Seg\u00fan los abogados de la familia, la investigaci\u00f3n de la madre fue de naturaleza \u201cinformativa\u201d y no fue motivada por la preocupaci\u00f3n de que su hijo representara una amenaza para nadie.<\/p>\n<p style=\"text-align: justify;\">\u201cEste no era un ni\u00f1o vol\u00e1til, explosivo, de comportamiento err\u00e1tico\u201d, dijo Chris Ayres. \u201cNo es como si sonaran las alarmas\u201d.<\/p>\n<p style=\"text-align: justify;\">Los miembros de la familia declinaron hacer m\u00e1s comentarios a trav\u00e9s de sus abogados.<\/p>\n<p style=\"text-align: justify;\"><img decoding=\"async\" class=\" size-full wp-image-20547\" src=\"https:\/\/www.opinionpublica.tv\/portada\/wp-content\/uploads\/2019\/08\/killersote2.png\" width=\"351\" height=\"275\" srcset=\"https:\/\/www.opinionpublica.tv\/portada\/wp-content\/uploads\/2019\/08\/killersote2.png 351w, https:\/\/www.opinionpublica.tv\/portada\/wp-content\/uploads\/2019\/08\/killersote2-300x235.png 300w\" sizes=\"(max-width: 351px) 100vw, 351px\" \/><\/p>\n<p style=\"text-align: justify;\">Crusius era un joven t\u00edpico de alguna manera, confundido sobre su camino en la vida, seg\u00fan otra fuente familiarizada con la familia.<\/p>\n<p style=\"text-align: justify;\">Estaba considerando transferirse a una universidad de cuatro a\u00f1os, alistarse en el Ej\u00e9rcito y buscar un trabajo a tiempo completo. \u201cEstaba tratando de averiguar qu\u00e9 hacer a continuaci\u00f3n\u201d, dijo la fuente. \u201c\u00bfCu\u00e1ndo se desvi\u00f3 su camino? No lo sabemos\u201d, agreg\u00f3 la fuente.<\/p>\n<p style=\"text-align: justify;\">Seg\u00fan la polic\u00eda, Crusius abri\u00f3 fuego el s\u00e1bado pasado en un Walmart de El Paso,\u00a0matando a 22 personas e hiriendo a m\u00e1s de dos docenas m\u00e1s.<\/p>\n<p style=\"text-align: justify;\">Ha sido acusado de asesinato capital y est\u00e1 detenido sin fianza en el centro de detenci\u00f3n del condado de El Paso. El fiscal de distrito Jaime Esparza dijo que su oficina buscar\u00e1 la pena de muerte.<\/p>\n<p style=\"text-align: justify;\">Adem\u00e1s, el fiscal federal John Bash dijo que el Departamento de Justicia est\u00e1 \u201cconsiderando seriamente\u201d presentar cargos federales por delitos de odio y armas de fuego federales.<\/p>\n<p style=\"text-align: justify;\"><img loading=\"lazy\" decoding=\"async\" class=\" size-full wp-image-20548\" src=\"https:\/\/www.opinionpublica.tv\/portada\/wp-content\/uploads\/2019\/08\/kill11.png\" width=\"518\" height=\"341\" srcset=\"https:\/\/www.opinionpublica.tv\/portada\/wp-content\/uploads\/2019\/08\/kill11.png 518w, https:\/\/www.opinionpublica.tv\/portada\/wp-content\/uploads\/2019\/08\/kill11-300x197.png 300w\" sizes=\"(max-width: 518px) 100vw, 518px\" \/><\/p>\n<p style=\"text-align: justify;\">Un manifiesto que proclama puntos de vista nacionalistas y racistas blancos que se cree que fue escrito por\u00a0Crusius fue publicado en 8chan, un tablero de mensajes en l\u00ednea, menos de 20 minutos antes de que llegaran las primeras llamadas al 911. El documento de cuatro p\u00e1ginas critica a los hispanos e\u00a0inmigrantes, culp\u00e1ndolos por quitar trabajos y mezclar culturas en\u00a0Estados Unidos. (CNN)<\/p>\n","protected":false},"excerpt":{"rendered":"","protected":false},"author":6,"featured_media":20545,"comment_status":"open","ping_status":"open","sticky":false,"template":"","format":"standard","meta":{"_acf_changed":false,"_monsterinsights_skip_tracking":false,"slim_seo":{"title":"La madre del autor de la masacre de El Paso advirti\u00f3 a la polic\u00eda sobre la AK47 de su hijo - Opini\u00f3n P\u00fablica","description":"Allen Texas, EU .- La madre del presunto autor de la matanza de El Paso, Texas, Patrick Crusius, hab\u00eda llamado al Departamento de Polic\u00eda de Allen, Texas, seman"},"footnotes":""},"categories":[3],"tags":[],"class_list":["post-20549","post","type-post","status-publish","format-standard","has-post-thumbnail","hentry","category-principal"],"acf":[],"_links":{"self":[{"href":"https:\/\/www.opinionpublica.tv\/portada\/wp-json\/wp\/v2\/posts\/20549","targetHints":{"allow":["GET"]}}],"collection":[{"href":"https:\/\/www.opinionpublica.tv\/portada\/wp-json\/wp\/v2\/posts"}],"about":[{"href":"https:\/\/www.opinionpublica.tv\/portada\/wp-json\/wp\/v2\/types\/post"}],"author":[{"embeddable":true,"href":"https:\/\/www.opinionpublica.tv\/portada\/wp-json\/wp\/v2\/users\/6"}],"replies":[{"embeddable":true,"href":"https:\/\/www.opinionpublica.tv\/portada\/wp-json\/wp\/v2\/comments?post=20549"}],"version-history":[{"count":0,"href":"https:\/\/www.opinionpublica.tv\/portada\/wp-json\/wp\/v2\/posts\/20549\/revisions"}],"wp:featuredmedia":[{"embeddable":true,"href":"https:\/\/www.opinionpublica.tv\/portada\/wp-json\/wp\/v2\/media\/20545"}],"wp:attachment":[{"href":"https:\/\/www.opinionpublica.tv\/portada\/wp-json\/wp\/v2\/media?parent=20549"}],"wp:term":[{"taxonomy":"category","embeddable":true,"href":"https:\/\/www.opinionpublica.tv\/portada\/wp-json\/wp\/v2\/categories?post=20549"},{"taxonomy":"post_tag","embeddable":true,"href":"https:\/\/www.opinionpublica.tv\/portada\/wp-json\/wp\/v2\/tags?post=20549"}],"curies":[{"name":"wp","href":"https:\/\/api.w.org\/{rel}","templated":true}]}}