{"id":20542,"date":"2019-08-08T06:00:00","date_gmt":"2019-08-08T04:00:00","guid":{"rendered":"https:\/\/www.opinionpublica.tv\/portada\/2019\/08\/08\/efemerides-8-de-agosto-3\/"},"modified":"2019-08-08T06:00:00","modified_gmt":"2019-08-08T04:00:00","slug":"efemerides-8-de-agosto-3","status":"publish","type":"post","link":"https:\/\/www.opinionpublica.tv\/portada\/efemerides-8-de-agosto-3\/","title":{"rendered":"Efem\u00e9rides 8 de agosto"},"content":{"rendered":"<img fetchpriority=\"high\" decoding=\"async\" class=\" size-full wp-image-20541\" src=\"https:\/\/www.opinionpublica.tv\/portada\/wp-content\/uploads\/2019\/08\/7d596ff24ec499d8731bb5a807b9e796.jpg\" alt=\"\" class=\"caption\" title=\"Richard Nixon, ex presidente de Estados Unidos.\" width=\"750\" height=\"422\" srcset=\"https:\/\/www.opinionpublica.tv\/portada\/wp-content\/uploads\/2019\/08\/7d596ff24ec499d8731bb5a807b9e796.jpg 750w, https:\/\/www.opinionpublica.tv\/portada\/wp-content\/uploads\/2019\/08\/7d596ff24ec499d8731bb5a807b9e796-300x169.jpg 300w\" sizes=\"(max-width: 750px) 100vw, 750px\" \/>\n<p style=\"text-align: justify;\">Un d\u00eda 8 de agosto como hoy, pero de 1974, dimite el presidente estadounidense Richard Nixon tras destaparse una red de espionaje pol\u00edtico, sobornos y uso ilegal de fondos, en el llamado esc\u00e1ndalo del \u00abWatergate\u00bb. Le sustituy\u00f3 el vicepresidente Gerald Ford.<\/p>\n<p><!--more--><\/p>\n<p style=\"text-align: justify;\"><strong> Otras efem\u00e9rides<\/strong><\/p>\n<p style=\"text-align: justify;\">1588.- Culmina el desastre de la \u00abArmada Invencible\u00bb, enviada por el rey espa\u00f1ol Felipe II contra Inglaterra y derrotada por el enemigo y la tempestad.<\/p>\n<p style=\"text-align: justify;\">1774.- El piloto espa\u00f1ol Juan P\u00e9rez descubre a bordo de la fragata \u00abSantiago\u00bb la costa occidental de Canad\u00e1 y la isla Quadra, hoy Vancouver.<\/p>\n<p style=\"text-align: justify;\">1776.- C\u00e9dula de Carlos III por la que se erige en virreinato la colonia del R\u00edo de la Plata, hoy Argentina, cuyo primer virrey fue el general Pedro Ceballos.<\/p>\n<p style=\"text-align: justify;\">1779.- Una erupci\u00f3n del Vesubio destruye la ciudad italiana de Ottajano.<\/p>\n<p style=\"text-align: justify;\">1785.- Queda establecida en Buenos Aires la Real Audiencia, fundada por c\u00e9dula de 14 de abril de 1783.<\/p>\n<p style=\"text-align: justify;\">1788.- Capitulaci\u00f3n de Luis XVI de Francia y convocatoria de los Estados Generales.<\/p>\n<p style=\"text-align: justify;\">1816.- El patriota colombiano Custodio Garc\u00eda Rovira es fusilado durante el \u00abr\u00e9gimen del terror\u00bb impuesto en Nueva Granada por el general Pablo Morillo para sofocar intentos independentistas.<\/p>\n<p style=\"text-align: justify;\">1863.- Comienza el derribo de las murallas de La Habana para la ampliaci\u00f3n de la ciudad.<\/p>\n<p style=\"text-align: justify;\">1883.- Nace Emiliano Zapata, revolucionario mexicano.<\/p>\n<p style=\"text-align: justify;\">1912.- Una explosi\u00f3n de gris\u00fa en una mina de carb\u00f3n de Bochun (Alemania) causa 320 muertos y numerosos heridos.<\/p>\n<p style=\"text-align: justify;\">1919.- El Tratado de Rawalpindi pone fin a la tercera guerra de Afganist\u00e1n.<\/p>\n<p style=\"text-align: justify;\">1919.- Nace Dino de Laurentis, productor de cine italiano.<\/p>\n<p style=\"text-align: justify;\">1923.- Nace Esther Williams, actriz y nadadora estadounidense.<\/p>\n<p style=\"text-align: justify;\">1925.- Se celebra en Washington el primer congreso nacional del Ku Klux Klan.<\/p>\n<p style=\"text-align: justify;\">1929.- Estalla un movimiento revolucionario en Colombia y se registran graves des\u00f3rdenes en Cartagena y Tolima.<\/p>\n<p style=\"text-align: justify;\">1937.- Nace Jorge Cafrune, cantante argentino.<\/p>\n<p style=\"text-align: justify;\">1937.- Nace Dustin Hoffman, actor estadounidense.<\/p>\n<p style=\"text-align: justify;\">1940.- El Gobierno brit\u00e1nico firma un tratado de cooperaci\u00f3n con el movimiento de la Francia Libre del general De Gaulle.<\/p>\n<p style=\"text-align: justify;\">1945.- II Guerra Mundial: La URSS declara la guerra a Jap\u00f3n.<\/p>\n<p style=\"text-align: justify;\">1949.- El Consejo de Europa admite como nuevos miembros a Turqu\u00eda, Grecia e Islandia.<\/p>\n<p style=\"text-align: justify;\">1959.- Lluvias torrenciales en la isla de Formosa (Taiw\u00e1n), las peores en 70 a\u00f1os, que dejan un balance de m\u00e1s de 2.000 muertos.<\/p>\n<p style=\"text-align: justify;\">1963.- Un grupo organizado asalta el tren de Glasgow y se apodera de 2.631.784 libras esterlinas en el llamado \u00abrobo del siglo\u00bb.<\/p>\n<p style=\"text-align: justify;\">1979.- El pol\u00edtico conservador Walter Guevara es designado presidente provisional de Bolivia.<\/p>\n<p style=\"text-align: justify;\">1983.- Golpe de Estado en Guatemala: El ministro de Defensa, Oscar Mej\u00eda V\u00edctores, se hace con el poder y sustituye al general Efrain R\u00edos Montt.<\/p>\n<p style=\"text-align: justify;\">1988.- La ONU anuncia un alto el fuego entre Ir\u00e1n e Irak tras ocho a\u00f1os de guerra.<\/p>\n<p style=\"text-align: justify;\">1989.- La OLP crea su moneda nacional, la libra palestina.<\/p>\n<p style=\"text-align: justify;\">1990.- Irak proclama la uni\u00f3n \u00abtotal e irreversible\u00bb con Kuwait como 19 provincia, tras invadir el emirato.<\/p>\n<p style=\"text-align: justify;\">1994.- El Gobierno venezolano asume el control del Banco de Venezuela y d\u00e9cima entidad bancaria ese mismo a\u00f1o.<\/p>\n<p style=\"text-align: justify;\">1997.- Muere Paul Rudolph, arquitecto estadounidense modernista.<\/p>\n<p style=\"text-align: justify;\">1999.- El l\u00edder de la ANP, Yaser Arafat, aprueba el plan de paz del primer ministro israel\u00ed, Ehud Barak, para aplicar el acuerdo de Wye Plantation (EEUU).<\/p>\n<p style=\"text-align: justify;\">2000.- La Corte Suprema de Chile retira la inmunidad parlamentaria a Augusto Pinochet.<\/p>\n<p style=\"text-align: justify;\">2003.- Fallece Antonis Samarakis, escritor y pacifista griego.<\/p>\n<p style=\"text-align: justify;\">2005.- La polic\u00eda argentina detiene al serbio Milan Lukic, inculpado por el Tribunal de La Haya por cr\u00edmenes en Bosnia.<\/p>\n<p style=\"text-align: justify;\">2006.- El tif\u00f3n \u00abSaomai\u00bb causa 440 muertos en China en ocho d\u00edas.<\/p>\n<p style=\"text-align: justify;\">2007.- Jura como primer ministro el exguerrillero y primer presidente de Timor Oriental, Xanana Gusmao.<\/p>\n<p style=\"text-align: justify;\">2008.- La banda brit\u00e1nica de rock \u00abThe Police\u00bb se despide de los escenarios con un multitudinario concierto en el Madison Square Garden de Nueva York.<\/p>\n<p style=\"text-align: justify;\">2009.- Entra en vigor en Italia la ley del Gobierno de Silvio Berlusconi que considera delito la inmigraci\u00f3n clandestina y autoriza patrullas callejeras ciudadanas.<\/p>\n<p style=\"text-align: justify;\">2010.- Aludes de lodo y roca, provocados por lluvias torrenciales, sepultan la comarca china de Zhouqu, en la provincia de Gansu, y dejan 1.435 muertos y 330 desaparecidos.<\/p>\n<p style=\"text-align: justify;\">2010.- Muere Patricia Neal, actriz estadounidense.<\/p>\n","protected":false},"excerpt":{"rendered":"<p>Un d\u00eda 8 de agosto como hoy, pero de 1974, dimite el presidente estadounidense Richard Nixon tras destaparse una red de espionaje pol\u00edtico, sobornos y uso ilegal de fondos, en el llamado esc\u00e1ndalo del \u00abWatergate\u00bb. Le sustituy\u00f3 el vicepresidente Gerald Ford.<\/p>\n","protected":false},"author":6,"featured_media":20541,"comment_status":"open","ping_status":"open","sticky":false,"template":"","format":"standard","meta":{"_acf_changed":false,"_monsterinsights_skip_tracking":false,"slim_seo":{"title":"Efem\u00e9rides 8 de agosto - Opini\u00f3n P\u00fablica","description":"Un d\u00eda 8 de agosto como hoy, pero de 1974, dimite el presidente estadounidense Richard Nixon tras destaparse una red de espionaje pol\u00edtico, sobornos y uso ilega"},"footnotes":""},"categories":[27],"tags":[],"class_list":["post-20542","post","type-post","status-publish","format-standard","has-post-thumbnail","hentry","category-un-dia-como-hoy"],"acf":[],"_links":{"self":[{"href":"https:\/\/www.opinionpublica.tv\/portada\/wp-json\/wp\/v2\/posts\/20542","targetHints":{"allow":["GET"]}}],"collection":[{"href":"https:\/\/www.opinionpublica.tv\/portada\/wp-json\/wp\/v2\/posts"}],"about":[{"href":"https:\/\/www.opinionpublica.tv\/portada\/wp-json\/wp\/v2\/types\/post"}],"author":[{"embeddable":true,"href":"https:\/\/www.opinionpublica.tv\/portada\/wp-json\/wp\/v2\/users\/6"}],"replies":[{"embeddable":true,"href":"https:\/\/www.opinionpublica.tv\/portada\/wp-json\/wp\/v2\/comments?post=20542"}],"version-history":[{"count":0,"href":"https:\/\/www.opinionpublica.tv\/portada\/wp-json\/wp\/v2\/posts\/20542\/revisions"}],"wp:featuredmedia":[{"embeddable":true,"href":"https:\/\/www.opinionpublica.tv\/portada\/wp-json\/wp\/v2\/media\/20541"}],"wp:attachment":[{"href":"https:\/\/www.opinionpublica.tv\/portada\/wp-json\/wp\/v2\/media?parent=20542"}],"wp:term":[{"taxonomy":"category","embeddable":true,"href":"https:\/\/www.opinionpublica.tv\/portada\/wp-json\/wp\/v2\/categories?post=20542"},{"taxonomy":"post_tag","embeddable":true,"href":"https:\/\/www.opinionpublica.tv\/portada\/wp-json\/wp\/v2\/tags?post=20542"}],"curies":[{"name":"wp","href":"https:\/\/api.w.org\/{rel}","templated":true}]}}