{"id":20540,"date":"2019-08-07T06:00:00","date_gmt":"2019-08-07T04:00:00","guid":{"rendered":"https:\/\/www.opinionpublica.tv\/portada\/2019\/08\/07\/protestas-y-enfrentamientos-tras-visita-del-presidente-donald-trump-a-el-paso-y-dayton\/"},"modified":"2019-08-07T06:00:00","modified_gmt":"2019-08-07T04:00:00","slug":"protestas-y-enfrentamientos-tras-visita-del-presidente-donald-trump-a-el-paso-y-dayton","status":"publish","type":"post","link":"https:\/\/www.opinionpublica.tv\/portada\/protestas-y-enfrentamientos-tras-visita-del-presidente-donald-trump-a-el-paso-y-dayton\/","title":{"rendered":"Protestas y enfrentamientos tras visita del presidente Donald Trump a El Paso y Dayton"},"content":{"rendered":"<p><img fetchpriority=\"high\" decoding=\"async\" class=\" size-full wp-image-20533\" src=\"https:\/\/www.opinionpublica.tv\/portada\/wp-content\/uploads\/2019\/08\/9ea4272f8d3ebbc078fadcbf9c403252.jpg\" alt=\"\" class=\"caption\" title=\"Donald Trump, presidente de Estados Unidos a su llegada este mi\u00e9rcoles a El Paso, Texas.\" width=\"980\" height=\"617\" srcset=\"https:\/\/www.opinionpublica.tv\/portada\/wp-content\/uploads\/2019\/08\/9ea4272f8d3ebbc078fadcbf9c403252.jpg 980w, https:\/\/www.opinionpublica.tv\/portada\/wp-content\/uploads\/2019\/08\/9ea4272f8d3ebbc078fadcbf9c403252-300x189.jpg 300w, https:\/\/www.opinionpublica.tv\/portada\/wp-content\/uploads\/2019\/08\/9ea4272f8d3ebbc078fadcbf9c403252-768x484.jpg 768w\" sizes=\"(max-width: 980px) 100vw, 980px\" \/><br \/>\n<!--more--><\/p>\n<p style=\"text-align: justify;\"><em>El Paso, Texas, EU<\/em>.- En medio de protestas y enfrentamientos, el presidente Donald Trump y la primera dama Melania Trump visitaron Ohio y El Paso, Texas en la tarde de este mi\u00e9rcoles para visitar a sobrevivientes y familiares de las v\u00edctimas de los tiroteos en ambos lugares.<\/p>\n<p style=\"text-align: justify;\">Despu\u00e9s de la visita a Ohio, el Air Force One aterriz\u00f3 en El Paso y alrededor de las 3:09 pm, Trump y la primera dama, Melania Trump, llegaron al UMC para entrevistarse con pacientes que sobrevivieron al tiroteo del s\u00e1bado que dej\u00f3 22 muertos y 24 heridos, luego que un tirador abriera fuego en la sucursal de Walmart de Cielo Vista.<\/p>\n<p style=\"text-align: justify;\"><img decoding=\"async\" class=\" size-full wp-image-20534\" src=\"https:\/\/www.opinionpublica.tv\/portada\/wp-content\/uploads\/2019\/08\/trumpis_1.jpg\" width=\"980\" height=\"617\" srcset=\"https:\/\/www.opinionpublica.tv\/portada\/wp-content\/uploads\/2019\/08\/trumpis_1.jpg 980w, https:\/\/www.opinionpublica.tv\/portada\/wp-content\/uploads\/2019\/08\/trumpis_1-300x189.jpg 300w, https:\/\/www.opinionpublica.tv\/portada\/wp-content\/uploads\/2019\/08\/trumpis_1-768x484.jpg 768w\" sizes=\"(max-width: 980px) 100vw, 980px\" \/><\/p>\n<p style=\"text-align: justify;\">La caravana presidencial lleg\u00f3 al hospital bajo estrictas medidas de seguridad. Los agentes de la ley llevaban armas largas y algunos ten\u00edan equipo antidisturbios.<\/p>\n<p style=\"text-align: justify;\"><img decoding=\"async\" class=\" size-full wp-image-20535\" src=\"https:\/\/www.opinionpublica.tv\/portada\/wp-content\/uploads\/2019\/08\/trumpep_2.png\" width=\"1440\" height=\"778\" srcset=\"https:\/\/www.opinionpublica.tv\/portada\/wp-content\/uploads\/2019\/08\/trumpep_2.png 1440w, https:\/\/www.opinionpublica.tv\/portada\/wp-content\/uploads\/2019\/08\/trumpep_2-300x162.png 300w, https:\/\/www.opinionpublica.tv\/portada\/wp-content\/uploads\/2019\/08\/trumpep_2-1024x553.png 1024w, https:\/\/www.opinionpublica.tv\/portada\/wp-content\/uploads\/2019\/08\/trumpep_2-768x415.png 768w\" sizes=\"(max-width: 1440px) 100vw, 1440px\" \/><\/p>\n<p style=\"text-align: justify;\">Afuera hab\u00eda dos grupos, tanto de manifestantes en contra de la visita de Trump a El Paso, como de simpatizantes del mandatario, portando cachuchas con el lema \u201cMake America Great Again\u201d.<\/p>\n<p style=\"text-align: justify;\"><img loading=\"lazy\" decoding=\"async\" class=\" size-full wp-image-20536\" src=\"https:\/\/www.opinionpublica.tv\/portada\/wp-content\/uploads\/2019\/08\/trumpis_4.jpg\" width=\"1200\" height=\"900\" srcset=\"https:\/\/www.opinionpublica.tv\/portada\/wp-content\/uploads\/2019\/08\/trumpis_4.jpg 1200w, https:\/\/www.opinionpublica.tv\/portada\/wp-content\/uploads\/2019\/08\/trumpis_4-300x225.jpg 300w, https:\/\/www.opinionpublica.tv\/portada\/wp-content\/uploads\/2019\/08\/trumpis_4-1024x768.jpg 1024w, https:\/\/www.opinionpublica.tv\/portada\/wp-content\/uploads\/2019\/08\/trumpis_4-768x576.jpg 768w\" sizes=\"(max-width: 1200px) 100vw, 1200px\" \/><\/p>\n<p style=\"text-align: justify;\">Algunos dem\u00f3cratas y residentes de El Paso dicen que la ret\u00f3rica ardiente de Trump ha fomentado el tipo de odio antiinmigrante que podr\u00eda haber contribuido al ataque del s\u00e1bado. El presunto pistolero aparentemente escribi\u00f3 una diatriba antihisp\u00e1nica antes del ataque.<\/p>\n<p style=\"text-align: justify;\"><img loading=\"lazy\" decoding=\"async\" class=\" size-full wp-image-20537\" src=\"https:\/\/www.opinionpublica.tv\/portada\/wp-content\/uploads\/2019\/08\/trumpis_6.jpg\" width=\"1200\" height=\"900\" srcset=\"https:\/\/www.opinionpublica.tv\/portada\/wp-content\/uploads\/2019\/08\/trumpis_6.jpg 1200w, https:\/\/www.opinionpublica.tv\/portada\/wp-content\/uploads\/2019\/08\/trumpis_6-300x225.jpg 300w, https:\/\/www.opinionpublica.tv\/portada\/wp-content\/uploads\/2019\/08\/trumpis_6-1024x768.jpg 1024w, https:\/\/www.opinionpublica.tv\/portada\/wp-content\/uploads\/2019\/08\/trumpis_6-768x576.jpg 768w\" sizes=\"(max-width: 1200px) 100vw, 1200px\" \/><\/p>\n<p style=\"text-align: justify;\">A las 4:28 pm, un sargento de la Polic\u00eda de El Paso (EPPD) notific\u00f3 de manera oficial a las personas que esperaban afuera del Centro M\u00e9dico Universitario (UMC) que el presidente de los Estados Unidos, Donald Trump, hab\u00eda abandonado el hospital.<\/p>\n<p style=\"text-align: justify;\"><img loading=\"lazy\" decoding=\"async\" class=\" size-full wp-image-20538\" src=\"https:\/\/www.opinionpublica.tv\/portada\/wp-content\/uploads\/2019\/08\/trumpis_8.jpg\" width=\"664\" height=\"498\" srcset=\"https:\/\/www.opinionpublica.tv\/portada\/wp-content\/uploads\/2019\/08\/trumpis_8.jpg 664w, https:\/\/www.opinionpublica.tv\/portada\/wp-content\/uploads\/2019\/08\/trumpis_8-300x225.jpg 300w\" sizes=\"(max-width: 664px) 100vw, 664px\" \/><\/p>\n<p style=\"text-align: justify;\">Trascendi\u00f3 que el presidente Trump agradeci\u00f3 a los socorristas durante una parada en el Centro de Operaciones de Emergencia de El Paso, pero r\u00e1pidamente cambi\u00f3 su tono y comenz\u00f3 a criticar a Nan Whaley, el alcalde dem\u00f3crata de Dayton, Ohio, y al senador dem\u00f3crata del estado Sherrod Brown.<\/p>\n<p style=\"text-align: justify;\">\u201cNo deber\u00edan estar haciendo politiquer\u00eda hoy. Lo tuve con Sherrod Brown. \u00c9l y el alcalde Nan Whaley pidieron entrar, \u2018\u00bfPodr\u00edamos entrar y hacer la gira con ustedes?\u2019 Le dije: \u2018S\u00ed, hag\u00e1moslo\u2019. No pod\u00edan creer lo que vieron. Y se lo dijeron a la gente. Nunca hab\u00edan visto algo as\u00ed. Todo el hospital, no diferente de lo que ten\u00edamos en El Paso, todo el hospital, era, quiero decir, todo el mundo estaba tan orgullosos del trabajo que hicieron. Porque hicieron un gran trabajo\u201d, dijo Trump.<\/p>\n<p style=\"text-align: justify;\"><img loading=\"lazy\" decoding=\"async\" class=\" size-full wp-image-20539\" src=\"https:\/\/www.opinionpublica.tv\/portada\/wp-content\/uploads\/2019\/08\/trumpis_bye.jpg\" width=\"900\" height=\"519\" srcset=\"https:\/\/www.opinionpublica.tv\/portada\/wp-content\/uploads\/2019\/08\/trumpis_bye.jpg 900w, https:\/\/www.opinionpublica.tv\/portada\/wp-content\/uploads\/2019\/08\/trumpis_bye-300x173.jpg 300w, https:\/\/www.opinionpublica.tv\/portada\/wp-content\/uploads\/2019\/08\/trumpis_bye-768x443.jpg 768w\" sizes=\"(max-width: 900px) 100vw, 900px\" \/><\/p>\n<p style=\"text-align: justify;\">Luego los llam\u00f3 muy deshonestos y dijo: \u201cMe subo al Air Force One donde tienen muchos televisores, enciendo el televisor y all\u00ed dicen: \u2018Bueno, no s\u00e9 si era apropiado que el presidente estuviera aqu\u00ed\u201d.<\/p>\n","protected":false},"excerpt":{"rendered":"","protected":false},"author":6,"featured_media":20533,"comment_status":"open","ping_status":"open","sticky":false,"template":"","format":"standard","meta":{"_acf_changed":false,"_monsterinsights_skip_tracking":false,"slim_seo":{"title":"Protestas y enfrentamientos tras visita del presidente Donald Trump a El Paso y Dayton - Opini\u00f3n P\u00fablica","description":"El Paso, Texas, EU .- En medio de protestas y enfrentamientos, el presidente Donald Trump y la primera dama Melania Trump visitaron Ohio y El Paso, Texas en la"},"footnotes":""},"categories":[3],"tags":[],"class_list":["post-20540","post","type-post","status-publish","format-standard","has-post-thumbnail","hentry","category-principal"],"acf":[],"_links":{"self":[{"href":"https:\/\/www.opinionpublica.tv\/portada\/wp-json\/wp\/v2\/posts\/20540","targetHints":{"allow":["GET"]}}],"collection":[{"href":"https:\/\/www.opinionpublica.tv\/portada\/wp-json\/wp\/v2\/posts"}],"about":[{"href":"https:\/\/www.opinionpublica.tv\/portada\/wp-json\/wp\/v2\/types\/post"}],"author":[{"embeddable":true,"href":"https:\/\/www.opinionpublica.tv\/portada\/wp-json\/wp\/v2\/users\/6"}],"replies":[{"embeddable":true,"href":"https:\/\/www.opinionpublica.tv\/portada\/wp-json\/wp\/v2\/comments?post=20540"}],"version-history":[{"count":0,"href":"https:\/\/www.opinionpublica.tv\/portada\/wp-json\/wp\/v2\/posts\/20540\/revisions"}],"wp:featuredmedia":[{"embeddable":true,"href":"https:\/\/www.opinionpublica.tv\/portada\/wp-json\/wp\/v2\/media\/20533"}],"wp:attachment":[{"href":"https:\/\/www.opinionpublica.tv\/portada\/wp-json\/wp\/v2\/media?parent=20540"}],"wp:term":[{"taxonomy":"category","embeddable":true,"href":"https:\/\/www.opinionpublica.tv\/portada\/wp-json\/wp\/v2\/categories?post=20540"},{"taxonomy":"post_tag","embeddable":true,"href":"https:\/\/www.opinionpublica.tv\/portada\/wp-json\/wp\/v2\/tags?post=20540"}],"curies":[{"name":"wp","href":"https:\/\/api.w.org\/{rel}","templated":true}]}}