{"id":20532,"date":"2019-08-08T06:00:00","date_gmt":"2019-08-08T04:00:00","guid":{"rendered":"https:\/\/www.opinionpublica.tv\/portada\/2019\/08\/08\/ocupa-corral-lugar-27-entre-gobernadores-arias-consultores\/"},"modified":"2019-08-08T06:00:00","modified_gmt":"2019-08-08T04:00:00","slug":"ocupa-corral-lugar-27-entre-gobernadores-arias-consultores","status":"publish","type":"post","link":"https:\/\/www.opinionpublica.tv\/portada\/ocupa-corral-lugar-27-entre-gobernadores-arias-consultores\/","title":{"rendered":"Corral en el lugar 27 entre los gobernadores: Arias Consultores"},"content":{"rendered":"<p><img fetchpriority=\"high\" decoding=\"async\" class=\" size-full wp-image-20531\" src=\"https:\/\/www.opinionpublica.tv\/portada\/wp-content\/uploads\/2019\/08\/0ea09bf8e0b7b738e6f22fd9ce6f8a10.jpg\" alt=\"\" class=\"caption\" title=\"Javier Corral Jurado, gobernador de Chihuahua.\" width=\"1200\" height=\"800\" srcset=\"https:\/\/www.opinionpublica.tv\/portada\/wp-content\/uploads\/2019\/08\/0ea09bf8e0b7b738e6f22fd9ce6f8a10.jpg 1200w, https:\/\/www.opinionpublica.tv\/portada\/wp-content\/uploads\/2019\/08\/0ea09bf8e0b7b738e6f22fd9ce6f8a10-300x200.jpg 300w, https:\/\/www.opinionpublica.tv\/portada\/wp-content\/uploads\/2019\/08\/0ea09bf8e0b7b738e6f22fd9ce6f8a10-1024x683.jpg 1024w, https:\/\/www.opinionpublica.tv\/portada\/wp-content\/uploads\/2019\/08\/0ea09bf8e0b7b738e6f22fd9ce6f8a10-768x512.jpg 768w\" sizes=\"(max-width: 1200px) 100vw, 1200px\" \/><br \/>\n<!--more--><\/p>\n<p style=\"text-align: justify;\"><em>Ciudad de M\u00e9xido<\/em>.- La encuestadora Arias Consultores present\u00f3 la evaluaci\u00f3n a gobernadores julio 2019, en la que el gobernador de Chihuahua Javier Corral Jurado aparece en el lugar 27 con un 14.7 por ciento de aprobaci\u00f3n, 4.3 por ciento de indiferencia y 81 por ciento de desaprobaci\u00f3n.<\/p>\n<p style=\"text-align: justify;\">La encuesta califica a Javier Corral y la relaci\u00f3n el presidente L\u00f3pez Obrador en la que, por primera vez en las evaluaciones de Arias Consultores, el gobernador de Chihuahua pasa del \u00faltimo al pen\u00faltimo lugar en el ranking, quedando por debajo del jalisciense Enrique Alfaro y de Silvano Aureoles de Michoac\u00e1n.<\/p>\n<p style=\"text-align: justify;\">De los 12 mandatarios panistas, el de Chihuahua se encuentra en la posici\u00f3n d\u00e9cima, s\u00f3lo por debajo de Antonio Echevarr\u00eda de Nayarit con un 11 por ciento de aprobaci\u00f3n y Francisco Cabeza de Vaca de Baja California con un 10.3 por ciento.<\/p>\n<p style=\"text-align: justify;\">De las personas que participaron en la encuesta, solamente el 17.1 por ciento manifest\u00f3 que Javier Corral inspira confianza y s\u00f3lo el 18.5 por ciento manifest\u00f3 que existe confianza de invertir por parte de la iniciativa privada.<\/p>\n<p style=\"text-align: justify;\">El 14.3 por ciento dijo que ve mejor\u00edas en la entrega de apoyos estatales para personas de escasos recursos y el 12.8 por ciento asegur\u00f3 observar mejoras en la realizaci\u00f3n de obra p\u00fablica.<\/p>\n<p style=\"text-align: justify;\">A su vez, el 6.2 por ciento de los encuestados manifest\u00f3 que observa mejoras en el sistema de salud, 13.3 por ciento en el turismo y el 17.4 por ciento en la econom\u00eda y generaci\u00f3n de empleo.<\/p>\n<p style=\"text-align: justify;\">Por el combate a la inseguridad, el 2 por ciento refiri\u00f3 que ve una mejora en los \u00edndices delictivos y el 13.8 por ciento dijo que se siente seguro de vivir en Chihuahua, y el 15 por ciento expres\u00f3 ver una reducci\u00f3n en los niveles de corrupci\u00f3n.<\/p>\n","protected":false},"excerpt":{"rendered":"","protected":false},"author":6,"featured_media":20531,"comment_status":"open","ping_status":"open","sticky":false,"template":"","format":"standard","meta":{"_acf_changed":false,"_monsterinsights_skip_tracking":false,"slim_seo":{"title":"Corral en el lugar 27 entre los gobernadores: Arias Consultores - Opini\u00f3n P\u00fablica","description":"Ciudad de M\u00e9xido .- La encuestadora Arias Consultores present\u00f3 la evaluaci\u00f3n a gobernadores julio 2019, en la que el gobernador de Chihuahua Javier Corral Jurad"},"footnotes":""},"categories":[9],"tags":[],"class_list":["post-20532","post","type-post","status-publish","format-standard","has-post-thumbnail","hentry","category-nacional"],"acf":[],"_links":{"self":[{"href":"https:\/\/www.opinionpublica.tv\/portada\/wp-json\/wp\/v2\/posts\/20532","targetHints":{"allow":["GET"]}}],"collection":[{"href":"https:\/\/www.opinionpublica.tv\/portada\/wp-json\/wp\/v2\/posts"}],"about":[{"href":"https:\/\/www.opinionpublica.tv\/portada\/wp-json\/wp\/v2\/types\/post"}],"author":[{"embeddable":true,"href":"https:\/\/www.opinionpublica.tv\/portada\/wp-json\/wp\/v2\/users\/6"}],"replies":[{"embeddable":true,"href":"https:\/\/www.opinionpublica.tv\/portada\/wp-json\/wp\/v2\/comments?post=20532"}],"version-history":[{"count":0,"href":"https:\/\/www.opinionpublica.tv\/portada\/wp-json\/wp\/v2\/posts\/20532\/revisions"}],"wp:featuredmedia":[{"embeddable":true,"href":"https:\/\/www.opinionpublica.tv\/portada\/wp-json\/wp\/v2\/media\/20531"}],"wp:attachment":[{"href":"https:\/\/www.opinionpublica.tv\/portada\/wp-json\/wp\/v2\/media?parent=20532"}],"wp:term":[{"taxonomy":"category","embeddable":true,"href":"https:\/\/www.opinionpublica.tv\/portada\/wp-json\/wp\/v2\/categories?post=20532"},{"taxonomy":"post_tag","embeddable":true,"href":"https:\/\/www.opinionpublica.tv\/portada\/wp-json\/wp\/v2\/tags?post=20532"}],"curies":[{"name":"wp","href":"https:\/\/api.w.org\/{rel}","templated":true}]}}