{"id":20530,"date":"2019-08-07T06:00:00","date_gmt":"2019-08-07T04:00:00","guid":{"rendered":"https:\/\/www.opinionpublica.tv\/portada\/2019\/08\/07\/chiapas-el-estado-mas-pobre-del-pais-en-la-ultima-decada\/"},"modified":"2019-08-07T06:00:00","modified_gmt":"2019-08-07T04:00:00","slug":"chiapas-el-estado-mas-pobre-del-pais-en-la-ultima-decada","status":"publish","type":"post","link":"https:\/\/www.opinionpublica.tv\/portada\/chiapas-el-estado-mas-pobre-del-pais-en-la-ultima-decada\/","title":{"rendered":"Chiapas, el estado m\u00e1s pobre del pa\u00eds en la \u00faltima d\u00e9cada"},"content":{"rendered":"<p><img fetchpriority=\"high\" decoding=\"async\" class=\" size-full wp-image-20529\" src=\"https:\/\/www.opinionpublica.tv\/portada\/wp-content\/uploads\/2019\/08\/f2505baf3fd5d0aaf0952f4ffdc48ea9.jpg\" alt=\"\" class=\"caption\" title=\"Erradicar la pobreza en Chiapas ha sido una promesa jam\u00e1s cumplida por todos los pol\u00edticos.\" width=\"1144\" height=\"645\" srcset=\"https:\/\/www.opinionpublica.tv\/portada\/wp-content\/uploads\/2019\/08\/f2505baf3fd5d0aaf0952f4ffdc48ea9.jpg 1144w, https:\/\/www.opinionpublica.tv\/portada\/wp-content\/uploads\/2019\/08\/f2505baf3fd5d0aaf0952f4ffdc48ea9-300x169.jpg 300w, https:\/\/www.opinionpublica.tv\/portada\/wp-content\/uploads\/2019\/08\/f2505baf3fd5d0aaf0952f4ffdc48ea9-1024x577.jpg 1024w, https:\/\/www.opinionpublica.tv\/portada\/wp-content\/uploads\/2019\/08\/f2505baf3fd5d0aaf0952f4ffdc48ea9-768x433.jpg 768w\" sizes=\"(max-width: 1144px) 100vw, 1144px\" \/><br \/>\n<!--more--><\/p>\n<p style=\"text-align: justify;\"><em>Ciudad de M\u00e9xico<\/em>.- Chiapas ocupa el primer lugar nacional de pobreza en al menos una d\u00e9cada. En este periodo los diferentes gobiernos estatales no lograron reducir el indicador ni siquiera 1 punto porcentual.<\/p>\n<p style=\"text-align: justify;\">En la entidad alrededor de ocho de cada 10 habitantes (76.4%) son pobres, seg\u00fan la cifra actualizada hasta el 2018. Esta proporci\u00f3n es pr\u00e1cticamente igual a la que se registr\u00f3 hace 10 a\u00f1os, cuando 77.0% de la poblaci\u00f3n chiapaneca estaba en situaci\u00f3n de pobreza, lo que implica que durante un decenio las pol\u00edticas p\u00fablicas de desarrollo social no han tenido impacto significativo en el combate a dicho fen\u00f3meno.<\/p>\n<p style=\"text-align: justify;\">Chiapas es la entidad que presenta mayor poblaci\u00f3n en situaci\u00f3n de pobreza extrema multidimensional y por ingresos. En Chiapas \u2014contrario a la tendencia nacional\u2014 hay casi el mismo n\u00famero de pobres moderados que de pobres extremos.<\/p>\n<p style=\"text-align: justify;\">Durante el a\u00f1o pasado se registr\u00f3 que 46.7% de los habitantes se encuentra en pobreza moderada y 29.7%, en pobreza extrema, de acuerdo con datos del Consejo Nacional de Evaluaci\u00f3n de la Pol\u00edtica de Desarrollo Social (Coneval).<\/p>\n<p style=\"text-align: justify;\">Estas cifras dan un panorama m\u00e1s amplio de la pobreza en M\u00e9xico. Desde el 2008 el Coneval comenz\u00f3 a medir la pobreza de manera multidimensional, bajo el argumento de que considerar s\u00f3lo los ingresos de una persona no es par\u00e1metro suficiente para declararla pobre o no pobre. Con la metodolog\u00eda multidimensional un pobre es la persona que tiene al menos una carencia social e ingresos por debajo de la l\u00ednea de bienestar, mientras que un pobre extremo es el que tiene tres o m\u00e1s carencias sociales e ingresos por debajo de la l\u00ednea de bienestar m\u00ednimo.<\/p>\n<p style=\"text-align: justify;\">En el an\u00e1lisis exclusivo por ingresos, la pobreza se acent\u00faa. Chiapas es el \u00fanico de 32 estados en donde m\u00e1s de la mitad de sus habitantes no tiene un ingreso mensual que alcance para cubrir sus necesidades b\u00e1sicas alimentarias.<\/p>\n<p style=\"text-align: justify;\">Por rubros<\/p>\n<p style=\"text-align: justify;\">Aunque el grado de pobreza en Chiapas permanece est\u00e1tico, esta poblaci\u00f3n presenta menos carencias en el 2018 que hace 10 a\u00f1os. En lo que m\u00e1s se avanz\u00f3 fue en el acceso a los servicios de salud p\u00fablica, cuya diferencia es altamente significativa: mientras en el 2008 hab\u00eda 51.1% de habitantes sin acceso a salud, en el 2018 la proporci\u00f3n se redujo a 17.6 por ciento.<\/p>\n<p style=\"text-align: justify;\">Otros avances importantes se presentaron en la vivienda de calidad y en la educaci\u00f3n. En el 2008 al menos cuatro de cada 10 chiapanecos carec\u00edan de viviendas adecuadas, actualmente s\u00f3lo dos de cada 10. Por su parte, la proporci\u00f3n de habitantes con rezago educativo pas\u00f3 de cuatro de cada 10 a tres de cada 10.<\/p>\n<p style=\"text-align: justify;\">Vulnerabilidad<\/p>\n<p style=\"text-align: justify;\">En la econom\u00eda chiapaneca, 76.4% de los habitantes es pobre, mientras el restante 23.6% se divide entre los que son: vulnerables porque tienen algunas carencias, los que son vulnerables por ingresos bajos y los que no son pobres y tampoco vulnerables.<\/p>\n<p style=\"text-align: justify;\">As\u00ed, de la poblaci\u00f3n total del estado de Chiapas, 15.0% no es pobre pero s\u00ed es vulnerable a la pobreza porque no tiene servicios b\u00e1sicos o vivienda adecuada o alimentaci\u00f3n, educaci\u00f3n o seguridad social o servicios de salud. Y 2.5% es vulnerable porque tiene ingresos inferiores a la l\u00ednea del bienestar.<\/p>\n<p style=\"text-align: justify;\">Esta situaci\u00f3n implica que s\u00f3lo 6.0% de la poblaci\u00f3n en Chiapas se encuentra alejada de la pobreza. S\u00f3lo seis de cada 100 habitantes presentan ingresos suficientes para vivir de manera adecuada, con una casa en condiciones habitables, agua, luz, drenaje, alcantarillado, acceso a la salud, a la educaci\u00f3n y un sistema de seguridad social que le permita tener una pensi\u00f3n en el futuro.<\/p>\n<p style=\"text-align: justify;\">Transparencia, necesaria<\/p>\n<p style=\"text-align: justify;\">Para Emmanuel N\u00e1jera de Le\u00f3n, acad\u00e9mico de la Universidad Aut\u00f3noma de Chiapas, la falta de pol\u00edticas p\u00fablicas enfocadas al desarrollo econ\u00f3mico, un clima permanente de inseguridad, y la nula rendici\u00f3n de cuentas por parte de las autoridades locales, son los principales factores que han provocado que Chiapas sea el estado m\u00e1s pobre del pa\u00eds y que su situaci\u00f3n no haya cambiado en la \u00faltima d\u00e9cada.<\/p>\n<p style=\"text-align: justify;\">Indic\u00f3 que el problema reside en que no se han implementado pol\u00edticas p\u00fablicas que busquen un desarrollo econ\u00f3mico en los gobiernos anteriores a la nueva gesti\u00f3n de Rutilio Cruz Escand\u00f3n Cadenas: Juan Sabines Guerrero (8 de diciembre del 2006 al 7 de diciembre del 2012) y Manuel Velasco Coello (8 de diciembre del 2012 a 7 de diciembre del 2018).<\/p>\n<p style=\"text-align: justify;\">En ese sentido, refiri\u00f3 que tampoco se ha desarrollo un verdadero estudio sobre qu\u00e9 actividades econ\u00f3micas tienen mayor potencial en la entidad, y por lo mismo, dijo, no se ha efectuado un plan que contemple proyectos de mediano y corto plazo.<\/p>\n<p style=\"text-align: justify;\">\u201cLo que estamos viendo es que hacen faltas pol\u00edticas p\u00fablicas de corto y mediano plazo y que se monitoree su aplicaci\u00f3n. Tenemos muchos casos en la entidad donde se han establecidos proyectos de crecimiento, pero de un d\u00eda a otro fracasan y esto se debe a que no hay continuidad\u201d, asegur\u00f3.<\/p>\n<p style=\"text-align: justify;\">Por ejemplo, acot\u00f3 el especialista, en el estado se crean casas de estudios enfocadas a capacitar a la poblaci\u00f3n en todo lo relacionado con las actividades manufactureras, \u201cpero de un d\u00eda a otro cierran estos centros o dejan de ir los que capacitan\u201d.<\/p>\n<p style=\"text-align: justify;\">\u201cEl detalle recae en que se debe dar continuidad a los proyectos de desarrollo econ\u00f3mico. Lo mismo ocurre con las obras de infraestructura, hay casos de puentes y caminos no terminados, o de escuelas o centros log\u00edsticos vac\u00edos, abandonados\u201d, destac\u00f3.<\/p>\n<p style=\"text-align: justify;\">El acad\u00e9mico explic\u00f3 que por lo mismo se necesita de manera prioritaria que las autoridades actuales (municipales y estatal) efect\u00faen un ejercicio de rendici\u00f3n de cuentas, ya que es de los cinco estados que m\u00e1s recursos recibe de la Federaci\u00f3n (en los primeros seis meses del a\u00f1o el gasto federalizado ascendi\u00f3 a 45,744 millones de pesos).<\/p>\n<p style=\"text-align: justify;\">\u201cLa ra\u00edz de la falta de desarrollo econ\u00f3mico y de la pobreza actual en Chiapas recae en que por a\u00f1os los gobiernos estatal y municipales no han rendido cuentas, y tampoco han hecho un ejercicio de transparencia de recursos. En ese sentido, el Poder Federal as\u00ed como los diputados y senadores deben pedir rendiciones de cuentas, preguntar qu\u00e9 pas\u00f3 con las administraciones estatales\u201d, subray\u00f3.<\/p>\n<p style=\"text-align: justify;\">Puntualiz\u00f3 que otro factor que impide mermar la pobreza es que Chiapas no cuenta con un Estado de Derecho y por lo mismo, el clima de inseguridad es latente.<\/p>\n<p style=\"text-align: justify;\">\u201cChiapas es un estado con caracter\u00edsticas muy particulares, est\u00e1 en la frontera sur, por lo mismo hay un clima de violencia latente, y tambi\u00e9n dentro de s\u00ed hay territorios con condiciones pol\u00edticas singulares, como los que est\u00e1n custodiados por los zapatistas. Con todo esto la Iniciativa Privada no arriesga sus recursos al ver escenario de violencia\u201d, asever\u00f3.<\/p>\n<p style=\"text-align: justify;\">N\u00e1jera de Le\u00f3n indic\u00f3 que tambi\u00e9n se debe contemplar crear escenarios fiscales que inviten a la inversi\u00f3n, como la zona libre en la frontera norte de M\u00e9xico.<\/p>\n<p style=\"text-align: justify;\">\u201cChiapas ha estado en una par\u00e1lisis econ\u00f3mica permanente porque no se han buscado crear planes o incentivos fiscales que inviten a los empresarios a invertir. De igual forma se debe contemplar desarrollar infraestructura, creaci\u00f3n de puentes y caminos\u201d, sostuvo.<\/p>\n<p style=\"text-align: justify;\">El investigador de la Universidad Aut\u00f3noma de Chiapas conf\u00eda en que el Tren Maya, el principal proyecto del gobierno de Andr\u00e9s Manuel L\u00f3pez Obrador y que contempla a cinco entidades del sureste, genere empleos, aunque aclar\u00f3 que primero debe evaluarse el da\u00f1o ambiental de la obra.<\/p>\n<p style=\"text-align: justify;\">\u201dLas actividades tur\u00edsticas son las que tienen mayor potencial para crecer en el estado, y el proyecto del Tren Maya lo contempla\u201d, concluy\u00f3 el acad\u00e9mico. (El Economista)<\/p>\n","protected":false},"excerpt":{"rendered":"","protected":false},"author":6,"featured_media":20529,"comment_status":"open","ping_status":"open","sticky":false,"template":"","format":"standard","meta":{"_acf_changed":false,"_monsterinsights_skip_tracking":false,"slim_seo":{"title":"Chiapas, el estado m\u00e1s pobre del pa\u00eds en la \u00faltima d\u00e9cada - Opini\u00f3n P\u00fablica","description":"Ciudad de M\u00e9xico .- Chiapas ocupa el primer lugar nacional de pobreza en al menos una d\u00e9cada. En este periodo los diferentes gobiernos estatales no lograron red"},"footnotes":""},"categories":[9],"tags":[],"class_list":["post-20530","post","type-post","status-publish","format-standard","has-post-thumbnail","hentry","category-nacional"],"acf":[],"_links":{"self":[{"href":"https:\/\/www.opinionpublica.tv\/portada\/wp-json\/wp\/v2\/posts\/20530","targetHints":{"allow":["GET"]}}],"collection":[{"href":"https:\/\/www.opinionpublica.tv\/portada\/wp-json\/wp\/v2\/posts"}],"about":[{"href":"https:\/\/www.opinionpublica.tv\/portada\/wp-json\/wp\/v2\/types\/post"}],"author":[{"embeddable":true,"href":"https:\/\/www.opinionpublica.tv\/portada\/wp-json\/wp\/v2\/users\/6"}],"replies":[{"embeddable":true,"href":"https:\/\/www.opinionpublica.tv\/portada\/wp-json\/wp\/v2\/comments?post=20530"}],"version-history":[{"count":0,"href":"https:\/\/www.opinionpublica.tv\/portada\/wp-json\/wp\/v2\/posts\/20530\/revisions"}],"wp:featuredmedia":[{"embeddable":true,"href":"https:\/\/www.opinionpublica.tv\/portada\/wp-json\/wp\/v2\/media\/20529"}],"wp:attachment":[{"href":"https:\/\/www.opinionpublica.tv\/portada\/wp-json\/wp\/v2\/media?parent=20530"}],"wp:term":[{"taxonomy":"category","embeddable":true,"href":"https:\/\/www.opinionpublica.tv\/portada\/wp-json\/wp\/v2\/categories?post=20530"},{"taxonomy":"post_tag","embeddable":true,"href":"https:\/\/www.opinionpublica.tv\/portada\/wp-json\/wp\/v2\/tags?post=20530"}],"curies":[{"name":"wp","href":"https:\/\/api.w.org\/{rel}","templated":true}]}}