{"id":20526,"date":"2019-08-07T06:00:00","date_gmt":"2019-08-07T04:00:00","guid":{"rendered":"https:\/\/www.opinionpublica.tv\/portada\/2019\/08\/07\/entregan-utiles-escolares-a-menores-de-comunidades-indigenas\/"},"modified":"2019-08-07T06:00:00","modified_gmt":"2019-08-07T04:00:00","slug":"entregan-utiles-escolares-a-menores-de-comunidades-indigenas","status":"publish","type":"post","link":"https:\/\/www.opinionpublica.tv\/portada\/entregan-utiles-escolares-a-menores-de-comunidades-indigenas\/","title":{"rendered":"Entregan \u00fatiles a menores de comunidades ind\u00edgenas"},"content":{"rendered":"<p><img fetchpriority=\"high\" decoding=\"async\" class=\" size-full wp-image-20525\" src=\"https:\/\/www.opinionpublica.tv\/portada\/wp-content\/uploads\/2019\/08\/dfe2ba85933d4353e459de71149bd180-scaled.jpg\" alt=\"\" class=\"caption\" title=\"La mayor\u00eda de las ni\u00f1as y ni\u00f1os ind\u00edgenas abandonan sus estudios por hambre.\" width=\"2560\" height=\"1707\" srcset=\"https:\/\/www.opinionpublica.tv\/portada\/wp-content\/uploads\/2019\/08\/dfe2ba85933d4353e459de71149bd180-scaled.jpg 2560w, https:\/\/www.opinionpublica.tv\/portada\/wp-content\/uploads\/2019\/08\/dfe2ba85933d4353e459de71149bd180-300x200.jpg 300w, https:\/\/www.opinionpublica.tv\/portada\/wp-content\/uploads\/2019\/08\/dfe2ba85933d4353e459de71149bd180-1024x683.jpg 1024w, https:\/\/www.opinionpublica.tv\/portada\/wp-content\/uploads\/2019\/08\/dfe2ba85933d4353e459de71149bd180-768x512.jpg 768w, https:\/\/www.opinionpublica.tv\/portada\/wp-content\/uploads\/2019\/08\/dfe2ba85933d4353e459de71149bd180-1536x1024.jpg 1536w, https:\/\/www.opinionpublica.tv\/portada\/wp-content\/uploads\/2019\/08\/dfe2ba85933d4353e459de71149bd180-2048x1365.jpg 2048w\" sizes=\"(max-width: 2560px) 100vw, 2560px\" \/><br \/>\n<!--more--><\/p>\n<p style=\"text-align: justify;\"><em>Chihuahua, Chih<\/em>.- En el marco de la celebraci\u00f3n del D\u00eda Internacional de los Pueblos Ind\u00edgenas, que se conmemora el 9 de agosto, se llev\u00f3 a cabo la entrega de m\u00e1s de 900 \u00fatiles escolares y mochilas a ni\u00f1os y ni\u00f1as de las diferentes comunidades que cursan el nivel b\u00e1sico, a trav\u00e9s de la campa\u00f1a \u201cL\u00e1piz, Papel y Tijeras\u201d.<\/p>\n<p style=\"text-align: justify;\">\u201cEducaci\u00f3n, vivienda y empleo, son las necesidades que m\u00e1s presentan las comunidades, por lo que las estamos apoyando con esta campa\u00f1a que iniciamos hace m\u00e1s de un mes con la donaci\u00f3n de \u00fatiles escolares\u201d, mencion\u00f3 Jes\u00fas Vargas, jefe de divisi\u00f3n de la Comisi\u00f3n Estatal para Pueblos Ind\u00edgenas (COEPI).<\/p>\n<p style=\"text-align: justify;\">La campa\u00f1a organizada por Gobierno del Estado, a trav\u00e9s de la COEPI y la Comisi\u00f3n Estatal de Seguridad (CES), benefici\u00f3 a ni\u00f1as y ni\u00f1os de la comunidad Pur\u00e9pecha, Zapoteca, Mazahua, Chinanteca, N\u00e1huatl, Tarahumara,\u00a0Mixteco y Rar\u00e1muri.<\/p>\n<p style=\"text-align: justify;\">\u201cAgradezco a las diferentes dependencias que estuvieron presentes y a la Comisi\u00f3n de Seguridad, que fue la que estuvo recolectando los \u00fatiles para los ni\u00f1os y ni\u00f1as, es algo muy significativo para nosotros porque est\u00e1n apoyando a nuestros estudiantes\u201d, expres\u00f3 Diana Lozano, integrante de la Red de Pueblos Ind\u00edgenas.<\/p>\n<p style=\"text-align: justify;\">As\u00ed mismo, Jes\u00fas Vargas agreg\u00f3 que se brind\u00f3 una feria de servicios integrales para los pueblos ind\u00edgenas, donde se ofreci\u00f3 atenci\u00f3n de salud alternativa, la unidad de Jurisdicci\u00f3n Sanitaria, demostraci\u00f3n de la Unidad Canina de la CES y antiexplosivos, tr\u00e1mites de p\u00f3liza del Seguro Popular, entre otros m\u00e1s.<\/p>\n","protected":false},"excerpt":{"rendered":"","protected":false},"author":6,"featured_media":20525,"comment_status":"open","ping_status":"open","sticky":false,"template":"","format":"standard","meta":{"_acf_changed":false,"_monsterinsights_skip_tracking":false,"slim_seo":{"title":"Entregan \u00fatiles a menores de comunidades ind\u00edgenas - Opini\u00f3n P\u00fablica","description":"Chihuahua, Chih .- En el marco de la celebraci\u00f3n del D\u00eda Internacional de los Pueblos Ind\u00edgenas, que se conmemora el 9 de agosto, se llev\u00f3 a cabo la entrega de"},"footnotes":""},"categories":[4],"tags":[],"class_list":["post-20526","post","type-post","status-publish","format-standard","has-post-thumbnail","hentry","category-pulsopolitico"],"acf":[],"_links":{"self":[{"href":"https:\/\/www.opinionpublica.tv\/portada\/wp-json\/wp\/v2\/posts\/20526","targetHints":{"allow":["GET"]}}],"collection":[{"href":"https:\/\/www.opinionpublica.tv\/portada\/wp-json\/wp\/v2\/posts"}],"about":[{"href":"https:\/\/www.opinionpublica.tv\/portada\/wp-json\/wp\/v2\/types\/post"}],"author":[{"embeddable":true,"href":"https:\/\/www.opinionpublica.tv\/portada\/wp-json\/wp\/v2\/users\/6"}],"replies":[{"embeddable":true,"href":"https:\/\/www.opinionpublica.tv\/portada\/wp-json\/wp\/v2\/comments?post=20526"}],"version-history":[{"count":0,"href":"https:\/\/www.opinionpublica.tv\/portada\/wp-json\/wp\/v2\/posts\/20526\/revisions"}],"wp:featuredmedia":[{"embeddable":true,"href":"https:\/\/www.opinionpublica.tv\/portada\/wp-json\/wp\/v2\/media\/20525"}],"wp:attachment":[{"href":"https:\/\/www.opinionpublica.tv\/portada\/wp-json\/wp\/v2\/media?parent=20526"}],"wp:term":[{"taxonomy":"category","embeddable":true,"href":"https:\/\/www.opinionpublica.tv\/portada\/wp-json\/wp\/v2\/categories?post=20526"},{"taxonomy":"post_tag","embeddable":true,"href":"https:\/\/www.opinionpublica.tv\/portada\/wp-json\/wp\/v2\/tags?post=20526"}],"curies":[{"name":"wp","href":"https:\/\/api.w.org\/{rel}","templated":true}]}}