{"id":20524,"date":"2019-08-07T06:00:00","date_gmt":"2019-08-07T04:00:00","guid":{"rendered":"https:\/\/www.opinionpublica.tv\/portada\/2019\/08\/07\/gradua-fiscalia-general-del-estado-a-500-policias-y-mp\/"},"modified":"2019-08-07T06:00:00","modified_gmt":"2019-08-07T04:00:00","slug":"gradua-fiscalia-general-del-estado-a-500-policias-y-mp","status":"publish","type":"post","link":"https:\/\/www.opinionpublica.tv\/portada\/gradua-fiscalia-general-del-estado-a-500-policias-y-mp\/","title":{"rendered":"Grad\u00faa Fiscal\u00eda General del Estado a 500 polic\u00edas y MP"},"content":{"rendered":"<p><img fetchpriority=\"high\" decoding=\"async\" class=\" size-full wp-image-20523\" src=\"https:\/\/www.opinionpublica.tv\/portada\/wp-content\/uploads\/2019\/08\/8f9714fff3112d68be6dbe6005ea9449.jpg\" alt=\"\" class=\"caption\" title=\"Los nuevos agentes estatales trabajar\u00e1n en comunidades rurales en su mayor\u00eda.\" width=\"1824\" height=\"1216\" srcset=\"https:\/\/www.opinionpublica.tv\/portada\/wp-content\/uploads\/2019\/08\/8f9714fff3112d68be6dbe6005ea9449.jpg 1824w, https:\/\/www.opinionpublica.tv\/portada\/wp-content\/uploads\/2019\/08\/8f9714fff3112d68be6dbe6005ea9449-300x200.jpg 300w, https:\/\/www.opinionpublica.tv\/portada\/wp-content\/uploads\/2019\/08\/8f9714fff3112d68be6dbe6005ea9449-1024x683.jpg 1024w, https:\/\/www.opinionpublica.tv\/portada\/wp-content\/uploads\/2019\/08\/8f9714fff3112d68be6dbe6005ea9449-768x512.jpg 768w, https:\/\/www.opinionpublica.tv\/portada\/wp-content\/uploads\/2019\/08\/8f9714fff3112d68be6dbe6005ea9449-1536x1024.jpg 1536w\" sizes=\"(max-width: 1824px) 100vw, 1824px\" \/><br \/>\n<!--more--><\/p>\n<p style=\"text-align: justify;\"><em>Chihuahua, Chih<\/em>.- El gobernador Javier Corral encabez\u00f3 la ceremonia de graduaci\u00f3n de los 500 elementos que integran la Generaci\u00f3n 2019 de cadetes de la Fiscal\u00eda General del Estado y destac\u00f3 la apuesta que el Gobierno del Estado mantiene por la profesionalizaci\u00f3n, capacitaci\u00f3n y dignificaci\u00f3n de los elementos de las corporaciones policiacas, tanto estatales como municipales.<\/p>\n<p style=\"text-align: justify;\">Los graduados pertenecen a las divisiones de Polic\u00eda Preventivo Estatal, Analista de Informaci\u00f3n Criminal, Polic\u00eda de Investigaci\u00f3n, Agente de Ministerio P\u00fablico, Polic\u00eda Preventivo Estatal de Vialidad, y los elementos capacitados como Polic\u00eda Preventivo Municipal para las localidades de Aldama, Allende, Aquiles Serd\u00e1n, Bocoyna, Camargo, Cusihuiriachi, Guachochi, Julimes, La Cruz, Meoqui, Rosales, Santa B\u00e1rbara, Santa Isabel, Satev\u00f3, Saucillo y Tem\u00f3sachi.<\/p>\n<p style=\"text-align: justify;\">En evento realizado en Expo Chihuahua, el mandatario estatal expres\u00f3 que este d\u00eda los graduandos ven coronada la primera etapa de su formaci\u00f3n, para luego dedicarse a una de las labores m\u00e1s complejas, pero tambi\u00e9n m\u00e1s nobles, con una solidaridad social en el cuidado de los dem\u00e1s y para la investigaci\u00f3n de los delitos y la persecuci\u00f3n de los delincuentes.<\/p>\n<p style=\"text-align: justify;\">Corral dio a conocer que tambi\u00e9n se aprovech\u00f3 para apoyar a diferentes municipios en la regularizaci\u00f3n de sus cuerpos de Seguridad P\u00fablica a quienes sin costo alguno, se les impartieron cursos de Formaci\u00f3n Inicial para que \u00e9stos se encuentren en posibilidades de obtener el Certificado \u00danico Policial (CUP) exigido para la totalidad de los elementos policiales en el pa\u00eds, como parte de los lineamientos establecidos por el Consejo Nacional de Seguridad P\u00fablica desde el a\u00f1o 2016.<\/p>\n<p style=\"text-align: justify;\">Por su parte, el fiscal general del Estado, C\u00e9sar Augusto Peniche Espejel, se\u00f1al\u00f3 que el reto es formar mejores elementos, compromiso que se asume con seriedad y entusiasmo, como lo muestra que Chihuahua es ejemplo a seguir en muchos aspectos, gracias a la consolidaci\u00f3n del proceso penal acusatorio.<\/p>\n","protected":false},"excerpt":{"rendered":"","protected":false},"author":6,"featured_media":20523,"comment_status":"open","ping_status":"open","sticky":false,"template":"","format":"standard","meta":{"_acf_changed":false,"_monsterinsights_skip_tracking":false,"slim_seo":{"title":"Grad\u00faa Fiscal\u00eda General del Estado a 500 polic\u00edas y MP - Opini\u00f3n P\u00fablica","description":"Chihuahua, Chih .- El gobernador Javier Corral encabez\u00f3 la ceremonia de graduaci\u00f3n de los 500 elementos que integran la Generaci\u00f3n 2019 de cadetes de la Fiscal\u00ed"},"footnotes":""},"categories":[4],"tags":[],"class_list":["post-20524","post","type-post","status-publish","format-standard","has-post-thumbnail","hentry","category-pulsopolitico"],"acf":[],"_links":{"self":[{"href":"https:\/\/www.opinionpublica.tv\/portada\/wp-json\/wp\/v2\/posts\/20524","targetHints":{"allow":["GET"]}}],"collection":[{"href":"https:\/\/www.opinionpublica.tv\/portada\/wp-json\/wp\/v2\/posts"}],"about":[{"href":"https:\/\/www.opinionpublica.tv\/portada\/wp-json\/wp\/v2\/types\/post"}],"author":[{"embeddable":true,"href":"https:\/\/www.opinionpublica.tv\/portada\/wp-json\/wp\/v2\/users\/6"}],"replies":[{"embeddable":true,"href":"https:\/\/www.opinionpublica.tv\/portada\/wp-json\/wp\/v2\/comments?post=20524"}],"version-history":[{"count":0,"href":"https:\/\/www.opinionpublica.tv\/portada\/wp-json\/wp\/v2\/posts\/20524\/revisions"}],"wp:featuredmedia":[{"embeddable":true,"href":"https:\/\/www.opinionpublica.tv\/portada\/wp-json\/wp\/v2\/media\/20523"}],"wp:attachment":[{"href":"https:\/\/www.opinionpublica.tv\/portada\/wp-json\/wp\/v2\/media?parent=20524"}],"wp:term":[{"taxonomy":"category","embeddable":true,"href":"https:\/\/www.opinionpublica.tv\/portada\/wp-json\/wp\/v2\/categories?post=20524"},{"taxonomy":"post_tag","embeddable":true,"href":"https:\/\/www.opinionpublica.tv\/portada\/wp-json\/wp\/v2\/tags?post=20524"}],"curies":[{"name":"wp","href":"https:\/\/api.w.org\/{rel}","templated":true}]}}