{"id":20518,"date":"2019-08-06T06:00:00","date_gmt":"2019-08-06T04:00:00","guid":{"rendered":"https:\/\/www.opinionpublica.tv\/portada\/2019\/08\/06\/guerra-racial\/"},"modified":"2019-08-06T06:00:00","modified_gmt":"2019-08-06T04:00:00","slug":"guerra-racial","status":"publish","type":"post","link":"https:\/\/www.opinionpublica.tv\/portada\/guerra-racial\/","title":{"rendered":"Guerra racial"},"content":{"rendered":"<img fetchpriority=\"high\" decoding=\"async\" class=\" size-full wp-image-20517\" src=\"https:\/\/www.opinionpublica.tv\/portada\/wp-content\/uploads\/2019\/08\/8918e4d13f0ad0d6924699d04b2b4cb6.jpg\" alt=\"\" class=\"caption\" title=\"Carlos Fernando Angulo Parra.\" width=\"270\" height=\"270\" srcset=\"https:\/\/www.opinionpublica.tv\/portada\/wp-content\/uploads\/2019\/08\/8918e4d13f0ad0d6924699d04b2b4cb6.jpg 270w, https:\/\/www.opinionpublica.tv\/portada\/wp-content\/uploads\/2019\/08\/8918e4d13f0ad0d6924699d04b2b4cb6-150x150.jpg 150w\" sizes=\"(max-width: 270px) 100vw, 270px\" \/>\n<p style=\"text-align: justify;\">Siendo el autor originario de Ciudad Ju\u00e1rez, Chihuahua, habiendo vivido ah\u00ed la mayor parte de mi vida, tengo una raz\u00f3n obligada de expresar mis ideas sobre el terrible suceso acontecido esta semana en nuestra ciudad hermana de El Paso.<\/p>\n<p><!--more--><\/p>\n<p style=\"text-align: justify;\">Primeramente, quiero mencionar importantes datos de nuestra \u00e1rea com\u00fan. Las primeras comunidades humanas que vivieron en nuestra regi\u00f3n fueron nuestros ancestros, los indios apaches, a quienes despu\u00e9s de la llegada los espa\u00f1oles, que tambi\u00e9n son nuestros ancestros, les llamaron indios \u201cmansos\u201d, ya que acordaron la paz con los espa\u00f1oles y se dedicaron a la agricultura en las m\u00e1rgenes del r\u00edo.<\/p>\n<p style=\"text-align: justify;\">Nuestra comunidad se desarroll\u00f3 en las m\u00e1rgenes del lado Sur del Rio Bravo, tambi\u00e9n llamado como R\u00edo Grande del Norte. En el lado Norte, despu\u00e9s de la p\u00e9rdida del territorio nacional a los Estados Unidos, se desarroll\u00f3 una comunidad llamada Franklin, Texas, no por honrar al pr\u00f3cer estadounidense Benjam\u00edn Franklin, sino por el nombre del propietario de un gran rancho texano de apellido Franklin.<\/p>\n<p style=\"text-align: justify;\">A partir de la independencia de M\u00e9xico, el lado Sur del R\u00edo Bravo empez\u00f3 a crecer, y a partir de la conclusi\u00f3n de la guerra de secesi\u00f3n de los Estados Unidos se desarroll\u00f3 el lado Norte, ya estadounidense, hasta que ambas ciudades crecieron enormemente, componiendo ahora una comunidad de m\u00e1s 2,500,000 habitantes, siendo uno de los centros de desarrollo industrial y comercial fronterizo m\u00e1s grandes del mundo.<\/p>\n<p style=\"text-align: justify;\">La caracter\u00edstica demogr\u00e1fica de El Paso tiene la peculiaridad de ser, conforme al tama\u00f1o de su poblaci\u00f3n, una de las ciudades m\u00e1s pobladas de hispanos de los Estados Unidos, con alrededor del 80%.<\/p>\n<p style=\"text-align: justify;\">Adem\u00e1s, El Paso, curiosamente contrasta con su vecina Ciudad Ju\u00e1rez, de ser una de las ciudades con menores \u00edndices de inseguridad en Estados Unidos, cuando el Municipio de Ju\u00e1rez en el Estado de Chihuahua, llego a ser el m\u00e1s inseguro de M\u00e9xico hace 10 a\u00f1os.<\/p>\n<p style=\"text-align: justify;\">Aunque este \u00faltimo municipio ha reducido dr\u00e1sticamente los niveles de inseguridad existentes y ahora est\u00e1 cerca de la media nacional, ha sido muy impactante que en El Paso, haya habido una matanza masiva ocasionada por una persona que viaj\u00f3 dese cerca del \u00e1rea de Dallas, Texas, m\u00e1s de 1,000 kil\u00f3metros con el \u00fanico fin de cometer esta atrocidad, de donde resultaron muertos, hasta ahora, 22 personas y 24 heridos, en un supermercado de Walmart, concurrido por m\u00e1s de 3,000 personas de mayor\u00eda de origen hispano.<\/p>\n<p style=\"text-align: justify;\">El asesino que se entreg\u00f3 voluntariamente a las autoridades sin que hubiera mediado un solo disparo, parece ser que public\u00f3 una especie de \u201cmanifiesto\u201d lleno de odio a lo que \u00e9l llam\u00f3 una \u201cinvasi\u00f3n hispana de Texas\u201d. En este manifiesto que a\u00fan est\u00e1 en proceso de ser autenticado como proveniente del asesino, se hacen un sinn\u00famero de aseveraciones de tipo racial que emulan a los nazis del Siglo XX.<\/p>\n<p style=\"text-align: justify;\">En conclusi\u00f3n, este tipo de homicidios masivos dista mucho de los homicidios existentes en M\u00e9xico, que, sin hacer apolog\u00eda de estos, ni con un af\u00e1n de minimizar lo inhumano de los mismos, son distintos. Primero, porque no van dirigidos espec\u00edficamente a ninguna raza ni a crear terrorismo, sino que son consecuencia principal de guerras entre carteles y pandillas ligadas al narcotr\u00e1fico, y no dirigidas hacia la ciudadan\u00eda en general, aunque s\u00ed existen consecuencias de los feamente llamados \u201cda\u00f1os colaterales\u201d en donde gente inocente que no est\u00e1 involucrada en el narcotr\u00e1fico es afectada.<\/p>\n<p style=\"text-align: justify;\">Ahora, m\u00e1s que nunca, debemos ser solidarios en apoyar que haya presi\u00f3n hacia las autoridades estadounidenses en que se impongan restricciones en el uso de armas de asalto que en pocos segundos producen p\u00e9rdidas de m\u00faltiples vidas humanas, y que haya un control efectivo de la exportaci\u00f3n de las mismas hacia M\u00e9xico. Pero, sobre todo, que el odio racial en los Estados Unidos no se propague por motivos electorales, ya que ello puede generar una aut\u00e9ntica guerra racial que Dios nos libre de caer en ella.<\/p>\n","protected":false},"excerpt":{"rendered":"<p>Siendo el autor originario de Ciudad Ju\u00e1rez, Chihuahua, habiendo vivido ah\u00ed la mayor parte de mi vida, tengo una raz\u00f3n obligada de expresar mis ideas sobre el terrible suceso acontecido esta semana en nuestra ciudad hermana de El Paso.<\/p>\n","protected":false},"author":6,"featured_media":20517,"comment_status":"open","ping_status":"open","sticky":false,"template":"","format":"standard","meta":{"_acf_changed":false,"_monsterinsights_skip_tracking":false,"slim_seo":{"title":"Guerra racial - Opini\u00f3n P\u00fablica","description":"Siendo el autor originario de Ciudad Ju\u00e1rez, Chihuahua, habiendo vivido ah\u00ed la mayor parte de mi vida, tengo una raz\u00f3n obligada de expresar mis ideas sobre el t"},"footnotes":""},"categories":[17],"tags":[],"class_list":["post-20518","post","type-post","status-publish","format-standard","has-post-thumbnail","hentry","category-ultima-instancia"],"acf":[],"_links":{"self":[{"href":"https:\/\/www.opinionpublica.tv\/portada\/wp-json\/wp\/v2\/posts\/20518","targetHints":{"allow":["GET"]}}],"collection":[{"href":"https:\/\/www.opinionpublica.tv\/portada\/wp-json\/wp\/v2\/posts"}],"about":[{"href":"https:\/\/www.opinionpublica.tv\/portada\/wp-json\/wp\/v2\/types\/post"}],"author":[{"embeddable":true,"href":"https:\/\/www.opinionpublica.tv\/portada\/wp-json\/wp\/v2\/users\/6"}],"replies":[{"embeddable":true,"href":"https:\/\/www.opinionpublica.tv\/portada\/wp-json\/wp\/v2\/comments?post=20518"}],"version-history":[{"count":0,"href":"https:\/\/www.opinionpublica.tv\/portada\/wp-json\/wp\/v2\/posts\/20518\/revisions"}],"wp:featuredmedia":[{"embeddable":true,"href":"https:\/\/www.opinionpublica.tv\/portada\/wp-json\/wp\/v2\/media\/20517"}],"wp:attachment":[{"href":"https:\/\/www.opinionpublica.tv\/portada\/wp-json\/wp\/v2\/media?parent=20518"}],"wp:term":[{"taxonomy":"category","embeddable":true,"href":"https:\/\/www.opinionpublica.tv\/portada\/wp-json\/wp\/v2\/categories?post=20518"},{"taxonomy":"post_tag","embeddable":true,"href":"https:\/\/www.opinionpublica.tv\/portada\/wp-json\/wp\/v2\/tags?post=20518"}],"curies":[{"name":"wp","href":"https:\/\/api.w.org\/{rel}","templated":true}]}}