{"id":20514,"date":"2019-08-06T06:00:00","date_gmt":"2019-08-06T04:00:00","guid":{"rendered":"https:\/\/www.opinionpublica.tv\/portada\/2019\/08\/06\/el-conflicto-china-eu-cimbra-a-mercados-en-el-mundo\/"},"modified":"2019-08-06T06:00:00","modified_gmt":"2019-08-06T04:00:00","slug":"el-conflicto-china-eu-cimbra-a-mercados-en-el-mundo","status":"publish","type":"post","link":"https:\/\/www.opinionpublica.tv\/portada\/el-conflicto-china-eu-cimbra-a-mercados-en-el-mundo\/","title":{"rendered":"El conflicto China-EU cimbra a mercados en el mundo"},"content":{"rendered":"<p><img fetchpriority=\"high\" decoding=\"async\" class=\" size-full wp-image-20513\" src=\"https:\/\/www.opinionpublica.tv\/portada\/wp-content\/uploads\/2019\/08\/3c6d478b2ee7d4c1c61b2104146b1d2b.jpg\" alt=\"\" class=\"caption\" title=\"La guerra comercial entre China y EU volvi\u00f3 a provocar caos en las bolsas del mundo.\" width=\"760\" height=\"430\" srcset=\"https:\/\/www.opinionpublica.tv\/portada\/wp-content\/uploads\/2019\/08\/3c6d478b2ee7d4c1c61b2104146b1d2b.jpg 760w, https:\/\/www.opinionpublica.tv\/portada\/wp-content\/uploads\/2019\/08\/3c6d478b2ee7d4c1c61b2104146b1d2b-300x170.jpg 300w\" sizes=\"(max-width: 760px) 100vw, 760px\" \/><br \/>\n<!--more--><\/p>\n<p style=\"text-align: justify;\"><em>Nueva York, EU<\/em>.- Los principales \u00edndices de Wall Street sufrieron el lunes su mayor baja porcentual diaria del a\u00f1o, despu\u00e9s de que China dej\u00f3 caer el yuan, en respuesta a la \u00faltima amenaza arancelaria por parte de Estados Unidos, lo que increment\u00f3 el temor a una escalada de la guerra comercial entre las dos potencias.<\/p>\n<p style=\"text-align: justify;\">Los tres \u00edndices burs\u00e1tiles en Estados Unidos cayeron. El \u00edndice industrial Dow Jones perdi\u00f3 2.90%, a 25,717.74 puntos, el NASDAQ Compuesto, de valores tecnol\u00f3gicos, cedi\u00f3 3.47%, a 7,726.04 puntos, y el S&amp;P 500 dej\u00f3 2.98%, para quedar en 2,844.74 puntos.<\/p>\n<p style=\"text-align: justify;\">La volatilidad de Wall Street, medida por el \u00edndice VIX, lleg\u00f3 a su nivel m\u00e1s alto del a\u00f1o. El llamado \u00edndice del miedo tuvo un alza de 39.64%, pas\u00f3 de 17.61 puntos a 24.59 puntos.<\/p>\n<p style=\"text-align: justify;\">Por su parte, el \u00edndice S&amp;P\/BMV IPC, de la Bolsa Mexicana de Valores, que representa a las 35 firmas m\u00e1s l\u00edquidas del mercado, perdi\u00f3 1.20%, a 39,496.36 puntos, su quinta jornada consecutiva a la baja. Los t\u00edtulos del gigante de las telecomunicaciones Am\u00e9rica M\u00f3vil encabezaron el retroceso, con 1.81% menos, a 12.99 pesos, seguidos por los de la embotelladora y minorista FEMSA, que perdieron 1.50%, a 168.57 pesos por unidad.<\/p>\n<p style=\"text-align: justify;\">En ese contexto, los inversionistas corrieron a refugiarse en activos m\u00e1s seguros. La tasa de los bonos del Tesoro estadounidense a 10 a\u00f1os era de 1.7294%, la menor desde el 2016. La moneda china cotizaba a 7.0507 yuanes por d\u00f3lar, su peor valor en 11 a\u00f1os.<\/p>\n<p style=\"text-align: justify;\">Si bien las acciones recortaron p\u00e9rdidas en la \u00faltima hora de operaciones para cerrar lejos de sus m\u00ednimos de sesi\u00f3n, el referencial S&amp;P 500 perdi\u00f3 cerca de 3%, su mayor ca\u00edda porcentual diaria desde el 4 de diciembre. El \u00edndice ha ca\u00eddo durante seis sesiones consecutivas, y est\u00e1 6% bajo su cierre r\u00e9cord del 26 de julio.<\/p>\n<p style=\"text-align: justify;\">\u201cEs la escalada de la guerra comercial\u201d, dijo Steven DeSanctis, estratega burs\u00e1til en Jefferies en Nueva York. \u201cEl fortalecimiento del d\u00f3lar presenta otro tema. Para las compa\u00f1\u00edas que hacen muchos negocios fuera de Estados Unidos, todo se suma\u201d, agreg\u00f3.<\/p>\n<p style=\"text-align: justify;\">Acrecentan tensiones<\/p>\n<p style=\"text-align: justify;\">Las tensiones se agudizaron luego de que el Ministerio de Comercio de China inform\u00f3 que las compa\u00f1\u00edas del pa\u00eds han dejado de comprar productos agr\u00edcolas de Estados Unidos, y Pek\u00edn no descart\u00f3 imponer aranceles adicionales a importaciones agr\u00edcolas estadounidenses adquiridas despu\u00e9s del 3 de agosto.<\/p>\n<p style=\"text-align: justify;\">Las acciones del sector tecnol\u00f3gico del S&amp;P 500, que tienen una fuerte exposici\u00f3n en los mercados chinos, cayeron 4.1 por ciento. Los papeles de Apple Inc se hundieron 5.2%, debido a que analistas advirtieron que los aranceles propuestos podr\u00edan golpear la demanda del iPhone, mientras que el \u00cdndice de Semiconductores de Filadelfia perdi\u00f3 4.4 por ciento. (El Economista)<\/p>\n","protected":false},"excerpt":{"rendered":"","protected":false},"author":6,"featured_media":20513,"comment_status":"open","ping_status":"open","sticky":false,"template":"","format":"standard","meta":{"_acf_changed":false,"_monsterinsights_skip_tracking":false,"slim_seo":{"title":"El conflicto China-EU cimbra a mercados en el mundo - Opini\u00f3n P\u00fablica","description":"Nueva York, EU .- Los principales \u00edndices de Wall Street sufrieron el lunes su mayor baja porcentual diaria del a\u00f1o, despu\u00e9s de que China dej\u00f3 caer el yuan, en"},"footnotes":""},"categories":[24],"tags":[],"class_list":["post-20514","post","type-post","status-publish","format-standard","has-post-thumbnail","hentry","category-estados-unidos"],"acf":[],"_links":{"self":[{"href":"https:\/\/www.opinionpublica.tv\/portada\/wp-json\/wp\/v2\/posts\/20514","targetHints":{"allow":["GET"]}}],"collection":[{"href":"https:\/\/www.opinionpublica.tv\/portada\/wp-json\/wp\/v2\/posts"}],"about":[{"href":"https:\/\/www.opinionpublica.tv\/portada\/wp-json\/wp\/v2\/types\/post"}],"author":[{"embeddable":true,"href":"https:\/\/www.opinionpublica.tv\/portada\/wp-json\/wp\/v2\/users\/6"}],"replies":[{"embeddable":true,"href":"https:\/\/www.opinionpublica.tv\/portada\/wp-json\/wp\/v2\/comments?post=20514"}],"version-history":[{"count":0,"href":"https:\/\/www.opinionpublica.tv\/portada\/wp-json\/wp\/v2\/posts\/20514\/revisions"}],"wp:featuredmedia":[{"embeddable":true,"href":"https:\/\/www.opinionpublica.tv\/portada\/wp-json\/wp\/v2\/media\/20513"}],"wp:attachment":[{"href":"https:\/\/www.opinionpublica.tv\/portada\/wp-json\/wp\/v2\/media?parent=20514"}],"wp:term":[{"taxonomy":"category","embeddable":true,"href":"https:\/\/www.opinionpublica.tv\/portada\/wp-json\/wp\/v2\/categories?post=20514"},{"taxonomy":"post_tag","embeddable":true,"href":"https:\/\/www.opinionpublica.tv\/portada\/wp-json\/wp\/v2\/tags?post=20514"}],"curies":[{"name":"wp","href":"https:\/\/api.w.org\/{rel}","templated":true}]}}