{"id":20512,"date":"2019-08-07T06:00:00","date_gmt":"2019-08-07T04:00:00","guid":{"rendered":"https:\/\/www.opinionpublica.tv\/portada\/2019\/08\/07\/visitaron-54-mil-personas-la-exposicion-tutankamon-en-juarez\/"},"modified":"2019-08-07T06:00:00","modified_gmt":"2019-08-07T04:00:00","slug":"visitaron-54-mil-personas-la-exposicion-tutankamon-en-juarez","status":"publish","type":"post","link":"https:\/\/www.opinionpublica.tv\/portada\/visitaron-54-mil-personas-la-exposicion-tutankamon-en-juarez\/","title":{"rendered":"Visitaron 54 mil personas a Tutankam\u00f3n en Ciudad Ju\u00e1rez"},"content":{"rendered":"<p><img fetchpriority=\"high\" decoding=\"async\" class=\" size-full wp-image-20511\" src=\"https:\/\/www.opinionpublica.tv\/portada\/wp-content\/uploads\/2019\/08\/dcd68f4bd8d8adf029b821f4065ef19d.jpg\" alt=\"\" class=\"caption\" title=\"La exposici\u00f3n de Tutankam\u00f3n fue un \u00e9xito en Ciudad Ju\u00e1rez con 54 mil visitantes.\" width=\"960\" height=\"720\" srcset=\"https:\/\/www.opinionpublica.tv\/portada\/wp-content\/uploads\/2019\/08\/dcd68f4bd8d8adf029b821f4065ef19d.jpg 960w, https:\/\/www.opinionpublica.tv\/portada\/wp-content\/uploads\/2019\/08\/dcd68f4bd8d8adf029b821f4065ef19d-300x225.jpg 300w, https:\/\/www.opinionpublica.tv\/portada\/wp-content\/uploads\/2019\/08\/dcd68f4bd8d8adf029b821f4065ef19d-768x576.jpg 768w\" sizes=\"(max-width: 960px) 100vw, 960px\" \/><br \/>\n<!--more--><\/p>\n<p style=\"text-align: justify;\"><em>Ciudad Ju\u00e1rez, Chih<\/em>.- La exposici\u00f3n hist\u00f3rica \u2018<em>Tutankam\u00f3n: La tumba, el Oro y la Maldici\u00f3n\u2019<\/em>\u00a0que se instal\u00f3 en el\u00a0Centro Cultural Paso del Norte\u00a0(CCPN) concluy\u00f3 tras cuatro meses de exhibici\u00f3n, periodo en el cual fue visitada por 54 mil asistentes.<\/p>\n<p style=\"text-align: justify;\">La exposici\u00f3n que recre\u00f3 un museo en la sala de usos m\u00faltiples del CCPN, fue visitada por personas todas las edades, grupos escolares y turistas, adem\u00e1s de ofrecer un d\u00eda sin costo alguno para que nadie se quedara sin apreciar la muestra.<\/p>\n<p style=\"text-align: justify;\">La exposici\u00f3n present\u00f3 dioramas y reproducciones de los tesoros del Egipto fara\u00f3nico, la cual obtuvo una respuesta muy favorable por parte del p\u00fablico fronterizo, por lo cual la compa\u00f1\u00eda productora planea una nueva instalaci\u00f3n para continuar promoviendo el conocimiento a trav\u00e9s de la curiosidad y la historia; se invita a la comunidad a estar atenta a los medios de comunicaci\u00f3n y\u00a0\u00a0a las redes sociales.<\/p>\n","protected":false},"excerpt":{"rendered":"","protected":false},"author":6,"featured_media":20511,"comment_status":"open","ping_status":"open","sticky":false,"template":"","format":"standard","meta":{"_acf_changed":false,"_monsterinsights_skip_tracking":false,"slim_seo":{"title":"Visitaron 54 mil personas a Tutankam\u00f3n en Ciudad Ju\u00e1rez - Opini\u00f3n P\u00fablica","description":"Ciudad Ju\u00e1rez, Chih .- La exposici\u00f3n hist\u00f3rica \u2018 Tutankam\u00f3n: La tumba, el Oro y la Maldici\u00f3n\u2019 \u00a0que se instal\u00f3 en el\u00a0Centro Cultural Paso del Norte\u00a0(CCPN) conclu"},"footnotes":""},"categories":[5],"tags":[],"class_list":["post-20512","post","type-post","status-publish","format-standard","has-post-thumbnail","hentry","category-frontera"],"acf":[],"_links":{"self":[{"href":"https:\/\/www.opinionpublica.tv\/portada\/wp-json\/wp\/v2\/posts\/20512","targetHints":{"allow":["GET"]}}],"collection":[{"href":"https:\/\/www.opinionpublica.tv\/portada\/wp-json\/wp\/v2\/posts"}],"about":[{"href":"https:\/\/www.opinionpublica.tv\/portada\/wp-json\/wp\/v2\/types\/post"}],"author":[{"embeddable":true,"href":"https:\/\/www.opinionpublica.tv\/portada\/wp-json\/wp\/v2\/users\/6"}],"replies":[{"embeddable":true,"href":"https:\/\/www.opinionpublica.tv\/portada\/wp-json\/wp\/v2\/comments?post=20512"}],"version-history":[{"count":0,"href":"https:\/\/www.opinionpublica.tv\/portada\/wp-json\/wp\/v2\/posts\/20512\/revisions"}],"wp:featuredmedia":[{"embeddable":true,"href":"https:\/\/www.opinionpublica.tv\/portada\/wp-json\/wp\/v2\/media\/20511"}],"wp:attachment":[{"href":"https:\/\/www.opinionpublica.tv\/portada\/wp-json\/wp\/v2\/media?parent=20512"}],"wp:term":[{"taxonomy":"category","embeddable":true,"href":"https:\/\/www.opinionpublica.tv\/portada\/wp-json\/wp\/v2\/categories?post=20512"},{"taxonomy":"post_tag","embeddable":true,"href":"https:\/\/www.opinionpublica.tv\/portada\/wp-json\/wp\/v2\/tags?post=20512"}],"curies":[{"name":"wp","href":"https:\/\/api.w.org\/{rel}","templated":true}]}}