{"id":20510,"date":"2019-08-06T06:00:00","date_gmt":"2019-08-06T04:00:00","guid":{"rendered":"https:\/\/www.opinionpublica.tv\/portada\/2019\/08\/06\/confirman-visita-de-trump-a-el-paso-revelan-lista-de-los-22-fallidos-en-matanza-de-walmart\/"},"modified":"2019-08-06T06:00:00","modified_gmt":"2019-08-06T04:00:00","slug":"confirman-visita-de-trump-a-el-paso-revelan-lista-de-los-22-fallidos-en-matanza-de-walmart","status":"publish","type":"post","link":"https:\/\/www.opinionpublica.tv\/portada\/confirman-visita-de-trump-a-el-paso-revelan-lista-de-los-22-fallidos-en-matanza-de-walmart\/","title":{"rendered":"S\u00ed estar\u00e1 Trump en El Paso; revelan lista de los 22 fallidos en masacre de Walmart"},"content":{"rendered":"<p><img fetchpriority=\"high\" decoding=\"async\" class=\" size-full wp-image-20508\" src=\"https:\/\/www.opinionpublica.tv\/portada\/wp-content\/uploads\/2019\/08\/ad4d3f40ac4fe7b06bdf53da7133b7e5.jpg\" alt=\"\" class=\"caption\" title=\"Los ocho cuerpos de los mexicanos fallecidos ser\u00e1n repatriados a la mayor brevedad por la SRE.\" width=\"647\" height=\"396\" srcset=\"https:\/\/www.opinionpublica.tv\/portada\/wp-content\/uploads\/2019\/08\/ad4d3f40ac4fe7b06bdf53da7133b7e5.jpg 647w, https:\/\/www.opinionpublica.tv\/portada\/wp-content\/uploads\/2019\/08\/ad4d3f40ac4fe7b06bdf53da7133b7e5-300x184.jpg 300w\" sizes=\"(max-width: 647px) 100vw, 647px\" \/><br \/>\n<!--more--><\/p>\n<p style=\"text-align: justify;\"><em>El Paso, Texas, EU<\/em>.- En medio de un ambiente de consternaci\u00f3n por la matanza del fin de semana en Walmart Cielo Vista, las autoridades de esta ciudad dieron a conocer la lista oficial de las 22 personas fallecidas, al tiempo que fue confirmada la visita del presidente Donald Trump a esta ciudad este mi\u00e9rcoles 7 de agosto.<\/p>\n<p style=\"text-align: justify;\">La llegada de Trump ser\u00e1 acompa\u00f1ada por protestas de miles de pase\u00f1os que consideran que el \u2018discurso racista\u2019 e incendiario de Trump gener\u00f3 la masacre del pasado s\u00e1bado, la cual ya se investiga como crimen de odio y terrorismo dom\u00e9stico.<\/p>\n<p style=\"text-align: justify;\">Por su parte, Greg Allen, jefe de la Polic\u00eda de El Paso, dio a conocer las cifras actualizadas del tiroteo en Walmart de Cielo Vista.<\/p>\n<p style=\"text-align: justify;\">El jefe policiaco inform\u00f3 que de las 22 v\u00edctimas, 13 son ciudadanos estadounidenses ocho mexicanos y un ciudadano alem\u00e1n.<\/p>\n<p style=\"text-align: justify;\"><img decoding=\"async\" class=\" size-full wp-image-20509\" src=\"https:\/\/www.opinionpublica.tv\/portada\/wp-content\/uploads\/2019\/08\/oferndas.png\" width=\"559\" height=\"427\" srcset=\"https:\/\/www.opinionpublica.tv\/portada\/wp-content\/uploads\/2019\/08\/oferndas.png 559w, https:\/\/www.opinionpublica.tv\/portada\/wp-content\/uploads\/2019\/08\/oferndas-300x229.png 300w\" sizes=\"(max-width: 559px) 100vw, 559px\" \/><\/p>\n<p style=\"text-align: justify;\">Es importante se\u00f1alar que cinco de las ocho v\u00edctimas eran juarenses, as\u00ed como una mujer de Chihuahua, un hombre de Torre\u00f3n y otro m\u00e1s de Zacatecas, mientras que diez de los 13 estadounidenses, tambi\u00e9n eran de origen mexicano, entre ellos un menor de edad, seg\u00fan la siguiente lista:<\/p>\n<ol style=\"text-align: justify;\">\n<li>Sara Esther Regalado (Ciudad Ju\u00e1rez)<\/li>\n<li>Adolfo Cerros Hern\u00e1ndez (Aguascalientes y juarense por adopci\u00f3n)<\/li>\n<li>Jorge Calvillo Garc\u00eda (Torre\u00f3n, Coah)<\/li>\n<li>Elsa Mendoza, (Yep\u00f3mera, Chih y juarense por adopci\u00f3n)<\/li>\n<li>Gloria Irma M\u00e1rquez (Ciudad Ju\u00e1rez)<\/li>\n<li>Mar\u00eda Eugenia Legarreta Rothe (Chihuahua, Chih)<\/li>\n<li>Iv\u00e1n Filiberto Manzano (Ciudad Ju\u00e1rez)<\/li>\n<li>Juan de Dios Vel\u00e1zquez Ch\u00e1irez (Zacatecas)<\/li>\n<li>Arturo Benavides (EU)<\/li>\n<li>Angie Englisbee (EU)<\/li>\n<li>Leo Campos (EU)<\/li>\n<li>David Johnson (EU)<\/li>\n<li>Jorge Calvillo Garc\u00eda (EU)<\/li>\n<li>Jordan Jamrowski Anchondo (EU)<\/li>\n<li>Andre Anchondo (EU)<\/li>\n<li>Javier Amir Rodriguez (EU)<\/li>\n<li>Maribel Hernandez (EU)<\/li>\n<li>Maria Flores (EU)<\/li>\n<li>Raul Flores (EU)<\/li>\n<li>Margie Reckard (EU)<\/li>\n<li>Teresa Sanchez (EU)<\/li>\n<li>Alexander Gerhard Hoffman (Alemania)<\/li>\n<\/ol>\n<p style=\"text-align: justify;\">El Consulado de M\u00e9xico en El Paso dio a conocer que est\u00e1n acelerando los tr\u00e1mites para repatriar a la mayor brevedad los cuerpos de los ocho connacionales que perdieron la vida en que ha sido calificado como \u2018atentado terrorista contra mexicanos\u2019.<\/p>\n","protected":false},"excerpt":{"rendered":"","protected":false},"author":6,"featured_media":20508,"comment_status":"open","ping_status":"open","sticky":false,"template":"","format":"standard","meta":{"_acf_changed":false,"_monsterinsights_skip_tracking":false,"slim_seo":{"title":"S\u00ed estar\u00e1 Trump en El Paso; revelan lista de los 22 fallidos en masacre de Walmart - Opini\u00f3n P\u00fablica","description":"El Paso, Texas, EU .- En medio de un ambiente de consternaci\u00f3n por la matanza del fin de semana en Walmart Cielo Vista, las autoridades de esta ciudad dieron a"},"footnotes":""},"categories":[3],"tags":[],"class_list":["post-20510","post","type-post","status-publish","format-standard","has-post-thumbnail","hentry","category-principal"],"acf":[],"_links":{"self":[{"href":"https:\/\/www.opinionpublica.tv\/portada\/wp-json\/wp\/v2\/posts\/20510","targetHints":{"allow":["GET"]}}],"collection":[{"href":"https:\/\/www.opinionpublica.tv\/portada\/wp-json\/wp\/v2\/posts"}],"about":[{"href":"https:\/\/www.opinionpublica.tv\/portada\/wp-json\/wp\/v2\/types\/post"}],"author":[{"embeddable":true,"href":"https:\/\/www.opinionpublica.tv\/portada\/wp-json\/wp\/v2\/users\/6"}],"replies":[{"embeddable":true,"href":"https:\/\/www.opinionpublica.tv\/portada\/wp-json\/wp\/v2\/comments?post=20510"}],"version-history":[{"count":0,"href":"https:\/\/www.opinionpublica.tv\/portada\/wp-json\/wp\/v2\/posts\/20510\/revisions"}],"wp:featuredmedia":[{"embeddable":true,"href":"https:\/\/www.opinionpublica.tv\/portada\/wp-json\/wp\/v2\/media\/20508"}],"wp:attachment":[{"href":"https:\/\/www.opinionpublica.tv\/portada\/wp-json\/wp\/v2\/media?parent=20510"}],"wp:term":[{"taxonomy":"category","embeddable":true,"href":"https:\/\/www.opinionpublica.tv\/portada\/wp-json\/wp\/v2\/categories?post=20510"},{"taxonomy":"post_tag","embeddable":true,"href":"https:\/\/www.opinionpublica.tv\/portada\/wp-json\/wp\/v2\/tags?post=20510"}],"curies":[{"name":"wp","href":"https:\/\/api.w.org\/{rel}","templated":true}]}}