{"id":20507,"date":"2019-08-06T06:00:00","date_gmt":"2019-08-06T04:00:00","guid":{"rendered":"https:\/\/www.opinionpublica.tv\/portada\/2019\/08\/06\/desconecta-4t-programa-nacional-de-internet-de-epn\/"},"modified":"2019-08-06T06:00:00","modified_gmt":"2019-08-06T04:00:00","slug":"desconecta-4t-programa-nacional-de-internet-de-epn","status":"publish","type":"post","link":"https:\/\/www.opinionpublica.tv\/portada\/desconecta-4t-programa-nacional-de-internet-de-epn\/","title":{"rendered":"Desconecta 4T programa nacional de internet gratuito de EPN"},"content":{"rendered":"<p><img fetchpriority=\"high\" decoding=\"async\" class=\" size-full wp-image-20506\" src=\"https:\/\/www.opinionpublica.tv\/portada\/wp-content\/uploads\/2019\/08\/d15526c184fad638091f06200baf29d4.jpg\" alt=\"\" class=\"caption\" title=\"Miles de usuarios de todo el pa\u00eds ten\u00edan internet gratis mediante 'M\u00e9xico Conectado'.\" width=\"493\" height=\"408\" srcset=\"https:\/\/www.opinionpublica.tv\/portada\/wp-content\/uploads\/2019\/08\/d15526c184fad638091f06200baf29d4.jpg 493w, https:\/\/www.opinionpublica.tv\/portada\/wp-content\/uploads\/2019\/08\/d15526c184fad638091f06200baf29d4-300x248.jpg 300w\" sizes=\"(max-width: 493px) 100vw, 493px\" \/><br \/>\n<!--more--><\/p>\n<p style=\"text-align: justify;\"><em>Ciudad de M\u00e9xico<\/em>.- Pr\u00e1cticamente la mitad de los 101 mil sitios p\u00fablicos del pa\u00eds que formaban parte del programa M\u00e9xico Conectado, hoy denominado Internet para Todos, cuyo objetivo es ofrecer conectividad gratuita, ya no cuentan con el servicio.<\/p>\n<p style=\"text-align: justify;\">El proyecto se desarroll\u00f3 durante el gobierno de Enrique Pe\u00f1a Nieto para ofrecer internet y beneficiar a escuelas, universidades, centros de salud, bibliotecas, espacios comunitarios y parques.<\/p>\n<p style=\"text-align: justify;\">Informaci\u00f3n obtenida por EL UNIVERSAL muestra que de los 101 mil sitios p\u00fablicos con acceso al servicio 53 mil 601 a\u00fan lo mantienen, pero el resto qued\u00f3 desconectado.<\/p>\n<p style=\"text-align: justify;\">Entre las entidades con menor conectividad en el pa\u00eds y que resultaron m\u00e1s afectadas por la falta del servicio se encuentran Chiapas, con 434 espacios sin conectividad; Oaxaca, con 525, y Tlaxcala, con 303.<\/p>\n<p style=\"text-align: justify;\">Por n\u00famero de sitios sin acceso al servicio, la lista la encabeza Estado de M\u00e9xico, con 8 mil 177, seguido de Nuevo Le\u00f3n, con 4 mil 899, y Tabasco, con 4 mil 230.<\/p>\n<p style=\"text-align: justify;\">La Secretar\u00eda de Comunicaciones y Transportes, encargada del programa, inform\u00f3 que se dej\u00f3 de dar la conectividad porque los contratos llegaron al t\u00e9rmino de su vigencia.<\/p>\n<p style=\"text-align: justify;\">A\u00f1adi\u00f3 que el programa Internet para Todos de la actual administraci\u00f3n est\u00e1 dirigido primordialmente a otorgar conectividad social a zonas de alta y muy alta marginaci\u00f3n bajo criterios de disponibilidad t\u00e9cnica y presupuestaria. Los lugares que no est\u00e9n en este segmento tendr\u00e1n que acceder a los servicios a trav\u00e9s de la oferta comercial que ofrecen las empresas en el mercado. (Yahoo)<\/p>\n","protected":false},"excerpt":{"rendered":"","protected":false},"author":6,"featured_media":20506,"comment_status":"open","ping_status":"open","sticky":false,"template":"","format":"standard","meta":{"_acf_changed":false,"_monsterinsights_skip_tracking":false,"slim_seo":{"title":"Desconecta 4T programa nacional de internet gratuito de EPN - Opini\u00f3n P\u00fablica","description":"Ciudad de M\u00e9xico .- Pr\u00e1cticamente la mitad de los 101 mil sitios p\u00fablicos del pa\u00eds que formaban parte del programa M\u00e9xico Conectado, hoy denominado Internet par"},"footnotes":""},"categories":[9],"tags":[],"class_list":["post-20507","post","type-post","status-publish","format-standard","has-post-thumbnail","hentry","category-nacional"],"acf":[],"_links":{"self":[{"href":"https:\/\/www.opinionpublica.tv\/portada\/wp-json\/wp\/v2\/posts\/20507","targetHints":{"allow":["GET"]}}],"collection":[{"href":"https:\/\/www.opinionpublica.tv\/portada\/wp-json\/wp\/v2\/posts"}],"about":[{"href":"https:\/\/www.opinionpublica.tv\/portada\/wp-json\/wp\/v2\/types\/post"}],"author":[{"embeddable":true,"href":"https:\/\/www.opinionpublica.tv\/portada\/wp-json\/wp\/v2\/users\/6"}],"replies":[{"embeddable":true,"href":"https:\/\/www.opinionpublica.tv\/portada\/wp-json\/wp\/v2\/comments?post=20507"}],"version-history":[{"count":0,"href":"https:\/\/www.opinionpublica.tv\/portada\/wp-json\/wp\/v2\/posts\/20507\/revisions"}],"wp:featuredmedia":[{"embeddable":true,"href":"https:\/\/www.opinionpublica.tv\/portada\/wp-json\/wp\/v2\/media\/20506"}],"wp:attachment":[{"href":"https:\/\/www.opinionpublica.tv\/portada\/wp-json\/wp\/v2\/media?parent=20507"}],"wp:term":[{"taxonomy":"category","embeddable":true,"href":"https:\/\/www.opinionpublica.tv\/portada\/wp-json\/wp\/v2\/categories?post=20507"},{"taxonomy":"post_tag","embeddable":true,"href":"https:\/\/www.opinionpublica.tv\/portada\/wp-json\/wp\/v2\/tags?post=20507"}],"curies":[{"name":"wp","href":"https:\/\/api.w.org\/{rel}","templated":true}]}}