{"id":20487,"date":"2019-08-06T06:00:00","date_gmt":"2019-08-06T04:00:00","guid":{"rendered":"https:\/\/www.opinionpublica.tv\/portada\/2019\/08\/06\/efemerides-6-de-agosto-3\/"},"modified":"2019-08-06T06:00:00","modified_gmt":"2019-08-06T04:00:00","slug":"efemerides-6-de-agosto-3","status":"publish","type":"post","link":"https:\/\/www.opinionpublica.tv\/portada\/efemerides-6-de-agosto-3\/","title":{"rendered":"Efem\u00e9rides 6 de agosto"},"content":{"rendered":"<img fetchpriority=\"high\" decoding=\"async\" class=\" size-full wp-image-20486\" src=\"https:\/\/www.opinionpublica.tv\/portada\/wp-content\/uploads\/2019\/08\/fcebc45771f0926e4ce32d63523738d2.jpg\" alt=\"\" class=\"caption\" title=\"La tragedia de Hiroshima trajo como consecuencia la rendici\u00f3n de Jap\u00f3n en la II Guerra Mundial.\" width=\"800\" height=\"420\" srcset=\"https:\/\/www.opinionpublica.tv\/portada\/wp-content\/uploads\/2019\/08\/fcebc45771f0926e4ce32d63523738d2.jpg 800w, https:\/\/www.opinionpublica.tv\/portada\/wp-content\/uploads\/2019\/08\/fcebc45771f0926e4ce32d63523738d2-300x158.jpg 300w, https:\/\/www.opinionpublica.tv\/portada\/wp-content\/uploads\/2019\/08\/fcebc45771f0926e4ce32d63523738d2-768x403.jpg 768w\" sizes=\"(max-width: 800px) 100vw, 800px\" \/>\n<p style=\"text-align: justify;\">Un d\u00eda 6 de agosto como hoy, pero de 1945,\u00a0Estados Unidos lanza la primera bomba at\u00f3mica y destruye la ciudad japonesa de Hiroshima, con 140 mil muertos en las primeras horas.<\/p>\n<p><!--more--><\/p>\n<p style=\"text-align: justify;\"><strong>Otras Efem\u00e9rides<\/strong><\/p>\n<p style=\"text-align: justify;\">1538.- Gonzalo Jim\u00e9nez de Quesada funda la ciudad de Santa Fe de Bogot\u00e1, capital de Nueva Granada, hoy Colombia.<\/p>\n<p style=\"text-align: justify;\">1637.- Muere Ben Johnson, dramaturgo ingl\u00e9s.<\/p>\n<p style=\"text-align: justify;\">1660.- Muere Diego Rodr\u00edguez de Silva Vel\u00e1zquez, pintor espa\u00f1ol.<\/p>\n<p style=\"text-align: justify;\">1792.- Desfilan por Par\u00eds 600 republicanos escogidos de Marsella cantando una canci\u00f3n nueva cuya melod\u00eda, en pocas semanas, ha de arrastrar al pa\u00eds entero: \u00abLa Marsellesa\u00bb.<\/p>\n<p style=\"text-align: justify;\">1811.- Las Cortes de C\u00e1diz abolen todos los se\u00f1or\u00edos jurisdiccionales de Espa\u00f1a.<\/p>\n<p style=\"text-align: justify;\">1813.- Sim\u00f3n Bol\u00edvar entra en Caracas tras la victoria de Taguanes. En esta fecha recibe el nombre de \u00abLibertador\u00bb.<\/p>\n<p style=\"text-align: justify;\">1824.- Victoria de Bol\u00edvar en la pampa de Junin (Per\u00fa) sobre el general espa\u00f1ol Canterac, acci\u00f3n decisiva contra la dominaci\u00f3n espa\u00f1ola.<\/p>\n<p style=\"text-align: justify;\">1825.- La Asamblea de Representantes de las provincias de Alto Per\u00fa proclama el Estado libre e independiente de Bolivia.<\/p>\n<p style=\"text-align: justify;\">1851.- Llega a Montevideo, procedente de Southampton, el primer barco a vapor, el \u00abPrince\u00bb, tras 35 d\u00edas de viaje. Se establece as\u00ed el servicio regular de comunicaci\u00f3n Europa-R\u00edo de la Plata.<\/p>\n<p style=\"text-align: justify;\">1868.- Nace Paul Claudel, escritor franc\u00e9s.<\/p>\n<p style=\"text-align: justify;\">1872.- Fundaci\u00f3n de la Academia Colombiana de la Lengua, la m\u00e1s antigua de las Correspondientes de la Real Academia Espa\u00f1ola.<\/p>\n<p style=\"text-align: justify;\">1873.- Espa\u00f1a hace extensivas a Puerto Rico las libertades consagradas en su Constituci\u00f3n de 1869.<\/p>\n<p style=\"text-align: justify;\">1875.- El presidente de Ecuador Gabriel Garc\u00eda Moreno es asesinado a machetazos por el colombiano Faustino Lemos. Antonio Borrero se convierte en el presidente de la Rep\u00fablica.<\/p>\n<p style=\"text-align: justify;\">1881.- Nace Alexander Fleming, m\u00e9dico brit\u00e1nico, descubridor de la penicilina y Nobel de Medicina-1945.<\/p>\n<p style=\"text-align: justify;\">1890.- En la prisi\u00f3n neoyorquina de Auburu se registra la primera ejecuci\u00f3n en silla el\u00e9ctrica en EEUU.<\/p>\n<p style=\"text-align: justify;\">1896.- Una ley francesa declara la anexi\u00f3n de Madagascar.<\/p>\n<p style=\"text-align: justify;\">1902.- Coronaci\u00f3n de Eduardo VII como Rey de Inglaterra.<\/p>\n<p style=\"text-align: justify;\">1911.- Nace Lucille Ball, actriz estadounidense.<\/p>\n<p style=\"text-align: justify;\">1914.- Austria-Hungr\u00eda declara la guerra a Rusia. Serbia declara la guerra a Alemania.<\/p>\n<p style=\"text-align: justify;\">1917.- Nace Robert Mitchum, actor estadounidense.<\/p>\n<p style=\"text-align: justify;\">1919.- EEUU levanta el bloqueo econ\u00f3mico a la URSS y reemprende los intercambios comerciales.<\/p>\n<p style=\"text-align: justify;\">1925.- Argentina y Bolivia firman un tratado de l\u00edmites fronterizos.<\/p>\n<p style=\"text-align: justify;\">1928.- Nace Andy Warhol, pintor y cineasta estadounidense.<\/p>\n<p style=\"text-align: justify;\">1932.- Comienza la I edici\u00f3n de la \u00abMostra\u00bb de cine de Venecia.<\/p>\n<p style=\"text-align: justify;\">1938.- Ecuador firma un convenio comercial con EEUU.<\/p>\n<p style=\"text-align: justify;\">1945.- En Argentina se levanta el estado de sitio, vigente durante 38 meses.<\/p>\n<p style=\"text-align: justify;\">1956.- Hern\u00e1n Siles Suazo toma posesi\u00f3n de la Presidencia de Bolivia.<\/p>\n<p style=\"text-align: justify;\">1966.- Se inaugura en Lisboa el Puente Salazar, sobre el Tajo, llamado actualmente del 25 de abril, de 2.278 metros de longitud.<\/p>\n<p style=\"text-align: justify;\">1973.- Muere Fulgencio Batista, expresidente y dictador de Cuba.<\/p>\n<p style=\"text-align: justify;\">1978.- Muere el italiano Juan Bautista Montini, el papa Pablo VI.<\/p>\n<p style=\"text-align: justify;\">1983.- La oposici\u00f3n chilena forma la Alianza Democr\u00e1tica para pactar con la dictadura una transici\u00f3n a la democracia.<\/p>\n<p style=\"text-align: justify;\">1985.- V\u00edctor Paz Estensoro jura, por cuarta vez, su cargo de presidente de Bolivia.<\/p>\n<p style=\"text-align: justify;\">1986.- Muere Emilio \u00abIndio\u00bb Fern\u00e1ndez, cineasta mexicano.<\/p>\n<p style=\"text-align: justify;\">1987.- Comienza en Guatemala la \u00abCumbre\u00bb centroamericana Esquipulas II, en la que participan los dirigentes de Costa Rica, El Salvador, Guatemala, Honduras y Nicaragua.<\/p>\n<p style=\"text-align: justify;\">1990.- El presidente de Pakist\u00e1n Gulam Ishaq Khan destituye a la primera ministra Benazir Bhutto y decreta el estado de emergencia.<\/p>\n<p style=\"text-align: justify;\">1991.- Asesinado en Suresnes (afueras de Par\u00eds) el ex primer ministro iran\u00ed Chapur Baktiar por terroristas iran\u00edes.<\/p>\n<p style=\"text-align: justify;\">1993.- Con la elecci\u00f3n como primer ministro del opositor Morihiro Hosokawa, el Parlamento japon\u00e9s pone fin a 38 a\u00f1os de poder del Partido Liberal Dem\u00f3crata.<\/p>\n<p style=\"text-align: justify;\">1993.- Gonzalo S\u00e1nchez de Lozada toma posesi\u00f3n de la Presidencia de Bolivia.<\/p>\n<p style=\"text-align: justify;\">1994.- Muere Domenico Modugno, cantante y compositor italiano.<\/p>\n<p style=\"text-align: justify;\">1995.- Reconquistada Petrinja, el Gobierno croata proclama el restablecimiento de su soberan\u00eda sobre Krajina: 118 croatas muertos, 620 heridos y 12,000 prisioneros de guerra krajineses.<\/p>\n<p style=\"text-align: justify;\">1997.- La Asamblea Nacional de Camboya nombra co primer ministro a Ung Huot, en sustituci\u00f3n del depuesto Pr\u00edncipe Ranaridh.<\/p>\n<p style=\"text-align: justify;\">2001.- Hugo B\u00e1nzer, aquejado de un c\u00e1ncer, renuncia a la presidencia de Bolivia.<\/p>\n<p style=\"text-align: justify;\">2001.- Muere Jorge Amado, escritor brasile\u00f1o.<\/p>\n<p style=\"text-align: justify;\">2003.- Muere Roberto Marinho, empresario brasile\u00f1o de medios de comunicaci\u00f3n.<\/p>\n<p style=\"text-align: justify;\">2005.- El l\u00edder del Ej\u00e9rcito Zapatista de Liberaci\u00f3n, el subcomandante Marcos, reaparece en un mitin en Chiapas, tras cinco a\u00f1os de ausencia.<\/p>\n<p style=\"text-align: justify;\">2006.- El Ej\u00e9rcito israel\u00ed detiene al presidente del Parlamento palestino, Asis Dueik, por pertenecer a Ham\u00e1s.<\/p>\n<p style=\"text-align: justify;\">2006.- Se instala la Asamblea Constituyente de Bolivia en Sucre, capital oficial del pa\u00eds.<\/p>\n<p style=\"text-align: justify;\">2007.- El presidente ecuatoriano, Rafael Correa, y la vicepresidenta espa\u00f1ola, Teresa Fern\u00e1ndez de la Vega, promueven el retorno voluntario de trabajadores ecuatorianos.<\/p>\n<p style=\"text-align: justify;\">2008.- Militares de Mauritania protagonizan un golpe de estado en el pa\u00eds y arrestan al presidente y al primer ministro.<\/p>\n<p style=\"text-align: justify;\">2009.- Ronnie Biggs, uno de los ladrones que asaltaron el tren de Glasgow, sale de la c\u00e1rcel por motivos de salud.<\/p>\n<p style=\"text-align: justify;\">2010.- El liberal Bronislaw Komorowski es investido presidente de Polonia.<\/p>\n<p style=\"text-align: justify;\">2013.- Muere Betty Pino \u00abla Reina de la Radio\u00bb en Miami, locutora musical de origen ecuatoriano.<\/p>\n","protected":false},"excerpt":{"rendered":"<p>Un d\u00eda 6 de agosto como hoy, pero de 1945,\u00a0Estados Unidos lanza la primera bomba at\u00f3mica y destruye la ciudad japonesa de Hiroshima, con 140 mil muertos en las primeras horas.<\/p>\n","protected":false},"author":6,"featured_media":20486,"comment_status":"open","ping_status":"open","sticky":false,"template":"","format":"standard","meta":{"_acf_changed":false,"_monsterinsights_skip_tracking":false,"slim_seo":{"title":"Efem\u00e9rides 6 de agosto - Opini\u00f3n P\u00fablica","description":"Un d\u00eda 6 de agosto como hoy, pero de 1945,\u00a0Estados Unidos lanza la primera bomba at\u00f3mica y destruye la ciudad japonesa de Hiroshima, con 140 mil muertos en las"},"footnotes":""},"categories":[27],"tags":[],"class_list":["post-20487","post","type-post","status-publish","format-standard","has-post-thumbnail","hentry","category-un-dia-como-hoy"],"acf":[],"_links":{"self":[{"href":"https:\/\/www.opinionpublica.tv\/portada\/wp-json\/wp\/v2\/posts\/20487","targetHints":{"allow":["GET"]}}],"collection":[{"href":"https:\/\/www.opinionpublica.tv\/portada\/wp-json\/wp\/v2\/posts"}],"about":[{"href":"https:\/\/www.opinionpublica.tv\/portada\/wp-json\/wp\/v2\/types\/post"}],"author":[{"embeddable":true,"href":"https:\/\/www.opinionpublica.tv\/portada\/wp-json\/wp\/v2\/users\/6"}],"replies":[{"embeddable":true,"href":"https:\/\/www.opinionpublica.tv\/portada\/wp-json\/wp\/v2\/comments?post=20487"}],"version-history":[{"count":0,"href":"https:\/\/www.opinionpublica.tv\/portada\/wp-json\/wp\/v2\/posts\/20487\/revisions"}],"wp:featuredmedia":[{"embeddable":true,"href":"https:\/\/www.opinionpublica.tv\/portada\/wp-json\/wp\/v2\/media\/20486"}],"wp:attachment":[{"href":"https:\/\/www.opinionpublica.tv\/portada\/wp-json\/wp\/v2\/media?parent=20487"}],"wp:term":[{"taxonomy":"category","embeddable":true,"href":"https:\/\/www.opinionpublica.tv\/portada\/wp-json\/wp\/v2\/categories?post=20487"},{"taxonomy":"post_tag","embeddable":true,"href":"https:\/\/www.opinionpublica.tv\/portada\/wp-json\/wp\/v2\/tags?post=20487"}],"curies":[{"name":"wp","href":"https:\/\/api.w.org\/{rel}","templated":true}]}}