{"id":20474,"date":"2019-08-04T06:00:00","date_gmt":"2019-08-04T04:00:00","guid":{"rendered":"https:\/\/www.opinionpublica.tv\/portada\/2019\/08\/04\/confirma-ebrard-que-son-nueve-los-mexicanos-heridos-en-el-paso\/"},"modified":"2019-08-04T06:00:00","modified_gmt":"2019-08-04T04:00:00","slug":"confirma-ebrard-que-son-nueve-los-mexicanos-heridos-en-el-paso","status":"publish","type":"post","link":"https:\/\/www.opinionpublica.tv\/portada\/confirma-ebrard-que-son-nueve-los-mexicanos-heridos-en-el-paso\/","title":{"rendered":"Confirma Ebrard que son siete los mexicanos heridos en El Paso"},"content":{"rendered":"<p><img fetchpriority=\"high\" decoding=\"async\" class=\" size-full wp-image-20473\" src=\"https:\/\/www.opinionpublica.tv\/portada\/wp-content\/uploads\/2019\/08\/9d3b8e36d7cf0d94a73cf50ec7e813d5.jpg\" alt=\"\" class=\"caption\" title=\"Nueve mexicanos resultaron heridos en el tiroteo de Walmart Cielo Vista.\" width=\"710\" height=\"425\" srcset=\"https:\/\/www.opinionpublica.tv\/portada\/wp-content\/uploads\/2019\/08\/9d3b8e36d7cf0d94a73cf50ec7e813d5.jpg 710w, https:\/\/www.opinionpublica.tv\/portada\/wp-content\/uploads\/2019\/08\/9d3b8e36d7cf0d94a73cf50ec7e813d5-300x180.jpg 300w\" sizes=\"(max-width: 710px) 100vw, 710px\" \/><br \/>\n<!--more--><\/p>\n<p style=\"text-align: justify;\"><em>Ciudad de M\u00e9xico<\/em>.- El Gobierno de M\u00e9xico tomar\u00e1 acciones jur\u00eddicas tras el tiroteo en el supermercado de El Paso, Texas, donde ya fueron confirmados seis mexicanos sin vida y suman ya siete heridos, anunci\u00f3 esta ma\u00f1ana el secretario de Relaciones Exteriores, Marcelo Ebrard.<\/p>\n<p style=\"text-align: justify;\">\u201cM\u00e9xico manifiesta su m\u00e1s profundo rechazo y contundente condena, acto de barbarie en el que perdieron la vida mexicanos y mexicanas inocentes y han sido heridas nueve personas\u201d, se\u00f1al\u00f3 a trav\u00e9s de un video en Twitter.\u00a0\u00a0<\/p>\n<blockquote class=\"twitter-tweet\">\n<p dir=\"ltr\" lang=\"es\">Posici\u00f3n sobre la tragedia en El Paso Texas : <a href=\"https:\/\/t.co\/gIXuJcQJLy\">pic.twitter.com\/gIXuJcQJLy<\/a><\/p>\n<p>\u2014 Marcelo Ebrard C. (@m_ebrard) <a href=\"https:\/\/twitter.com\/m_ebrard\/status\/1158055433464090624?ref_src=twsrc%5Etfw\">August 4, 2019<\/a><\/p><\/blockquote>\n<p style=\"text-align: justify;\">El canciller mexicano asegur\u00f3 adem\u00e1s que el presidente Andr\u00e9s Manuel L\u00f3pez Obrador (AMLO) lo ha instruido para que \u201cesta indignaci\u00f3n de M\u00e9xico se traduzca primero en proteger a las familias afectadas y despu\u00e9s en acciones legales eficaces prontas, expeditas y contundentes para que M\u00e9xico coadyuve y exija que se den las con las condiciones para proteger a la comunidad M\u00e9xico-norteamericana y a las mexicanas y mexicanos en Estados Unidos\u201d.<\/p>\n<p style=\"text-align: justify;\">Dijo que \u201clo que ha ocurrido es inadmisible\u201d, por lo que hoy a las 4 de la tarde (hora del centro del pa\u00eds) se dar\u00e1n a conocer las primeras acciones jur\u00eddicas que tomar\u00e1 el Gobierno de M\u00e9xico de acuerdo al derecho internacional.\u00a0<\/p>\n<p style=\"text-align: justify;\">Autoridades de Estados Unidos confirmaron la muerte de 20 personas y varios heridos, entre quienes de acuerdo con Ebrard se encuentran personas de Ciudad Ju\u00e1rez, Chihuahua y Torre\u00f3n. (Reforma)<\/p>\n","protected":false},"excerpt":{"rendered":"","protected":false},"author":6,"featured_media":20473,"comment_status":"open","ping_status":"open","sticky":false,"template":"","format":"standard","meta":{"_acf_changed":false,"_monsterinsights_skip_tracking":false,"slim_seo":{"title":"Confirma Ebrard que son siete los mexicanos heridos en El Paso - Opini\u00f3n P\u00fablica","description":"Ciudad de M\u00e9xico .- El Gobierno de M\u00e9xico tomar\u00e1 acciones jur\u00eddicas tras el tiroteo en el supermercado de El Paso, Texas, donde ya fueron confirmados seis mexic"},"footnotes":""},"categories":[9],"tags":[179,178],"class_list":["post-20474","post","type-post","status-publish","format-standard","has-post-thumbnail","hentry","category-nacional","tag-masacre-el-paso-tx","tag-patrick-crusius"],"acf":[],"_links":{"self":[{"href":"https:\/\/www.opinionpublica.tv\/portada\/wp-json\/wp\/v2\/posts\/20474","targetHints":{"allow":["GET"]}}],"collection":[{"href":"https:\/\/www.opinionpublica.tv\/portada\/wp-json\/wp\/v2\/posts"}],"about":[{"href":"https:\/\/www.opinionpublica.tv\/portada\/wp-json\/wp\/v2\/types\/post"}],"author":[{"embeddable":true,"href":"https:\/\/www.opinionpublica.tv\/portada\/wp-json\/wp\/v2\/users\/6"}],"replies":[{"embeddable":true,"href":"https:\/\/www.opinionpublica.tv\/portada\/wp-json\/wp\/v2\/comments?post=20474"}],"version-history":[{"count":0,"href":"https:\/\/www.opinionpublica.tv\/portada\/wp-json\/wp\/v2\/posts\/20474\/revisions"}],"wp:featuredmedia":[{"embeddable":true,"href":"https:\/\/www.opinionpublica.tv\/portada\/wp-json\/wp\/v2\/media\/20473"}],"wp:attachment":[{"href":"https:\/\/www.opinionpublica.tv\/portada\/wp-json\/wp\/v2\/media?parent=20474"}],"wp:term":[{"taxonomy":"category","embeddable":true,"href":"https:\/\/www.opinionpublica.tv\/portada\/wp-json\/wp\/v2\/categories?post=20474"},{"taxonomy":"post_tag","embeddable":true,"href":"https:\/\/www.opinionpublica.tv\/portada\/wp-json\/wp\/v2\/tags?post=20474"}],"curies":[{"name":"wp","href":"https:\/\/api.w.org\/{rel}","templated":true}]}}