{"id":20437,"date":"2019-08-02T06:00:00","date_gmt":"2019-08-02T04:00:00","guid":{"rendered":"https:\/\/www.opinionpublica.tv\/portada\/2019\/08\/02\/sedena-recalcula-costo-de-santa-lucia-sera-17-mayor\/"},"modified":"2019-08-02T06:00:00","modified_gmt":"2019-08-02T04:00:00","slug":"sedena-recalcula-costo-de-santa-lucia-sera-17-mayor","status":"publish","type":"post","link":"https:\/\/www.opinionpublica.tv\/portada\/sedena-recalcula-costo-de-santa-lucia-sera-17-mayor\/","title":{"rendered":"Sedena recalcula costo de Santa Luc\u00eda: ser\u00e1 17% mayor"},"content":{"rendered":"<p><img fetchpriority=\"high\" decoding=\"async\" class=\" size-full wp-image-20436\" src=\"https:\/\/www.opinionpublica.tv\/portada\/wp-content\/uploads\/2019\/08\/d0e2738f4f631444d8356a7e814c0274.jpg\" alt=\"\" class=\"caption\" title=\"Santa Luc\u00eda ser\u00e1 aeropuerto internacional.\" width=\"760\" height=\"430\" srcset=\"https:\/\/www.opinionpublica.tv\/portada\/wp-content\/uploads\/2019\/08\/d0e2738f4f631444d8356a7e814c0274.jpg 760w, https:\/\/www.opinionpublica.tv\/portada\/wp-content\/uploads\/2019\/08\/d0e2738f4f631444d8356a7e814c0274-300x170.jpg 300w\" sizes=\"(max-width: 760px) 100vw, 760px\" \/><br \/>\n<!--more--><\/p>\n<p style=\"text-align: justify;\"><em>Ciudad de M\u00e9xico<\/em>.- El costo del proyecto de construcci\u00f3n del Aeropuerto Internacional de Santa Luc\u00eda (AISL), su interconexi\u00f3n con el de la Ciudad de M\u00e9xico y la reubicaci\u00f3n de instalaciones militares fue ajustado nuevamente por la Secretar\u00eda de la Defensa Nacional (Sedena), por lo que requerir\u00e1 de 91,977.8 millones de pesos, que representa un incremento de 17% con respecto al monto estimado en abril pasado (que ya consideraba la reubicaci\u00f3n) y de 30.1% con relaci\u00f3n a la infraestructura \u00fanicamente de la terminal.<\/p>\n<p style=\"text-align: justify;\">En informaci\u00f3n complementaria difundida en julio, la dependencia precis\u00f3 que esa cantidad no incluye los costos de los estudios de preinversi\u00f3n (885.6 millones de pesos) ni del nuevo equipamiento t\u00e9cnico de los Servicios a la Navegaci\u00f3n en el Espacio A\u00e9reo Mexicano (Seneam) \u20141,877.9 millones de pesos\u2014.<\/p>\n<p style=\"text-align: justify;\">El desglose del nuevo monto de inversi\u00f3n se encuentra reservado en el documento (aunque se dice que son cinco rubros), por lo que no es posible conocer en qu\u00e9 renglones se incrementaron los costos (en el primer ajuste, de 70,342.1 a 78,557.3 millones de pesos, se incluy\u00f3 la compra de terrenos y la reubicaci\u00f3n militar dentro del mismo terreno, no contemplada inicialmente).<\/p>\n<p style=\"text-align: justify;\">Sobre el proyecto que desarrolla la Sedena, se reiter\u00f3 en el nuevo texto: el periodo de construcci\u00f3n de la infraestructura necesaria para la correcta operaci\u00f3n y funcionamiento del AISL ser\u00e1 de 30 meses, destacando que se continuar\u00e1 con las operaciones de \u00edndole militar ya que se contar\u00e1 con una pista (de tres) para fines exclusivamente militares, permitiendo con esto realizar \u00e1gil y oportunamente las actividades que permitan preservar la integridad y soberan\u00eda de la naci\u00f3n, as\u00ed como auxiliar a la poblaci\u00f3n civil en alg\u00fan tipo de desastre.<\/p>\n<p style=\"text-align: justify;\">A pesar de que formalmente los trabajos constructivos no inician por los procesos legales emprendidos por el colectivo No M\u00e1s Derroches, el informe del segundo trimestre del a\u00f1o sobre la Situaci\u00f3n Econ\u00f3mica, las Finanzas P\u00fablicas y la Deuda P\u00fablicas refiere que el proyecto tiene un avance f\u00edsico de 3%, acumulado hasta el mes de junio, y un monto ejercido de 3,815.7 millones de pesos.<\/p>\n<p style=\"text-align: justify;\">En el documento del primer trimestre, requerido para los proyectos que se desarrollan con recursos p\u00fablicos, no aparec\u00eda a\u00fan registrado el proyecto completo (solamente estaba el relacionado con los estudios de preinversi\u00f3n.<\/p>\n<p style=\"text-align: justify;\"><strong>Inc\u00f3gnita en el costo beneficio<\/strong><\/p>\n<p style=\"text-align: justify;\">El pasado 29 de abril, cuando el presidente Andr\u00e9s Manuel L\u00f3pez Obrador visit\u00f3 las instalaciones militares de Santa Luc\u00eda, se dio a conocer que el estudio costo-beneficio del proyecto (que entre otras cosas define el monto total requerido) estaba registrado en la Secretar\u00eda de Hacienda desde el d\u00eda cuatro del mismo mes.<\/p>\n<p style=\"text-align: justify;\">Sin embargo, a la fecha no se puede consultar porque est\u00e1 en proceso de actualizaci\u00f3n y tiene un plazo de hasta 180 d\u00edas h\u00e1biles.<\/p>\n<p style=\"text-align: justify;\">Dicho estudio es uno de los requeridos por la autoridad hacendaria, para lo cual se le otorgaron a la Sedena 885.6 millones de pesos y en su justificaci\u00f3n se habl\u00f3 de la necesidad de \u201ccontar con un conjunto de elementos relacionados con l\u00f3gica, tecnol\u00f3gica y cronol\u00f3gicamente para el dise\u00f1o del proyecto que se ejecutan en un periodo de tiempo determinado, y tienen como objetivo resolver un problema, satisfacer una necesidad o aprovechar una oportunidad\u201d.<\/p>\n<p style=\"text-align: justify;\">Actualmente tampoco se sabe qui\u00e9n lo realiz\u00f3 ni qu\u00e9 m\u00e9todo de contrataci\u00f3n se eligi\u00f3.<\/p>\n<p style=\"text-align: justify;\"><strong>Plan maestro de la obra<\/strong><\/p>\n<p style=\"text-align: justify;\">Seguridad nacional, prioridad de Santa Luc\u00eda: Sedena<\/p>\n<p style=\"text-align: justify;\">Previo a la ejecuci\u00f3n del proyecto del aeropuerto de Santa Luc\u00eda, la Sedena actualiz\u00f3 el plan maestro el mes pasado e incluy\u00f3 informaci\u00f3n para justificar que su desarrollo es asunto de seguridad nacional y que administrarlo, como se le instruy\u00f3, \u201cfomentar\u00e1 una operaci\u00f3n \u00e1gil, con altos est\u00e1ndares de calidad y con los m\u00e1s elevados niveles de seguridad y confiabilidad en materia aeroportuaria\u201d.<\/p>\n<p style=\"text-align: justify;\">En el documento se menciona que el terreno donde se construir\u00e1 alberga instalaciones estrat\u00e9gicas del Ej\u00e9rcito, desde \u00f3rganos de mando y control del valle de M\u00e9xico, grandes unidades de la Polic\u00eda Militar con capacidad de despliegue y los principales centros log\u00edsticos para abastecimientos de insumos del Ej\u00e9rcito y Fuerza A\u00e9rea, entre otras.<\/p>\n<p style=\"text-align: justify;\">As\u00ed, la construcci\u00f3n del aeropuerto tiene \u201cuna importante connotaci\u00f3n en la seguridad nacional\u201d, por lo delicado y complejo de las responsabilidades que tienen los organismos acantonados en el complejo, los trabajos que se lleven a cabo deben realizarse con la mayor rapidez, con un alto grado de coordinaci\u00f3n y secrec\u00eda por parte de los ejecutantes, para no interferir y obstaculizar la necesaria continuidad de las operaciones.<\/p>\n<p style=\"text-align: justify;\">Adem\u00e1s, se pide considerar \u201clo complejo y delicado que resultar\u00e1 construir, demoler y reubicar dentro de dicha \u00e1rea y de otros campos militares de manera simult\u00e1nea instalaciones de importancia militar para la Defensa Nacional, que ser\u00e1n afectadas por las nuevas construcciones\u201d.<\/p>\n<p style=\"text-align: justify;\">Para justificar que la dependencia ser\u00e1 la encargada de la obra, se reitera que en el caso de que se decidiera contratar empresas civiles para su construcci\u00f3n en sustituci\u00f3n de los ingenieros militares, existir\u00eda la posibilidad de que la obra no se concluya en tiempo y forma, se incrementen los costos iniciales de ejecuci\u00f3n, se incurra en posibles demandas o paros injustificados de los trabajadores y se filtre informaci\u00f3n que pondr\u00eda en riesgo la seguridad nacional. (El Economista)<\/p>\n","protected":false},"excerpt":{"rendered":"","protected":false},"author":6,"featured_media":20436,"comment_status":"open","ping_status":"open","sticky":false,"template":"","format":"standard","meta":{"_acf_changed":false,"_monsterinsights_skip_tracking":false,"slim_seo":{"title":"Sedena recalcula costo de Santa Luc\u00eda: ser\u00e1 17% mayor - Opini\u00f3n P\u00fablica","description":"Ciudad de M\u00e9xico .- El costo del proyecto de construcci\u00f3n del Aeropuerto Internacional de Santa Luc\u00eda (AISL), su interconexi\u00f3n con el de la Ciudad de M\u00e9xico y l"},"footnotes":""},"categories":[9],"tags":[],"class_list":["post-20437","post","type-post","status-publish","format-standard","has-post-thumbnail","hentry","category-nacional"],"acf":[],"_links":{"self":[{"href":"https:\/\/www.opinionpublica.tv\/portada\/wp-json\/wp\/v2\/posts\/20437","targetHints":{"allow":["GET"]}}],"collection":[{"href":"https:\/\/www.opinionpublica.tv\/portada\/wp-json\/wp\/v2\/posts"}],"about":[{"href":"https:\/\/www.opinionpublica.tv\/portada\/wp-json\/wp\/v2\/types\/post"}],"author":[{"embeddable":true,"href":"https:\/\/www.opinionpublica.tv\/portada\/wp-json\/wp\/v2\/users\/6"}],"replies":[{"embeddable":true,"href":"https:\/\/www.opinionpublica.tv\/portada\/wp-json\/wp\/v2\/comments?post=20437"}],"version-history":[{"count":0,"href":"https:\/\/www.opinionpublica.tv\/portada\/wp-json\/wp\/v2\/posts\/20437\/revisions"}],"wp:featuredmedia":[{"embeddable":true,"href":"https:\/\/www.opinionpublica.tv\/portada\/wp-json\/wp\/v2\/media\/20436"}],"wp:attachment":[{"href":"https:\/\/www.opinionpublica.tv\/portada\/wp-json\/wp\/v2\/media?parent=20437"}],"wp:term":[{"taxonomy":"category","embeddable":true,"href":"https:\/\/www.opinionpublica.tv\/portada\/wp-json\/wp\/v2\/categories?post=20437"},{"taxonomy":"post_tag","embeddable":true,"href":"https:\/\/www.opinionpublica.tv\/portada\/wp-json\/wp\/v2\/tags?post=20437"}],"curies":[{"name":"wp","href":"https:\/\/api.w.org\/{rel}","templated":true}]}}