{"id":2035,"date":"2016-08-09T06:00:00","date_gmt":"2016-08-09T04:00:00","guid":{"rendered":"https:\/\/www.opinionpublica.tv\/portada\/2016\/08\/09\/avanza-mexico-a-octavos-de-final-en-box\/"},"modified":"2016-08-09T06:00:00","modified_gmt":"2016-08-09T04:00:00","slug":"avanza-mexico-a-octavos-de-final-en-box","status":"publish","type":"post","link":"https:\/\/www.opinionpublica.tv\/portada\/avanza-mexico-a-octavos-de-final-en-box\/","title":{"rendered":"Avanza M\u00e9xico a octavos de final en box"},"content":{"rendered":"<p><img fetchpriority=\"high\" decoding=\"async\" class=\" size-full wp-image-2034\" src=\"https:\/\/www.opinionpublica.tv\/portada\/wp-content\/uploads\/2016\/08\/b6f5cdd07f1a2d0d7e83dfb5ca861277.jpg\" alt=\"\" width=\"444\" height=\"282\" srcset=\"https:\/\/www.opinionpublica.tv\/portada\/wp-content\/uploads\/2016\/08\/b6f5cdd07f1a2d0d7e83dfb5ca861277.jpg 444w, https:\/\/www.opinionpublica.tv\/portada\/wp-content\/uploads\/2016\/08\/b6f5cdd07f1a2d0d7e83dfb5ca861277-300x191.jpg 300w\" sizes=\"(max-width: 444px) 100vw, 444px\" \/><\/p>\n<p style=\"text-align: justify;\">El p\u00fagil mexicano\u00a0Misael Rodr\u00edguez\u00a0avanz\u00f3 a los octavos de final, luego de vencer a\u00a0Waheed Karaawi\u00a0de Irak en la ronda de preliminares de la categor\u00eda de 75 kilogramos de los Juegos Ol\u00edmpicos de R\u00edo 2016.<\/p>\n<p><!--more--><\/p>\n<p style=\"text-align: justify;\">Las tarjetas de los tres jueces vieron ganador al mexicano por id\u00e9ntico 29-28 en prueba que se desarroll\u00f3 en el\u00a0Pabell\u00f3n 6 del Riocentro.<\/p>\n<p style=\"text-align: justify;\">En la siguiente fase enfrentar\u00eda al irland\u00e9s\u00a0Michael O&#8217;Reilly, quien enfrenta un posible doping.\u00a0 El combate se desarrollar\u00eda el pr\u00f3ximo viernes. Si se comprobara el dopaje del irland\u00e9s, el mexicano avanzar\u00eda a cuartos.<\/p>\n<p style=\"text-align: justify;\">Este mi\u00e9rcoles, el boxeador mexicano Ra\u00fal Curiel se medir\u00e1 ante el chino Quianxun Hu en la categor\u00eda welter.<\/p>\n<p style=\"text-align: justify;\">Por su parte, el otro mexicano que ver\u00e1 acci\u00f3n en la ronda de preliminares el pr\u00f3ximo s\u00e1bado, es El\u00edas Emigdio, quien se medir\u00e1 a Enkhn-Amar Kharkhuku.<\/p>\n","protected":false},"excerpt":{"rendered":"<p>El p\u00fagil mexicano\u00a0Misael Rodr\u00edguez\u00a0avanz\u00f3 a los octavos de final, luego de vencer a\u00a0Waheed Karaawi\u00a0de Irak en la ronda de preliminares de la categor\u00eda de 75 kilogramos de los Juegos Ol\u00edmpicos de R\u00edo 2016.<\/p>\n","protected":false},"author":5,"featured_media":2034,"comment_status":"open","ping_status":"open","sticky":false,"template":"","format":"standard","meta":{"_acf_changed":false,"_monsterinsights_skip_tracking":false,"_monsterinsights_sitenote_active":false,"_monsterinsights_sitenote_note":"","_monsterinsights_sitenote_category":0,"slim_seo":{"title":"Avanza M\u00e9xico a octavos de final en box - Opini\u00f3n P\u00fablica","description":"El p\u00fagil mexicano\u00a0Misael Rodr\u00edguez\u00a0avanz\u00f3 a los octavos de final, luego de vencer a\u00a0Waheed Karaawi\u00a0de Irak en la ronda de preliminares de la categor\u00eda de 75 kil"},"footnotes":""},"categories":[6],"tags":[],"class_list":["post-2035","post","type-post","status-publish","format-standard","has-post-thumbnail","hentry","category-rio-2016"],"acf":[],"_links":{"self":[{"href":"https:\/\/www.opinionpublica.tv\/portada\/wp-json\/wp\/v2\/posts\/2035","targetHints":{"allow":["GET"]}}],"collection":[{"href":"https:\/\/www.opinionpublica.tv\/portada\/wp-json\/wp\/v2\/posts"}],"about":[{"href":"https:\/\/www.opinionpublica.tv\/portada\/wp-json\/wp\/v2\/types\/post"}],"author":[{"embeddable":true,"href":"https:\/\/www.opinionpublica.tv\/portada\/wp-json\/wp\/v2\/users\/5"}],"replies":[{"embeddable":true,"href":"https:\/\/www.opinionpublica.tv\/portada\/wp-json\/wp\/v2\/comments?post=2035"}],"version-history":[{"count":0,"href":"https:\/\/www.opinionpublica.tv\/portada\/wp-json\/wp\/v2\/posts\/2035\/revisions"}],"wp:featuredmedia":[{"embeddable":true,"href":"https:\/\/www.opinionpublica.tv\/portada\/wp-json\/wp\/v2\/media\/2034"}],"wp:attachment":[{"href":"https:\/\/www.opinionpublica.tv\/portada\/wp-json\/wp\/v2\/media?parent=2035"}],"wp:term":[{"taxonomy":"category","embeddable":true,"href":"https:\/\/www.opinionpublica.tv\/portada\/wp-json\/wp\/v2\/categories?post=2035"},{"taxonomy":"post_tag","embeddable":true,"href":"https:\/\/www.opinionpublica.tv\/portada\/wp-json\/wp\/v2\/tags?post=2035"}],"curies":[{"name":"wp","href":"https:\/\/api.w.org\/{rel}","templated":true}]}}