{"id":20330,"date":"2019-07-13T06:00:00","date_gmt":"2019-07-13T04:00:00","guid":{"rendered":"https:\/\/www.opinionpublica.tv\/portada\/2019\/07\/13\/faltan-123-mil-medicos-en-el-pais-afirma-lopez-obrador\/"},"modified":"2019-07-13T06:00:00","modified_gmt":"2019-07-13T04:00:00","slug":"faltan-123-mil-medicos-en-el-pais-afirma-lopez-obrador","status":"publish","type":"post","link":"https:\/\/www.opinionpublica.tv\/portada\/faltan-123-mil-medicos-en-el-pais-afirma-lopez-obrador\/","title":{"rendered":"Faltan 123 mil m\u00e9dicos en todo el pa\u00eds, asegura L\u00f3pez Obrador"},"content":{"rendered":"<p><img fetchpriority=\"high\" decoding=\"async\" class=\" size-full wp-image-20329\" src=\"https:\/\/www.opinionpublica.tv\/portada\/wp-content\/uploads\/2019\/07\/136a3466120c11b6f56248e118b450ea.jpg\" alt=\"\" class=\"caption\" title=\"Andr\u00e9s Manuel L\u00f3pez Obrador, presidente de M\u00e9xico.\" width=\"530\" height=\"398\" srcset=\"https:\/\/www.opinionpublica.tv\/portada\/wp-content\/uploads\/2019\/07\/136a3466120c11b6f56248e118b450ea.jpg 530w, https:\/\/www.opinionpublica.tv\/portada\/wp-content\/uploads\/2019\/07\/136a3466120c11b6f56248e118b450ea-300x225.jpg 300w\" sizes=\"(max-width: 530px) 100vw, 530px\" \/><br \/>\n<!--more--><\/p>\n<p style=\"text-align: justify;\"><em>Michoac\u00e1n<\/em>.- El presidente de M\u00e9xico, Andr\u00e9s Manuel L\u00f3pez Obrador afirm\u00f3 que un dato revelador del abandono al sector Salud es que s\u00f3lo hay 270 mil 600 m\u00e9dicos generales en el pa\u00eds, cuando deber\u00eda haber 393 mil 600, de acuerdo con la norma internacional.<\/p>\n<p style=\"text-align: justify;\">\u201cNos faltan 123 mil m\u00e9dicos\u201d, expres\u00f3 el mandatario federal al encabezar un Di\u00e1logo con la Comunidad del Hospital Rural de Villamar, donde enfatiz\u00f3 que mientras \u00e9l sea presidente no habr\u00e1 incrementos a los precios de las gasolinas \u00abno ha habido y ni habr\u00e1 &#8216;gasolinazos'\u00bb.<\/p>\n<p style=\"text-align: justify;\">Tras se\u00f1alar que\u00a0se atender\u00e1 el problema de la salud, que es m\u00e1s grave que el de la educaci\u00f3n,\u00a0L\u00f3pez Obrador explic\u00f3 el porqu\u00e9 del faltante de m\u00e9dicos, \u00abporque no aceptaban a estudiantes de medicina en las universidades, por eso el rezago\u201d.<\/p>\n<p style=\"text-align: justify;\">Se\u00f1al\u00f3 que por ello se crea el Instituto de la Salud para el Bienestar y se har\u00e1n convenios con las universidades para impulsar la formaci\u00f3n de m\u00e1s m\u00e9dicos generales y especialistas. (Exc\u00e9lsior)<\/p>\n","protected":false},"excerpt":{"rendered":"","protected":false},"author":6,"featured_media":20329,"comment_status":"open","ping_status":"open","sticky":false,"template":"","format":"standard","meta":{"_acf_changed":false,"_monsterinsights_skip_tracking":false,"slim_seo":{"title":"Faltan 123 mil m\u00e9dicos en todo el pa\u00eds, asegura L\u00f3pez Obrador - Opini\u00f3n P\u00fablica","description":"Michoac\u00e1n .- El presidente de M\u00e9xico, Andr\u00e9s Manuel L\u00f3pez Obrador afirm\u00f3 que un dato revelador del abandono al sector Salud es que s\u00f3lo hay 270 mil 600 m\u00e9dicos"},"footnotes":""},"categories":[9],"tags":[],"class_list":["post-20330","post","type-post","status-publish","format-standard","has-post-thumbnail","hentry","category-nacional"],"acf":[],"_links":{"self":[{"href":"https:\/\/www.opinionpublica.tv\/portada\/wp-json\/wp\/v2\/posts\/20330","targetHints":{"allow":["GET"]}}],"collection":[{"href":"https:\/\/www.opinionpublica.tv\/portada\/wp-json\/wp\/v2\/posts"}],"about":[{"href":"https:\/\/www.opinionpublica.tv\/portada\/wp-json\/wp\/v2\/types\/post"}],"author":[{"embeddable":true,"href":"https:\/\/www.opinionpublica.tv\/portada\/wp-json\/wp\/v2\/users\/6"}],"replies":[{"embeddable":true,"href":"https:\/\/www.opinionpublica.tv\/portada\/wp-json\/wp\/v2\/comments?post=20330"}],"version-history":[{"count":0,"href":"https:\/\/www.opinionpublica.tv\/portada\/wp-json\/wp\/v2\/posts\/20330\/revisions"}],"wp:featuredmedia":[{"embeddable":true,"href":"https:\/\/www.opinionpublica.tv\/portada\/wp-json\/wp\/v2\/media\/20329"}],"wp:attachment":[{"href":"https:\/\/www.opinionpublica.tv\/portada\/wp-json\/wp\/v2\/media?parent=20330"}],"wp:term":[{"taxonomy":"category","embeddable":true,"href":"https:\/\/www.opinionpublica.tv\/portada\/wp-json\/wp\/v2\/categories?post=20330"},{"taxonomy":"post_tag","embeddable":true,"href":"https:\/\/www.opinionpublica.tv\/portada\/wp-json\/wp\/v2\/tags?post=20330"}],"curies":[{"name":"wp","href":"https:\/\/api.w.org\/{rel}","templated":true}]}}