{"id":2033,"date":"2016-08-09T06:00:00","date_gmt":"2016-08-09T04:00:00","guid":{"rendered":"https:\/\/www.opinionpublica.tv\/portada\/2016\/08\/09\/recorre-pena-nieto-zonas-devastadas-por-huracan-earl\/"},"modified":"2016-08-09T06:00:00","modified_gmt":"2016-08-09T04:00:00","slug":"recorre-pena-nieto-zonas-devastadas-por-huracan-earl","status":"publish","type":"post","link":"https:\/\/www.opinionpublica.tv\/portada\/recorre-pena-nieto-zonas-devastadas-por-huracan-earl\/","title":{"rendered":"Recorre Pe\u00f1a Nieto zonas devastadas por hurac\u00e1n Earl"},"content":{"rendered":"<p><img fetchpriority=\"high\" decoding=\"async\" class=\" size-full wp-image-2032\" src=\"https:\/\/www.opinionpublica.tv\/portada\/wp-content\/uploads\/2016\/08\/7a1f84e37f4e5fce0f7ca56b70c7e49a.jpg\" alt=\"\" width=\"1000\" height=\"750\" srcset=\"https:\/\/www.opinionpublica.tv\/portada\/wp-content\/uploads\/2016\/08\/7a1f84e37f4e5fce0f7ca56b70c7e49a.jpg 1000w, https:\/\/www.opinionpublica.tv\/portada\/wp-content\/uploads\/2016\/08\/7a1f84e37f4e5fce0f7ca56b70c7e49a-300x225.jpg 300w, https:\/\/www.opinionpublica.tv\/portada\/wp-content\/uploads\/2016\/08\/7a1f84e37f4e5fce0f7ca56b70c7e49a-768x576.jpg 768w\" sizes=\"(max-width: 1000px) 100vw, 1000px\" \/><\/p>\n<p style=\"text-align: justify;\">El presidente de la Rep\u00fablica,\u00a0Enrique Pe\u00f1a Nieto, realiz\u00f3 un recorrido en\u00a0el municipio de Huauchinango, Puebla, que result\u00f3 afectado por los efectos del hurac\u00e1n Earl.<\/p>\n<p><!--more--><\/p>\n<p style=\"text-align: justify;\">Hasta ahora se estima que hay 49 muertos en Veracruz y Puebla, como consecuencia de los deslaves ocasionados por este fen\u00f3meno meteorol\u00f3gico.<\/p>\n<p style=\"text-align: justify;\">Se\u00f1al\u00f3 que el Gobierno de la Rep\u00fablica apoya\u00a0las\u00a0labores de reconstrucci\u00f3n, ante los da\u00f1os generados en buena parte de la infraestructura, sobre todo, en comunicaciones, varios caminos, carreteras quedaron da\u00f1adas por los diferentes deslaves y, adem\u00e1s, algunos otros servicios que eventualmente se vieron tambi\u00e9n obstruidos y afectados.<\/p>\n<p style=\"text-align: justify;\">\u00abNos convoca hacer un frente com\u00fan, de manera muy pragm\u00e1tica, muy resuelta y muy decidida. Yo creo que podemos trabajar, y lo estamos haciendo, de manera muy coordinada, y s\u00f3lo apuro a que lo hagamos de forma acelerada para que lo m\u00e1s pronto posible la poblaci\u00f3n vuelva a condiciones de normalidad\u00bb, dijo el mandatario nacional.<\/p>\n<p style=\"text-align: justify;\">Por este motivo, se realiz\u00f3 una reuni\u00f3n de evaluaci\u00f3n con el Gobernador del estado y con las autoridades del Gobierno Federal y del gobierno del estado, para hacer un balance de lo que se ha generado, en el Estado de Puebla, definir\u00a0cu\u00e1les son las acciones que ya se est\u00e1n llevando a cabo, y por instrucci\u00f3n presidencial los titulares de las dependencias del Gobierno de la Rep\u00fablica trabajar\u00e1n en tres vertientes:<\/p>\n<p style=\"text-align: justify;\">1)\u00a0Atender en la emergencia a las familias afectadas<strong>\u00a0<\/strong>para que lo m\u00e1s pronto posible regresen a sus actividades cotidianas. A\u00a0trav\u00e9s de la Secretar\u00eda de Desarrollo Social ya est\u00e1n fluyendo apoyos, empleo temporal y despensas.<\/p>\n<p style=\"text-align: justify;\">2) Apoyar la\u00a0reconstrucci\u00f3n de viviendas que resultaron parcial o totalmente afectadas.\u00a0Con el apoyo de los gobiernos municipal y estatal a efecto de ubicar alg\u00fan terreno donde se puedan construir viviendas nuevas, fuera de zonas de riesgo. Protecci\u00f3n Civil ubicar\u00e1 las zonas en las que ya no se podr\u00e1n reconstruir viviendas por su peligrosidad, a efecto de reubicar a las familias que ah\u00ed se asentaban en zonas m\u00e1s seguras.<\/p>\n<p style=\"text-align: justify;\">3) Acelerar la\u00a0reconstrucci\u00f3n de la infraestructura que result\u00f3 da\u00f1ada.Con recursos del Fondo de Desastres Naturales (FONDEN) se emprender\u00e1n las acciones de reconstrucci\u00f3n.<\/p>\n<p style=\"text-align: justify;\">La Secretar\u00eda de Desarrollo Agrario, Territorial y Urbano (SEDATU) encargada, particularmente de apoyar la reconstrucci\u00f3n de vivienda, estima hasta ahora, que son cerca de 300 viviendas las que resultaron afectadas,\u00a0algunas destruidas y otras que est\u00e1n en esa posibilidad de derrumbarse.<\/p>\n<p style=\"text-align: justify;\">La Presidencia de la Rep\u00fablica inform\u00f3 que a\u00a0trav\u00e9s de la Comisi\u00f3n Nacional del Agua, ya est\u00e1n operando potabilizadoras de agua, para que haya abasto del vital l\u00edquido, sobre todo para quienes perdieron este servicio.<\/p>\n","protected":false},"excerpt":{"rendered":"<p>El presidente de la Rep\u00fablica,\u00a0Enrique Pe\u00f1a Nieto, realiz\u00f3 un recorrido en\u00a0el municipio de Huauchinango, Puebla, que result\u00f3 afectado por los efectos del hurac\u00e1n Earl.<\/p>\n","protected":false},"author":5,"featured_media":2032,"comment_status":"open","ping_status":"open","sticky":false,"template":"","format":"standard","meta":{"_acf_changed":false,"_monsterinsights_skip_tracking":false,"_monsterinsights_sitenote_active":false,"_monsterinsights_sitenote_note":"","_monsterinsights_sitenote_category":0,"slim_seo":{"title":"Recorre Pe\u00f1a Nieto zonas devastadas por hurac\u00e1n Earl - Opini\u00f3n P\u00fablica","description":"El presidente de la Rep\u00fablica,\u00a0Enrique Pe\u00f1a Nieto, realiz\u00f3 un recorrido en\u00a0el municipio de Huauchinango, Puebla, que result\u00f3 afectado por los efectos del hurac\u00e1"},"footnotes":""},"categories":[9],"tags":[],"class_list":["post-2033","post","type-post","status-publish","format-standard","has-post-thumbnail","hentry","category-nacional"],"acf":[],"_links":{"self":[{"href":"https:\/\/www.opinionpublica.tv\/portada\/wp-json\/wp\/v2\/posts\/2033","targetHints":{"allow":["GET"]}}],"collection":[{"href":"https:\/\/www.opinionpublica.tv\/portada\/wp-json\/wp\/v2\/posts"}],"about":[{"href":"https:\/\/www.opinionpublica.tv\/portada\/wp-json\/wp\/v2\/types\/post"}],"author":[{"embeddable":true,"href":"https:\/\/www.opinionpublica.tv\/portada\/wp-json\/wp\/v2\/users\/5"}],"replies":[{"embeddable":true,"href":"https:\/\/www.opinionpublica.tv\/portada\/wp-json\/wp\/v2\/comments?post=2033"}],"version-history":[{"count":0,"href":"https:\/\/www.opinionpublica.tv\/portada\/wp-json\/wp\/v2\/posts\/2033\/revisions"}],"wp:featuredmedia":[{"embeddable":true,"href":"https:\/\/www.opinionpublica.tv\/portada\/wp-json\/wp\/v2\/media\/2032"}],"wp:attachment":[{"href":"https:\/\/www.opinionpublica.tv\/portada\/wp-json\/wp\/v2\/media?parent=2033"}],"wp:term":[{"taxonomy":"category","embeddable":true,"href":"https:\/\/www.opinionpublica.tv\/portada\/wp-json\/wp\/v2\/categories?post=2033"},{"taxonomy":"post_tag","embeddable":true,"href":"https:\/\/www.opinionpublica.tv\/portada\/wp-json\/wp\/v2\/tags?post=2033"}],"curies":[{"name":"wp","href":"https:\/\/api.w.org\/{rel}","templated":true}]}}