{"id":2029,"date":"2016-08-09T06:00:00","date_gmt":"2016-08-09T04:00:00","guid":{"rendered":"https:\/\/www.opinionpublica.tv\/portada\/2016\/08\/09\/confirma-pri-nueva-impugnacion-contra-cabada-ante-el-trife\/"},"modified":"2016-08-09T06:00:00","modified_gmt":"2016-08-09T04:00:00","slug":"confirma-pri-nueva-impugnacion-contra-cabada-ante-el-trife","status":"publish","type":"post","link":"https:\/\/www.opinionpublica.tv\/portada\/confirma-pri-nueva-impugnacion-contra-cabada-ante-el-trife\/","title":{"rendered":"Confirma PRI nueva impugnaci\u00f3n contra Cabada ante el TRIFE"},"content":{"rendered":"<p><img fetchpriority=\"high\" decoding=\"async\" class=\" size-full wp-image-2028\" src=\"https:\/\/www.opinionpublica.tv\/portada\/wp-content\/uploads\/2016\/08\/247b6f95024acacb9e1c80decc27ce13.jpg\" alt=\"\" width=\"600\" height=\"369\" srcset=\"https:\/\/www.opinionpublica.tv\/portada\/wp-content\/uploads\/2016\/08\/247b6f95024acacb9e1c80decc27ce13.jpg 600w, https:\/\/www.opinionpublica.tv\/portada\/wp-content\/uploads\/2016\/08\/247b6f95024acacb9e1c80decc27ce13-300x185.jpg 300w\" sizes=\"(max-width: 600px) 100vw, 600px\" \/><\/p>\n<p style=\"text-align: justify;\">Luego de la resoluci\u00f3n del Tribunal Estatal Electoral que este lunes ratific\u00f3 el triunfo del presidente municipal electo de Ju\u00e1rez, Armando Cabada Alv\u00eddrez, el presidente estatal del PRI Guillermo Dowell Delgado confirm\u00f3 este martes que impugnar\u00e1n de nuevo esa decisi\u00f3n, esta vez ante el Tribunal Electoral de la Federaci\u00f3n (TRIFE).<\/p>\n<p><!--more--><\/p>\n<p style=\"text-align: justify;\">Dowell explic\u00f3 que su partido est\u00e1 en todo su derecho de solicitar un nuevo juicio de revisi\u00f3n ante la instancia federal, tras asegurar que el proceso del pasado 5 de junio estuvo plagado de situaciones irregulares, tanto en Ju\u00e1rez como a nivel estatal con la elecci\u00f3n de gobernador, que tambi\u00e9n fue impugnada ante el TRIFE.<\/p>\n<p style=\"text-align: justify;\">Mencion\u00f3 que tomar\u00e1n como base la anulaci\u00f3n de 49 casillas, ya que nunca antes se hab\u00edan anulado tantos votos, tanto en la elecci\u00f3n de gobernador, como la del presidente municipal de Ju\u00e1rez.<\/p>\n<p style=\"text-align: justify;\">Se\u00f1al\u00f3 que el PRI ya esperaba la resoluci\u00f3n dictada este lunes a nivel estatal, y por ello, el equipo de abogados de su partido est\u00e1 revisando todos los detalles de este fallo para integrar la nueva impugnaci\u00f3n que se presentar\u00e1 ante la Sala Regional del TRIFE con sede en Guadalajara, Jalisco.<\/p>\n<p style=\"text-align: justify;\">El l\u00edder tricolor anunci\u00f3 que van a revisar los criterios del Instituto Estatal Electoral en materia de medios de comunicaci\u00f3n, ya que el independiente Armando Cabada incurri\u00f3 en muchas irregularidades desde su propia televisora.<\/p>\n","protected":false},"excerpt":{"rendered":"<p>Luego de la resoluci\u00f3n del Tribunal Estatal Electoral que este lunes ratific\u00f3 el triunfo del presidente municipal electo de Ju\u00e1rez, Armando Cabada Alv\u00eddrez, el presidente estatal del PRI Guillermo Dowell Delgado confirm\u00f3 este martes que impugnar\u00e1n de nuevo esa decisi\u00f3n, esta vez ante el Tribunal Electoral de la Federaci\u00f3n (TRIFE).<\/p>\n","protected":false},"author":5,"featured_media":2028,"comment_status":"open","ping_status":"open","sticky":false,"template":"","format":"standard","meta":{"_acf_changed":false,"_monsterinsights_skip_tracking":false,"slim_seo":{"title":"Confirma PRI nueva impugnaci\u00f3n contra Cabada ante el TRIFE - Opini\u00f3n P\u00fablica","description":"Luego de la resoluci\u00f3n del Tribunal Estatal Electoral que este lunes ratific\u00f3 el triunfo del presidente municipal electo de Ju\u00e1rez, Armando Cabada Alv\u00eddrez, el"},"footnotes":""},"categories":[3],"tags":[],"class_list":["post-2029","post","type-post","status-publish","format-standard","has-post-thumbnail","hentry","category-principal"],"acf":[],"_links":{"self":[{"href":"https:\/\/www.opinionpublica.tv\/portada\/wp-json\/wp\/v2\/posts\/2029","targetHints":{"allow":["GET"]}}],"collection":[{"href":"https:\/\/www.opinionpublica.tv\/portada\/wp-json\/wp\/v2\/posts"}],"about":[{"href":"https:\/\/www.opinionpublica.tv\/portada\/wp-json\/wp\/v2\/types\/post"}],"author":[{"embeddable":true,"href":"https:\/\/www.opinionpublica.tv\/portada\/wp-json\/wp\/v2\/users\/5"}],"replies":[{"embeddable":true,"href":"https:\/\/www.opinionpublica.tv\/portada\/wp-json\/wp\/v2\/comments?post=2029"}],"version-history":[{"count":0,"href":"https:\/\/www.opinionpublica.tv\/portada\/wp-json\/wp\/v2\/posts\/2029\/revisions"}],"wp:featuredmedia":[{"embeddable":true,"href":"https:\/\/www.opinionpublica.tv\/portada\/wp-json\/wp\/v2\/media\/2028"}],"wp:attachment":[{"href":"https:\/\/www.opinionpublica.tv\/portada\/wp-json\/wp\/v2\/media?parent=2029"}],"wp:term":[{"taxonomy":"category","embeddable":true,"href":"https:\/\/www.opinionpublica.tv\/portada\/wp-json\/wp\/v2\/categories?post=2029"},{"taxonomy":"post_tag","embeddable":true,"href":"https:\/\/www.opinionpublica.tv\/portada\/wp-json\/wp\/v2\/tags?post=2029"}],"curies":[{"name":"wp","href":"https:\/\/api.w.org\/{rel}","templated":true}]}}