{"id":2025,"date":"2016-08-09T06:00:00","date_gmt":"2016-08-09T04:00:00","guid":{"rendered":"https:\/\/www.opinionpublica.tv\/portada\/2016\/08\/09\/entran-en-vigencia-sanciones-de-estacionamientos\/"},"modified":"2016-08-09T06:00:00","modified_gmt":"2016-08-09T04:00:00","slug":"entran-en-vigencia-sanciones-de-estacionamientos","status":"publish","type":"post","link":"https:\/\/www.opinionpublica.tv\/portada\/entran-en-vigencia-sanciones-de-estacionamientos\/","title":{"rendered":"Entran en vigencia sanciones de estacionamientos"},"content":{"rendered":"<p><img fetchpriority=\"high\" decoding=\"async\" class=\" size-full wp-image-2024\" src=\"https:\/\/www.opinionpublica.tv\/portada\/wp-content\/uploads\/2016\/08\/17c2b3ce4732475c7746c079f65d091b.jpg\" alt=\"\" width=\"600\" height=\"400\" srcset=\"https:\/\/www.opinionpublica.tv\/portada\/wp-content\/uploads\/2016\/08\/17c2b3ce4732475c7746c079f65d091b.jpg 600w, https:\/\/www.opinionpublica.tv\/portada\/wp-content\/uploads\/2016\/08\/17c2b3ce4732475c7746c079f65d091b-300x200.jpg 300w\" sizes=\"(max-width: 600px) 100vw, 600px\" \/><\/p>\n<p style=\"text-align: justify;\">El Peri\u00f3dico Oficial del Estado public\u00f3 ya el cap\u00edtulo relativo a las sanciones a las que se har\u00e1n acreedores quienes incumplan el Reglamento para la Operaci\u00f3n de los Estacionamientos P\u00fablicos y Privados del Municipio de Ju\u00e1rez.<\/p>\n<p><!--more--><\/p>\n<p style=\"text-align: justify;\">Con estas modificaciones, las multas por incumplimiento ir\u00e1n desde los 5 hasta los 30 mil salarios m\u00ednimos o m\u00e1s, dependiendo del acumulamiento de faltas en que incurra el lugar sancionado.<\/p>\n<p style=\"text-align: justify;\">Seg\u00fan la aprobaci\u00f3n dada a conocer en el Peri\u00f3dico Oficial el pasado s\u00e1bado 6 de agosto y que entr\u00f3 en vigor ayer lunes, se actualiza el Art\u00edculo 30 del Reglamento para la Operaci\u00f3n de los Estacionamientos P\u00fablicos y Privados del Municipio de Ju\u00e1rez.<\/p>\n","protected":false},"excerpt":{"rendered":"<p>El Peri\u00f3dico Oficial del Estado public\u00f3 ya el cap\u00edtulo relativo a las sanciones a las que se har\u00e1n acreedores quienes incumplan el Reglamento para la Operaci\u00f3n de los Estacionamientos P\u00fablicos y Privados del Municipio de Ju\u00e1rez.<\/p>\n","protected":false},"author":1,"featured_media":2024,"comment_status":"open","ping_status":"open","sticky":false,"template":"","format":"standard","meta":{"_acf_changed":false,"_monsterinsights_skip_tracking":false,"slim_seo":{"title":"Entran en vigencia sanciones de estacionamientos - Opini\u00f3n P\u00fablica","description":"El Peri\u00f3dico Oficial del Estado public\u00f3 ya el cap\u00edtulo relativo a las sanciones a las que se har\u00e1n acreedores quienes incumplan el Reglamento para la Operaci\u00f3n"},"footnotes":""},"categories":[5],"tags":[],"class_list":["post-2025","post","type-post","status-publish","format-standard","has-post-thumbnail","hentry","category-frontera"],"acf":[],"_links":{"self":[{"href":"https:\/\/www.opinionpublica.tv\/portada\/wp-json\/wp\/v2\/posts\/2025","targetHints":{"allow":["GET"]}}],"collection":[{"href":"https:\/\/www.opinionpublica.tv\/portada\/wp-json\/wp\/v2\/posts"}],"about":[{"href":"https:\/\/www.opinionpublica.tv\/portada\/wp-json\/wp\/v2\/types\/post"}],"author":[{"embeddable":true,"href":"https:\/\/www.opinionpublica.tv\/portada\/wp-json\/wp\/v2\/users\/1"}],"replies":[{"embeddable":true,"href":"https:\/\/www.opinionpublica.tv\/portada\/wp-json\/wp\/v2\/comments?post=2025"}],"version-history":[{"count":0,"href":"https:\/\/www.opinionpublica.tv\/portada\/wp-json\/wp\/v2\/posts\/2025\/revisions"}],"wp:featuredmedia":[{"embeddable":true,"href":"https:\/\/www.opinionpublica.tv\/portada\/wp-json\/wp\/v2\/media\/2024"}],"wp:attachment":[{"href":"https:\/\/www.opinionpublica.tv\/portada\/wp-json\/wp\/v2\/media?parent=2025"}],"wp:term":[{"taxonomy":"category","embeddable":true,"href":"https:\/\/www.opinionpublica.tv\/portada\/wp-json\/wp\/v2\/categories?post=2025"},{"taxonomy":"post_tag","embeddable":true,"href":"https:\/\/www.opinionpublica.tv\/portada\/wp-json\/wp\/v2\/tags?post=2025"}],"curies":[{"name":"wp","href":"https:\/\/api.w.org\/{rel}","templated":true}]}}