{"id":20224,"date":"2019-07-04T06:00:00","date_gmt":"2019-07-04T04:00:00","guid":{"rendered":"https:\/\/www.opinionpublica.tv\/portada\/2019\/07\/04\/efemerides-4-de-julio-2\/"},"modified":"2019-07-04T06:00:00","modified_gmt":"2019-07-04T04:00:00","slug":"efemerides-4-de-julio-2","status":"publish","type":"post","link":"https:\/\/www.opinionpublica.tv\/portada\/efemerides-4-de-julio-2\/","title":{"rendered":"Efem\u00e9rides 4 de julio"},"content":{"rendered":"<img fetchpriority=\"high\" decoding=\"async\" class=\" size-full wp-image-20199\" src=\"https:\/\/www.opinionpublica.tv\/portada\/wp-content\/uploads\/2019\/07\/7f0230fb4a1f1a8ebd0698a6bb5d2ddf.jpg\" alt=\"\" class=\"caption\" title=\"La independencia de Estados Unidos se decret\u00f3 el 4 de julio de 1776.\" width=\"650\" height=\"377\" srcset=\"https:\/\/www.opinionpublica.tv\/portada\/wp-content\/uploads\/2019\/07\/7f0230fb4a1f1a8ebd0698a6bb5d2ddf.jpg 650w, https:\/\/www.opinionpublica.tv\/portada\/wp-content\/uploads\/2019\/07\/7f0230fb4a1f1a8ebd0698a6bb5d2ddf-300x174.jpg 300w\" sizes=\"(max-width: 650px) 100vw, 650px\" \/>\n<p style=\"text-align: justify;\">Un d\u00eda cuatro de julio como hoy, pero de 1776, el Congreso de Filadelfia aprueba por unanimidad la declaraci\u00f3n de independencia de las 13 Colonias de la Uni\u00f3n Americana, lo que hoy es Estados Unidos.<\/p>\n<p><!--more--><\/p>\n<p style=\"text-align: justify;\"><strong>Otras efem\u00e9rides<\/strong><\/p>\n<p style=\"text-align: justify;\">1541.- Muere Pedro de Alvarado, conquistador espa\u00f1ol.<\/p>\n<p style=\"text-align: justify;\">1807.- Nace Giuseppe Garibaldi, h\u00e9roe de la unidad italiana.<\/p>\n<p style=\"text-align: justify;\">1811.- Primera sesi\u00f3n del Congreso chileno, reunido en Santiago.<\/p>\n<p style=\"text-align: justify;\">1826.- Fallece Thomas Jefferson, redactor de la Declaraci\u00f3n de Independencia de Estados Unidos y tercer presidente del pa\u00eds.<\/p>\n<p style=\"text-align: justify;\">1826.- Muere John Adams, segundo presidente de Estados Unidos.<\/p>\n<p style=\"text-align: justify;\">1830.- Conquista de Argel por un cuerpo expedicionario franc\u00e9s.<\/p>\n<p style=\"text-align: justify;\">1904.- El general Reyes es elegido presidente de Colombia.<\/p>\n<p style=\"text-align: justify;\">1910.- Acuerdo ruso-japon\u00e9s por el que Jap\u00f3n deja actuar a Rusia en Manchuria y los rusos se inhiben de la invasi\u00f3n japonesa de Corea.<\/p>\n<p style=\"text-align: justify;\">1918.- Nace Taufa&#8217;ahau Tupou IV, rey de Tonga.<\/p>\n<p style=\"text-align: justify;\">1919.- El presidente peruano Jos\u00e9 Pardo y Barrera es derrocado y sustituido provisionalmente por Augusto B. Legu\u00eda.<\/p>\n<p style=\"text-align: justify;\">1923.- Convenio de Lausana, que prev\u00e9 la desmilitarizaci\u00f3n de los Estrechos bajo la vigilancia de una Comisi\u00f3n internacional.<\/p>\n<p style=\"text-align: justify;\">1924.- Estalla una sublevaci\u00f3n militar en el Estado brasile\u00f1o de Sao Paulo, que fue sofocada tras un mes de combates.<\/p>\n<p style=\"text-align: justify;\">1927.- Nace Gina Lollobrigida, actriz italiana.<\/p>\n<p style=\"text-align: justify;\">1929.- Nace Dario Castrill\u00f3n, cardenal colombiano.<\/p>\n<p style=\"text-align: justify;\">1934.- Fallece Marie Curie, f\u00edsica de origen polaco, dos veces Premio Nobel.<\/p>\n<p style=\"text-align: justify;\">1937.- Nace Sonia Haraldsen, reina de Noruega.<\/p>\n<p style=\"text-align: justify;\">1940.- La Francia de Vichy rompe relaciones con Inglaterra.<\/p>\n<p style=\"text-align: justify;\">1941.- Tito organiza la resistencia partisana en Yugoslavia.<\/p>\n<p style=\"text-align: justify;\">1946.- Se proclama la Rep\u00fablica de Filipinas.<\/p>\n<p style=\"text-align: justify;\">1948.- El c\u00f3lera causa 10,000 muertes en la India.<\/p>\n<p style=\"text-align: justify;\">1948.- Se sublevan las guarniciones de Juliaca y Puno, en Per\u00fa.<\/p>\n<p style=\"text-align: justify;\">1952.- Nace \u00c1lvaro Uribe, expresidente de Colombia.<\/p>\n<p style=\"text-align: justify;\">1966.- Se suspenden en Per\u00fa las libertades constitucionales por la actividad guerrillera.<\/p>\n<p style=\"text-align: justify;\">1976.- Jos\u00e9 L\u00f3pez Portillo (PRI) gana las elecciones presidenciales de M\u00e9xico.<\/p>\n<p style=\"text-align: justify;\">1979.- El expresidente de Argelia Ahmed Ben Bella es liberado de la c\u00e1rcel por decisi\u00f3n del Gobierno.<\/p>\n<p style=\"text-align: justify;\">1982.- Miguel de la Madrid gana las elecciones presidenciales de M\u00e9xico.<\/p>\n<p style=\"text-align: justify;\">1984.- El r\u00e9gimen militar uruguayo levanta por decreto las prohibiciones pol\u00edticas a dirigentes de izquierda para lograr la pacificaci\u00f3n del pa\u00eds.<\/p>\n<p style=\"text-align: justify;\">1991.- La Asamblea Nacional Constituyente de Colombia promulga una nueva Constituci\u00f3n, en sustituci\u00f3n de la de 1986.<\/p>\n<p style=\"text-align: justify;\">1991.- Espa\u00f1a y Marruecos firman en Rabat el Tratado de Amistad, Buena Vecindad y Cooperaci\u00f3n entre ambos pa\u00edses.<\/p>\n<p style=\"text-align: justify;\">1992.- Muere Astor Piazzola, compositor argentino de tangos.<\/p>\n<p style=\"text-align: justify;\">1994.- Guerra civil en Ruanda: el rebelde Frente Patri\u00f3tico tutsi toma la capital, Kigali.<\/p>\n<p style=\"text-align: justify;\">1997.- La nave no tripulada \u00abMars Pathfinder\u00bb se posa en Marte y ofrece las primeras im\u00e1genes de su superficie tras un viaje espacial de 500 millones de kil\u00f3metros.<\/p>\n<p style=\"text-align: justify;\">1999.- El presidente argelino, Abdelaziz Buteflika, indulta a miles de presos islamistas sin delitos de sangre, antes de que el Parlamento debata la Ley de Concordia Civil para la Reconciliaci\u00f3n Nacional.<\/p>\n<p style=\"text-align: justify;\">2001.- La Cumbre del CARICOM aprueba la creaci\u00f3n de un Mercado \u00danico Caribe\u00f1o para la libre circulaci\u00f3n de personas, capitales y bienes.<\/p>\n<p style=\"text-align: justify;\">2001.- El juez Urso procesa y dicta prisi\u00f3n preventiva contra el expresidente argentino Carlos Menem por considerarlo jefe de una \u00abasociaci\u00f3n il\u00edcita\u00bb que vendi\u00f3 armas ilegalmente a Ecuador y Croacia.<\/p>\n<p style=\"text-align: justify;\">2002.- Augusto Pinochet renuncia a su esca\u00f1o de senador vitalicio.<\/p>\n<p style=\"text-align: justify;\">2003.- Un atentado contra una mezquita chi\u00ed en la ciudad pakistan\u00ed de Q\u00fcetta causa 45 muertos.<\/p>\n<p style=\"text-align: justify;\">2003.- Fallece Barry White, cantante estadounidense.<\/p>\n<p style=\"text-align: justify;\">2005.- Al menos 669 muertos y 167 desaparecidos por las lluvias torrenciales y desbordamientos en China.<\/p>\n<p style=\"text-align: justify;\">2008.- Muere Jesse Helms, exsenador estadounidense.<\/p>\n<p style=\"text-align: justify;\">2012.- El Centro Europeo de F\u00edsica de Part\u00edculas anuncia el descubrimiento de lo que podr\u00eda ser el \u00abbos\u00f3n de Higgs\u00bb.<\/p>\n","protected":false},"excerpt":{"rendered":"<p>Un d\u00eda cuatro de julio como hoy, pero de 1776, el Congreso de Filadelfia aprueba por unanimidad la declaraci\u00f3n de independencia de las 13 Colonias de la Uni\u00f3n Americana, lo que hoy es Estados Unidos.<\/p>\n","protected":false},"author":6,"featured_media":20199,"comment_status":"open","ping_status":"open","sticky":false,"template":"","format":"standard","meta":{"_acf_changed":false,"_monsterinsights_skip_tracking":false,"slim_seo":{"title":"Efem\u00e9rides 4 de julio - Opini\u00f3n P\u00fablica","description":"Un d\u00eda cuatro de julio como hoy, pero de 1776, el Congreso de Filadelfia aprueba por unanimidad la declaraci\u00f3n de independencia de las 13 Colonias de la Uni\u00f3n A"},"footnotes":""},"categories":[27],"tags":[],"class_list":["post-20224","post","type-post","status-publish","format-standard","has-post-thumbnail","hentry","category-un-dia-como-hoy"],"acf":[],"_links":{"self":[{"href":"https:\/\/www.opinionpublica.tv\/portada\/wp-json\/wp\/v2\/posts\/20224","targetHints":{"allow":["GET"]}}],"collection":[{"href":"https:\/\/www.opinionpublica.tv\/portada\/wp-json\/wp\/v2\/posts"}],"about":[{"href":"https:\/\/www.opinionpublica.tv\/portada\/wp-json\/wp\/v2\/types\/post"}],"author":[{"embeddable":true,"href":"https:\/\/www.opinionpublica.tv\/portada\/wp-json\/wp\/v2\/users\/6"}],"replies":[{"embeddable":true,"href":"https:\/\/www.opinionpublica.tv\/portada\/wp-json\/wp\/v2\/comments?post=20224"}],"version-history":[{"count":0,"href":"https:\/\/www.opinionpublica.tv\/portada\/wp-json\/wp\/v2\/posts\/20224\/revisions"}],"wp:featuredmedia":[{"embeddable":true,"href":"https:\/\/www.opinionpublica.tv\/portada\/wp-json\/wp\/v2\/media\/20199"}],"wp:attachment":[{"href":"https:\/\/www.opinionpublica.tv\/portada\/wp-json\/wp\/v2\/media?parent=20224"}],"wp:term":[{"taxonomy":"category","embeddable":true,"href":"https:\/\/www.opinionpublica.tv\/portada\/wp-json\/wp\/v2\/categories?post=20224"},{"taxonomy":"post_tag","embeddable":true,"href":"https:\/\/www.opinionpublica.tv\/portada\/wp-json\/wp\/v2\/tags?post=20224"}],"curies":[{"name":"wp","href":"https:\/\/api.w.org\/{rel}","templated":true}]}}