{"id":2021,"date":"2016-08-09T06:00:00","date_gmt":"2016-08-09T04:00:00","guid":{"rendered":"https:\/\/www.opinionpublica.tv\/portada\/2016\/08\/09\/segunda-consulta-publica-para-el-plan-de-desarrollo-urbano-sustentable\/"},"modified":"2016-08-09T06:00:00","modified_gmt":"2016-08-09T04:00:00","slug":"segunda-consulta-publica-para-el-plan-de-desarrollo-urbano-sustentable","status":"publish","type":"post","link":"https:\/\/www.opinionpublica.tv\/portada\/segunda-consulta-publica-para-el-plan-de-desarrollo-urbano-sustentable\/","title":{"rendered":"Segunda consulta p\u00fablica para el Plan de Desarrollo Urbano Sustentable"},"content":{"rendered":"<p><img fetchpriority=\"high\" decoding=\"async\" class=\" size-full wp-image-2020\" src=\"https:\/\/www.opinionpublica.tv\/portada\/wp-content\/uploads\/2016\/08\/216e854e1c1543768b9e64c2a046ffcb.jpg\" alt=\"\" width=\"1155\" height=\"758\" srcset=\"https:\/\/www.opinionpublica.tv\/portada\/wp-content\/uploads\/2016\/08\/216e854e1c1543768b9e64c2a046ffcb.jpg 1155w, https:\/\/www.opinionpublica.tv\/portada\/wp-content\/uploads\/2016\/08\/216e854e1c1543768b9e64c2a046ffcb-300x197.jpg 300w, https:\/\/www.opinionpublica.tv\/portada\/wp-content\/uploads\/2016\/08\/216e854e1c1543768b9e64c2a046ffcb-1024x672.jpg 1024w, https:\/\/www.opinionpublica.tv\/portada\/wp-content\/uploads\/2016\/08\/216e854e1c1543768b9e64c2a046ffcb-768x504.jpg 768w\" sizes=\"(max-width: 1155px) 100vw, 1155px\" \/><\/p>\n<p style=\"text-align: justify;\">El Presidente Municipal Javier Gonz\u00e1lez Mocken encabeza esta ma\u00f1ana la segunda consulta p\u00fablica del Plan de Desarrollo Sustentable, documento que una vez terminado permitir\u00e1 a la ciudad tener un crecimiento m\u00e1s armonioso y ordenado.<\/p>\n<p style=\"text-align: justify;\">El PDUS busca enriquecer su contenido incluyendo las voces de todos los sectores de la sociedad, de desarrolladores, empresarios, grupos de vecinos, c\u00e1maras, universidades, de aquellas agrupaciones e instituciones interesadas en el crecimiento y desarrollo de nuestra ciudad.<\/p>\n<p style=\"text-align: justify;\">Gonz\u00e1lez Mocken indic\u00f3 que ha sido una pol\u00edtica dentro de la administraci\u00f3n a su cargo el ir actualizando todos los documentos reguladores de la vida p\u00fablica municipal, primordialmente aquellos \u201cque son verdaderamente relevantes para que pueda haber un crecimiento ordenado y arm\u00f3nico de nuestra ciudad\u201d.<\/p>\n<p style=\"text-align: justify;\">Acompa\u00f1aron en el presidium al Presidente Municipal, el regidor Jos\u00e9 Marquez Fuentes, coordinador de la Comisi\u00f3n de Desarrollo Urbano; Vicente L\u00f3pez Urueta, director del Instituto Municipal de Investigaci\u00f3n y Planeaci\u00f3n; Lilia Irasema Aguirre Casta\u00f1eda, directora de Desarrollo Urbano; Jorque Mario Quintana Silveyra, secretario del Ayuntamiento.<\/p>\n<p style=\"text-align: justify;\">El proyecto del Plan de Desarrollo Urbano Sostenible contempla dos consultas p\u00fablicas y la primera de ellas se realiz\u00f3 el pasado mes de julio, justo a los 30 d\u00edas de que se present\u00f3 el proyecto al Cabildo, y la segunda, conforme a lo estipulado en el documento, tiene lugar el d\u00eda de hoy, a los 50 d\u00edas de haber sido aprobado para su consulta.<\/p>\n<p style=\"text-align: justify;\">\u201cHe escuchado muy buenas opiniones de c\u00f3mo debe regularse el crecimiento de la ciudad, he escuchado otras que est\u00e1n en contra de la misma postura, en fin, de eso se trata precisamente, de escuchar las opiniones de todos los sectores de nuestra comunidad\u201d, apunt\u00f3 el Presidente Municipal.<\/p>\n","protected":false},"excerpt":{"rendered":"<p>El Presidente Municipal Javier Gonz\u00e1lez Mocken encabeza esta ma\u00f1ana la segunda consulta p\u00fablica del Plan de Desarrollo Sustentable, documento que una vez terminado permitir\u00e1 a la ciudad tener un crecimiento m\u00e1s armonioso y ordenado. El PDUS busca enriquecer su contenido incluyendo las voces de todos los sectores de la sociedad, de desarrolladores, empresarios, grupos de [&hellip;]<\/p>\n","protected":false},"author":1,"featured_media":2020,"comment_status":"open","ping_status":"open","sticky":false,"template":"","format":"standard","meta":{"_acf_changed":false,"_monsterinsights_skip_tracking":false,"slim_seo":{"title":"Segunda consulta p\u00fablica para el Plan de Desarrollo Urbano Sustentable - Opini\u00f3n P\u00fablica","description":"El Presidente Municipal Javier Gonz\u00e1lez Mocken encabeza esta ma\u00f1ana la segunda consulta p\u00fablica del Plan de Desarrollo Sustentable, documento que una vez termin"},"footnotes":""},"categories":[5],"tags":[],"class_list":["post-2021","post","type-post","status-publish","format-standard","has-post-thumbnail","hentry","category-frontera"],"acf":[],"_links":{"self":[{"href":"https:\/\/www.opinionpublica.tv\/portada\/wp-json\/wp\/v2\/posts\/2021","targetHints":{"allow":["GET"]}}],"collection":[{"href":"https:\/\/www.opinionpublica.tv\/portada\/wp-json\/wp\/v2\/posts"}],"about":[{"href":"https:\/\/www.opinionpublica.tv\/portada\/wp-json\/wp\/v2\/types\/post"}],"author":[{"embeddable":true,"href":"https:\/\/www.opinionpublica.tv\/portada\/wp-json\/wp\/v2\/users\/1"}],"replies":[{"embeddable":true,"href":"https:\/\/www.opinionpublica.tv\/portada\/wp-json\/wp\/v2\/comments?post=2021"}],"version-history":[{"count":0,"href":"https:\/\/www.opinionpublica.tv\/portada\/wp-json\/wp\/v2\/posts\/2021\/revisions"}],"wp:featuredmedia":[{"embeddable":true,"href":"https:\/\/www.opinionpublica.tv\/portada\/wp-json\/wp\/v2\/media\/2020"}],"wp:attachment":[{"href":"https:\/\/www.opinionpublica.tv\/portada\/wp-json\/wp\/v2\/media?parent=2021"}],"wp:term":[{"taxonomy":"category","embeddable":true,"href":"https:\/\/www.opinionpublica.tv\/portada\/wp-json\/wp\/v2\/categories?post=2021"},{"taxonomy":"post_tag","embeddable":true,"href":"https:\/\/www.opinionpublica.tv\/portada\/wp-json\/wp\/v2\/tags?post=2021"}],"curies":[{"name":"wp","href":"https:\/\/api.w.org\/{rel}","templated":true}]}}