{"id":2019,"date":"2016-08-09T06:00:00","date_gmt":"2016-08-09T04:00:00","guid":{"rendered":"https:\/\/www.opinionpublica.tv\/portada\/2016\/08\/09\/paulett-gonzalez-la-reina-de-belleza-trans\/"},"modified":"2016-08-09T06:00:00","modified_gmt":"2016-08-09T04:00:00","slug":"paulett-gonzalez-la-reina-de-belleza-trans","status":"publish","type":"post","link":"https:\/\/www.opinionpublica.tv\/portada\/paulett-gonzalez-la-reina-de-belleza-trans\/","title":{"rendered":"Paulett Gonz\u00e1lez, la reina de belleza \u2018trans\u2019"},"content":{"rendered":"<p><img fetchpriority=\"high\" decoding=\"async\" class=\" size-full wp-image-2018\" src=\"https:\/\/www.opinionpublica.tv\/portada\/wp-content\/uploads\/2016\/08\/ad080c60fb1a2b5af2648d7e32ea2a22.jpg\" alt=\"\" width=\"665\" height=\"443\" srcset=\"https:\/\/www.opinionpublica.tv\/portada\/wp-content\/uploads\/2016\/08\/ad080c60fb1a2b5af2648d7e32ea2a22.jpg 665w, https:\/\/www.opinionpublica.tv\/portada\/wp-content\/uploads\/2016\/08\/ad080c60fb1a2b5af2648d7e32ea2a22-300x200.jpg 300w\" sizes=\"(max-width: 665px) 100vw, 665px\" \/><\/p>\n<p class=\"letter-capitular\">En 25 a\u00f1os de edad,<strong> Paulett<\/strong>, se convirti\u00f3 en <strong>Reina de Belleza Transg\u00e9nero de Nayarit 2015<\/strong>, fue un camino de mucho esfuerzo y dedicaci\u00f3n, sus amigos comparten la idea de que <strong>se trat\u00f3 de alguien que amaba vivir.<\/strong><\/p>\n<p>Casi mes y medio despu\u00e9s de su desaparici\u00f3n el<strong> 9 de junio durante unas vacaciones en Guanajuato<\/strong>, fue encontrada sin vida, calcinada junto a otro cuerpo del cual no se ha referido identidad. La noticia fue devastadora para <strong>amigos, familiares y la comunidad LGTBI de Nayarit<\/strong>, ya que durante ese tiempo, realizaron diversos eventos que contribuyeron a reunir fondos que permitieran recaudar dinero para el apoyo de la b\u00fasqueda.<\/p>\n<p><span class=\"article-body-balloon\"><strong>DATO:<\/strong>\u00a0De acuerdo con el \u00faltimo informe de Letra Ese, en el estado de Guanajuato se han registrado 26 cr\u00edmenes de odio de 1995 al 2015.<\/span><\/p>\n<p>En realidad, Paulett, fue criado con el nombre de <strong>Luis Jean Gonz\u00e1lez Virgen <\/strong>en un rancho de la costa, en el municipio de <strong>Santiago de las Haciendas, Nayarit<\/strong>, siendo el mayor de tres hijos y el \u00fanico var\u00f3n, durante su \u00e9poca universitaria, asegur\u00f3 en varias ocasiones, que era simplemente gay y que no le interesaba vestir como mujer, ya que se sent\u00eda a gusto as\u00ed.<\/p>\n<p>Con el tiempo y la convivencia social que trajo consigo su llegada a Tepic,<strong> Jean mostr\u00f3 un cambio de opini\u00f3n respecto de su apariencia<\/strong>, al t\u00e9rmino de la carrera comenz\u00f3 a vestirse como mujer, aunque nunca se someti\u00f3 a una cirug\u00eda para realizar una transici\u00f3n definitiva de sexo.<\/p>\n<p><strong>Seg\u00fan refiere su amiga y compa\u00f1era de la carrera Ingrid Gonz\u00e1lez<\/strong> <strong>en entrevista para Exc\u00e9lsior<\/strong>, el joven conocido ahora como Paulett, pudo haber sido influenciado por sus nuevas amistades, ya que con su cambio de apariencia tambi\u00e9n adopt\u00f3 un nuevo estilo de vida.<\/p>\n<p>Ella lo recuerda como una persona sencilla, pero alegre, aunque afirma que<strong>parec\u00eda incomodarle el no contar con los recursos econ\u00f3micos<\/strong> para viajar o comprar algunos lujos.<\/p>\n<blockquote>\n<p>Cuando yo lo conoc\u00ed como ni\u00f1o todav\u00eda, dec\u00eda que era gay, iba a la universidad con su pantal\u00f3n, su camisa, era muy cuidadoso, llevaba bien planchada su ropa, era muy cuidadoso en su aspecto\u201d. \u00a0 \u00a0 \u00a0<\/p>\n<p>Exc\u00e9lsior<\/p>\n<\/blockquote>\n","protected":false},"excerpt":{"rendered":"<p>En 25 a\u00f1os de edad, Paulett, se convirti\u00f3 en Reina de Belleza Transg\u00e9nero de Nayarit 2015, fue un camino de mucho esfuerzo y dedicaci\u00f3n, sus amigos comparten la idea de que se trat\u00f3 de alguien que amaba vivir. Casi mes y medio despu\u00e9s de su desaparici\u00f3n el 9 de junio durante unas vacaciones en Guanajuato, [&hellip;]<\/p>\n","protected":false},"author":1,"featured_media":2018,"comment_status":"open","ping_status":"open","sticky":false,"template":"","format":"standard","meta":{"_acf_changed":false,"_monsterinsights_skip_tracking":false,"_monsterinsights_sitenote_active":false,"_monsterinsights_sitenote_note":"","_monsterinsights_sitenote_category":0,"slim_seo":{"title":"Paulett Gonz\u00e1lez, la reina de belleza \u2018trans\u2019 - Opini\u00f3n P\u00fablica","description":"En 25 a\u00f1os de edad, Paulett , se convirti\u00f3 en Reina de Belleza Transg\u00e9nero de Nayarit 2015 , fue un camino de mucho esfuerzo y dedicaci\u00f3n, sus amigos comparten"},"footnotes":""},"categories":[28],"tags":[],"class_list":["post-2019","post","type-post","status-publish","format-standard","has-post-thumbnail","hentry","category-bienestar-salud"],"acf":[],"_links":{"self":[{"href":"https:\/\/www.opinionpublica.tv\/portada\/wp-json\/wp\/v2\/posts\/2019","targetHints":{"allow":["GET"]}}],"collection":[{"href":"https:\/\/www.opinionpublica.tv\/portada\/wp-json\/wp\/v2\/posts"}],"about":[{"href":"https:\/\/www.opinionpublica.tv\/portada\/wp-json\/wp\/v2\/types\/post"}],"author":[{"embeddable":true,"href":"https:\/\/www.opinionpublica.tv\/portada\/wp-json\/wp\/v2\/users\/1"}],"replies":[{"embeddable":true,"href":"https:\/\/www.opinionpublica.tv\/portada\/wp-json\/wp\/v2\/comments?post=2019"}],"version-history":[{"count":0,"href":"https:\/\/www.opinionpublica.tv\/portada\/wp-json\/wp\/v2\/posts\/2019\/revisions"}],"wp:featuredmedia":[{"embeddable":true,"href":"https:\/\/www.opinionpublica.tv\/portada\/wp-json\/wp\/v2\/media\/2018"}],"wp:attachment":[{"href":"https:\/\/www.opinionpublica.tv\/portada\/wp-json\/wp\/v2\/media?parent=2019"}],"wp:term":[{"taxonomy":"category","embeddable":true,"href":"https:\/\/www.opinionpublica.tv\/portada\/wp-json\/wp\/v2\/categories?post=2019"},{"taxonomy":"post_tag","embeddable":true,"href":"https:\/\/www.opinionpublica.tv\/portada\/wp-json\/wp\/v2\/tags?post=2019"}],"curies":[{"name":"wp","href":"https:\/\/api.w.org\/{rel}","templated":true}]}}