{"id":2017,"date":"2016-08-09T06:00:00","date_gmt":"2016-08-09T04:00:00","guid":{"rendered":"https:\/\/www.opinionpublica.tv\/portada\/2016\/08\/09\/en-mexico-se-comen-120-millones-de-pizzas-al-ano\/"},"modified":"2016-08-09T06:00:00","modified_gmt":"2016-08-09T04:00:00","slug":"en-mexico-se-comen-120-millones-de-pizzas-al-ano","status":"publish","type":"post","link":"https:\/\/www.opinionpublica.tv\/portada\/en-mexico-se-comen-120-millones-de-pizzas-al-ano\/","title":{"rendered":"En M\u00e9xico se comen 120 millones de pizzas al a\u00f1o"},"content":{"rendered":"<p><img fetchpriority=\"high\" decoding=\"async\" class=\" size-full wp-image-2016\" src=\"https:\/\/www.opinionpublica.tv\/portada\/wp-content\/uploads\/2016\/08\/242a68bb1034576b0ba92e3912e97f74.jpg\" alt=\"\" width=\"2560\" height=\"1600\" srcset=\"https:\/\/www.opinionpublica.tv\/portada\/wp-content\/uploads\/2016\/08\/242a68bb1034576b0ba92e3912e97f74.jpg 2560w, https:\/\/www.opinionpublica.tv\/portada\/wp-content\/uploads\/2016\/08\/242a68bb1034576b0ba92e3912e97f74-300x188.jpg 300w, https:\/\/www.opinionpublica.tv\/portada\/wp-content\/uploads\/2016\/08\/242a68bb1034576b0ba92e3912e97f74-1024x640.jpg 1024w, https:\/\/www.opinionpublica.tv\/portada\/wp-content\/uploads\/2016\/08\/242a68bb1034576b0ba92e3912e97f74-768x480.jpg 768w, https:\/\/www.opinionpublica.tv\/portada\/wp-content\/uploads\/2016\/08\/242a68bb1034576b0ba92e3912e97f74-1536x960.jpg 1536w, https:\/\/www.opinionpublica.tv\/portada\/wp-content\/uploads\/2016\/08\/242a68bb1034576b0ba92e3912e97f74-2048x1280.jpg 2048w\" sizes=\"(max-width: 2560px) 100vw, 2560px\" \/><\/p>\n<p class=\"letter-capitular\" style=\"text-align: justify;\">Alrededor de 120 millones de pizzas consumen al a\u00f1o los mexicanos, por lo que este sector es de los que tienen mayor crecimiento dentro de la industria restaurantera, afirm\u00f3 la directora de Portafolio Hospitalidad de UBM M\u00e9xico, Yesenia V\u00e1zquez Monroy.<\/p>\n<p style=\"text-align: justify;\">De acuerdo a las tendencias de Google, en M\u00e9xico hay una marcada b\u00fasqueda de pizza los s\u00e1bados y domingos, los picos m\u00e1s altos en la gr\u00e1fica son el pen\u00faltimo y \u00faltimo d\u00eda de descanso del fin de semana.<\/p>\n<p style=\"text-align: justify;\"><img decoding=\"async\" class=\"Image img__fid__1498199 img__view_mode__style_embed_nota attr__format__style_embed_nota\" src=\"http:\/\/www.excelsior.com.mx\/media\/styles\/imagen-embed-nota\/public\/pizza-grafica-1.jpg\" alt=\"\" width=\"444\" height=\"205\" \/><\/p>\n<p style=\"text-align: justify;\">En rueda de prensa, para dar a conocer los pormenores de Abastur 2016 que se celebrar\u00e1 del 30 de agosto al 2 de septiembre en Centro Banamex de la Ciudad de M\u00e9xico, refiri\u00f3 que a nivel nacional el mercado de la pizza creci\u00f3 12 por ciento entre 2014 y 2015.<\/p>\n<p style=\"text-align: justify;\">Manifest\u00f3 que M\u00e9xico es el segundo consumidor de pizza en el mundo mientras que Estados Unidos ocupa el primer sitio.<\/p>\n<blockquote>\n<p>\u201cEn los men\u00fas de muchos de los restaurantes del pa\u00eds, aunque no sean pizzer\u00eda espec\u00edficamente, tienen incluida la pizza\u201d, resalt\u00f3.<\/p>\n<\/blockquote>\n<p style=\"text-align: justify;\">Por ello, dio a conocer que Abastur lanza este a\u00f1o Pizza Show M\u00e9xico, dedicado a compradores que quieren hacer de este alimento un gran negocio ya que encontrar\u00e1n todo lo relacionado a la proveedur\u00eda, materias primas, bebidas, mobiliario y equipamiento.<\/p>\n<p style=\"text-align: justify;\">A\u00f1adi\u00f3 que <strong>Pizza Show reunir\u00e1 a 200 expositores<\/strong> nacionales e internacionales, as\u00ed como alrededor de cinco mil visitantes, tomadores de decisi\u00f3n y compra.<\/p>\n<p style=\"text-align: justify;\">Detall\u00f3 que es una plataforma donde podr\u00e1n asistir compradores para adquirir productos de nuevos proveedores de toda la cadena de suministro, adem\u00e1s de comercializar las \u00faltimas tendencias en mobiliario, equipamiento y materias primas para el sector de las pizzas.<\/p>\n<p style=\"text-align: justify;\">En la edici\u00f3n 2016 de Abastur, el evento l\u00edder para la Industria de la Hospitalidad, se entregar\u00e1n los galardones<strong> la \u201cLlave del Progreso\u201d,<\/strong> que la Asociaci\u00f3n Mexicana de Abastecedores Tur\u00edsticos (AMAIT) otorga a cuatro empresarios hoteleros y restauranteros.<\/p>\n<p style=\"text-align: justify;\">Respecto al programa educativo del evento, el Foro Gastron\u00f3mico se renueva con un programa de talleres pr\u00e1cticos impartido por chefs de renombre que bajo las tendencias de la gastronom\u00eda, la vanguardia y creatividad, ser\u00e1n las constantes dentro de este evento, el cual reunir\u00e1 a grandes talentos de la cocina.<\/p>\n<p style=\"text-align: justify;\">En este espacio se presentar\u00e1n grandes personalidades de la Cocina Mexicana y los chefs son: Eduardo Morali, Juanxto S\u00e1nchez, Paulino Cruz, Poncho Hern\u00e1ndez, Pablo Salas, Lalo Garc\u00eda, Nico Mej\u00eda, Arturo Velasco, Michael Pincone y Afonso Rivera.<\/p>\n<p style=\"text-align: justify;\">Asimismo, destacar\u00e1 la presencia de Tony Gemignani, 12 veces ganador del<strong>\u201cWorld Pizza Championship\u201d, <\/strong>reconocido como el mejor pizzero del mundo quien adem\u00e1s, fungir\u00e1 como presidente del jurado de la primera edici\u00f3n de Pizza Show M\u00e9xico.<\/p>\n<p style=\"text-align: justify;\">La directora del Portafolio de Hospitalidad de United Bussines Media (UBM), empresa londinense en M\u00e9xico organizadora de Anastur 2016, destac\u00f3 que tambi\u00e9n se llevar\u00e1n a cabo conferencias, demostraciones y catas dise\u00f1adas para el negocio: hotel, restaurante, pizzer\u00eda, bar, pasteler\u00eda, panader\u00eda, servicio de banquetes, entre otros.<\/p>\n<p style=\"text-align: justify;\">Con informaci\u00f3n de Notimex<\/p>\n<p style=\"text-align: justify;\">*bb<\/p>\n","protected":false},"excerpt":{"rendered":"<p>Alrededor de 120 millones de pizzas consumen al a\u00f1o los mexicanos, por lo que este sector es de los que tienen mayor crecimiento dentro de la industria restaurantera, afirm\u00f3 la directora de Portafolio Hospitalidad de UBM M\u00e9xico, Yesenia V\u00e1zquez Monroy. De acuerdo a las tendencias de Google, en M\u00e9xico hay una marcada b\u00fasqueda de pizza [&hellip;]<\/p>\n","protected":false},"author":1,"featured_media":2016,"comment_status":"open","ping_status":"open","sticky":false,"template":"","format":"standard","meta":{"_acf_changed":false,"_monsterinsights_skip_tracking":false,"_monsterinsights_sitenote_active":false,"_monsterinsights_sitenote_note":"","_monsterinsights_sitenote_category":0,"slim_seo":{"title":"En M\u00e9xico se comen 120 millones de pizzas al a\u00f1o - Opini\u00f3n P\u00fablica","description":"Alrededor de 120 millones de pizzas consumen al a\u00f1o los mexicanos, por lo que este sector es de los que tienen mayor crecimiento dentro de la industria restaura"},"footnotes":""},"categories":[11],"tags":[],"class_list":["post-2017","post","type-post","status-publish","format-standard","has-post-thumbnail","hentry","category-tendencias"],"acf":[],"_links":{"self":[{"href":"https:\/\/www.opinionpublica.tv\/portada\/wp-json\/wp\/v2\/posts\/2017","targetHints":{"allow":["GET"]}}],"collection":[{"href":"https:\/\/www.opinionpublica.tv\/portada\/wp-json\/wp\/v2\/posts"}],"about":[{"href":"https:\/\/www.opinionpublica.tv\/portada\/wp-json\/wp\/v2\/types\/post"}],"author":[{"embeddable":true,"href":"https:\/\/www.opinionpublica.tv\/portada\/wp-json\/wp\/v2\/users\/1"}],"replies":[{"embeddable":true,"href":"https:\/\/www.opinionpublica.tv\/portada\/wp-json\/wp\/v2\/comments?post=2017"}],"version-history":[{"count":0,"href":"https:\/\/www.opinionpublica.tv\/portada\/wp-json\/wp\/v2\/posts\/2017\/revisions"}],"wp:featuredmedia":[{"embeddable":true,"href":"https:\/\/www.opinionpublica.tv\/portada\/wp-json\/wp\/v2\/media\/2016"}],"wp:attachment":[{"href":"https:\/\/www.opinionpublica.tv\/portada\/wp-json\/wp\/v2\/media?parent=2017"}],"wp:term":[{"taxonomy":"category","embeddable":true,"href":"https:\/\/www.opinionpublica.tv\/portada\/wp-json\/wp\/v2\/categories?post=2017"},{"taxonomy":"post_tag","embeddable":true,"href":"https:\/\/www.opinionpublica.tv\/portada\/wp-json\/wp\/v2\/tags?post=2017"}],"curies":[{"name":"wp","href":"https:\/\/api.w.org\/{rel}","templated":true}]}}