{"id":2004,"date":"2016-08-09T06:00:00","date_gmt":"2016-08-09T04:00:00","guid":{"rendered":"https:\/\/www.opinionpublica.tv\/portada\/2016\/08\/09\/cazafantasmas-se-defienden-de-las-criticas\/"},"modified":"2016-08-09T06:00:00","modified_gmt":"2016-08-09T04:00:00","slug":"cazafantasmas-se-defienden-de-las-criticas","status":"publish","type":"post","link":"https:\/\/www.opinionpublica.tv\/portada\/cazafantasmas-se-defienden-de-las-criticas\/","title":{"rendered":"Cazafantasmas se defienden de las cr\u00edticas"},"content":{"rendered":"<p><img fetchpriority=\"high\" decoding=\"async\" class=\" size-full wp-image-2003\" src=\"https:\/\/www.opinionpublica.tv\/portada\/wp-content\/uploads\/2016\/08\/1d77059d0d8adeb2ceccdbc07bdc73c2.jpg\" alt=\"\" width=\"980\" height=\"552\" srcset=\"https:\/\/www.opinionpublica.tv\/portada\/wp-content\/uploads\/2016\/08\/1d77059d0d8adeb2ceccdbc07bdc73c2.jpg 980w, https:\/\/www.opinionpublica.tv\/portada\/wp-content\/uploads\/2016\/08\/1d77059d0d8adeb2ceccdbc07bdc73c2-300x169.jpg 300w, https:\/\/www.opinionpublica.tv\/portada\/wp-content\/uploads\/2016\/08\/1d77059d0d8adeb2ceccdbc07bdc73c2-768x433.jpg 768w\" sizes=\"(max-width: 980px) 100vw, 980px\" \/><\/p>\n<p style=\"text-align: justify;\">\u00abEs imposible complacer a todo el mundo, pero a mucha gente le va a gustar la pel\u00edcula\u00bb.<\/p>\n<p style=\"text-align: justify;\">As\u00ed de tranquila y segura se mostr\u00f3 la actriz Melissa McCarthy en una entrevista con Efe, en la que habl\u00f3 de los comentarios machistas y racistas que ha recibido la cinta que protagoniza, \u00abGhostbusters\u00bb.<\/p>\n<div class=\"k2_video\"><iframe title=\"Las Cazafantasmas se defienden de las cr\u00edticas\" width=\"800\" height=\"450\" src=\"https:\/\/www.youtube.com\/embed\/fjJrilESGAo?feature=oembed\" frameborder=\"0\" allow=\"accelerometer; autoplay; clipboard-write; encrypted-media; gyroscope; picture-in-picture; web-share\" referrerpolicy=\"strict-origin-when-cross-origin\" allowfullscreen><\/iframe>\n<\/div>\n","protected":false},"excerpt":{"rendered":"<p>\u00abEs imposible complacer a todo el mundo, pero a mucha gente le va a gustar la pel\u00edcula\u00bb. As\u00ed de tranquila y segura se mostr\u00f3 la actriz Melissa McCarthy en una entrevista con Efe, en la que habl\u00f3 de los comentarios machistas y racistas que ha recibido la cinta que protagoniza, \u00abGhostbusters\u00bb.<\/p>\n","protected":false},"author":1,"featured_media":2003,"comment_status":"open","ping_status":"open","sticky":false,"template":"","format":"standard","meta":{"_acf_changed":false,"_monsterinsights_skip_tracking":false,"_monsterinsights_sitenote_active":false,"_monsterinsights_sitenote_note":"","_monsterinsights_sitenote_category":0,"slim_seo":{"title":"Cazafantasmas se defienden de las cr\u00edticas - Opini\u00f3n P\u00fablica","description":"\"Es imposible complacer a todo el mundo, pero a mucha gente le va a gustar la pel\u00edcula\". As\u00ed de tranquila y segura se mostr\u00f3 la actriz Melissa McCarthy en una e"},"footnotes":""},"categories":[13],"tags":[],"class_list":["post-2004","post","type-post","status-publish","format-standard","has-post-thumbnail","hentry","category-videos-destacados-contenido"],"acf":[],"_links":{"self":[{"href":"https:\/\/www.opinionpublica.tv\/portada\/wp-json\/wp\/v2\/posts\/2004","targetHints":{"allow":["GET"]}}],"collection":[{"href":"https:\/\/www.opinionpublica.tv\/portada\/wp-json\/wp\/v2\/posts"}],"about":[{"href":"https:\/\/www.opinionpublica.tv\/portada\/wp-json\/wp\/v2\/types\/post"}],"author":[{"embeddable":true,"href":"https:\/\/www.opinionpublica.tv\/portada\/wp-json\/wp\/v2\/users\/1"}],"replies":[{"embeddable":true,"href":"https:\/\/www.opinionpublica.tv\/portada\/wp-json\/wp\/v2\/comments?post=2004"}],"version-history":[{"count":0,"href":"https:\/\/www.opinionpublica.tv\/portada\/wp-json\/wp\/v2\/posts\/2004\/revisions"}],"wp:featuredmedia":[{"embeddable":true,"href":"https:\/\/www.opinionpublica.tv\/portada\/wp-json\/wp\/v2\/media\/2003"}],"wp:attachment":[{"href":"https:\/\/www.opinionpublica.tv\/portada\/wp-json\/wp\/v2\/media?parent=2004"}],"wp:term":[{"taxonomy":"category","embeddable":true,"href":"https:\/\/www.opinionpublica.tv\/portada\/wp-json\/wp\/v2\/categories?post=2004"},{"taxonomy":"post_tag","embeddable":true,"href":"https:\/\/www.opinionpublica.tv\/portada\/wp-json\/wp\/v2\/tags?post=2004"}],"curies":[{"name":"wp","href":"https:\/\/api.w.org\/{rel}","templated":true}]}}