{"id":2002,"date":"2016-08-09T06:00:00","date_gmt":"2016-08-09T04:00:00","guid":{"rendered":"https:\/\/www.opinionpublica.tv\/portada\/2016\/08\/09\/moda-de-la-cirugia-para-levantar-los-gluteos\/"},"modified":"2016-08-09T06:00:00","modified_gmt":"2016-08-09T04:00:00","slug":"moda-de-la-cirugia-para-levantar-los-gluteos","status":"publish","type":"post","link":"https:\/\/www.opinionpublica.tv\/portada\/moda-de-la-cirugia-para-levantar-los-gluteos\/","title":{"rendered":"Moda de la cirug\u00eda para levantar los gl\u00fateos"},"content":{"rendered":"<p><img fetchpriority=\"high\" decoding=\"async\" class=\" size-full wp-image-2001\" src=\"https:\/\/www.opinionpublica.tv\/portada\/wp-content\/uploads\/2016\/08\/8952442977db6da9e768909045378306.jpg\" alt=\"\" width=\"660\" height=\"371\" srcset=\"https:\/\/www.opinionpublica.tv\/portada\/wp-content\/uploads\/2016\/08\/8952442977db6da9e768909045378306.jpg 660w, https:\/\/www.opinionpublica.tv\/portada\/wp-content\/uploads\/2016\/08\/8952442977db6da9e768909045378306-300x169.jpg 300w\" sizes=\"(max-width: 660px) 100vw, 660px\" \/><\/p>\n<p style=\"text-align: justify;\">Ivo Pitanguy, el renombrado cirujano pl\u00e1stico brasile\u00f1o que falleci\u00f3 este fin de semana a los 90 a\u00f1os, fue pionero de numerosas t\u00e9cnicas para el mejoramiento y reconstrucci\u00f3n corporal.<\/p>\n<p style=\"text-align: justify;\">Pero quiz\u00e1s uno de sus mayores legados fue la operaci\u00f3n para el levantamiento de gl\u00fateos.<\/p>\n<p style=\"text-align: justify;\">La t\u00e9cnica de Pitanguy, que muri\u00f3 un d\u00eda despu\u00e9s de portar la antorcha ol\u00edmpica durante la inauguraci\u00f3n de las Olimpiadas de R\u00edo 2016, ha inspirado a numerosos cirujanos en el mundo y se ha vuelto cada vez m\u00e1s popular entre hombres y mujeres.<\/p>\n<p style=\"text-align: justify;\">La Sociedad Estadounidense de Cirujanos Pl\u00e1sticos (ASPA), en un informe publicado en febrero pasado, afirm\u00f3 que \u00ab2015 fue otro a\u00f1o del trasero, ya que los procedimientos centrados en los gl\u00fateos dominaron el incremento de los procedimientos quir\u00fargicos\u00bb.<\/p>\n<p style=\"text-align: justify;\">\u00abEn promedio, hubo un procedimiento quir\u00fargico en los gl\u00fateos cada 30 minutos de cada d\u00eda\u00bb, asegura el organismo.<\/p>\n<h2 style=\"text-align: justify;\">\u00bfC\u00f3mo se lleva a cabo?<\/h2>\n<p style=\"text-align: justify;\">Hay varias t\u00e9cnicas quir\u00fargicas para modificar el tama\u00f1o y forma de los gl\u00fateos.<\/p>\n<p style=\"text-align: justify;\">Una de ellas es la colocaci\u00f3n de implantes de silicona mediante una operaci\u00f3n.<\/p>\n<p style=\"text-align: justify;\">Otra es el m\u00e9todo al estilo brasile\u00f1o, que requiere un injerto o inyecci\u00f3n de grasa que ha sido transferida desde otras partes del cuerpo.<\/p>\n<p style=\"text-align: justify;\">Tambi\u00e9n se puede reducir el volumen de las nalgas, una operaci\u00f3n que por lo general se lleva a cabo en personas que han perdido una cantidad significativa de peso y que requiere retirar piel y grasa de la regi\u00f3n.<\/p>\n<p style=\"text-align: justify;\">Para el m\u00e9todo brasile\u00f1o, el paciente es sometido primero a una liposucci\u00f3n para retirar grasa de su abdomen, caderas o muslos que despu\u00e9s se procesa y se reimplanta en las nalgas.<\/p>\n<h2 style=\"text-align: justify;\">\u00abContribuci\u00f3n inmensa\u00bb<\/h2>\n<p style=\"text-align: justify;\">El doctor Marc Pacifico, cirujano pl\u00e1stico brit\u00e1nico y portavoz de la Asociaci\u00f3n Brit\u00e1nica de Cirujanos Est\u00e9ticos y Pl\u00e1sticos, afirma que la contribuci\u00f3n de Ivo Pitanguy a este campo de la cirug\u00eda, fue inmensa.<\/p>\n<p style=\"text-align: justify;\">\u00abPienso que si s\u00f3lo mencionamos que fue el creador del levantamiento de gl\u00fateos trivializa su contribuci\u00f3n a la cirug\u00eda pl\u00e1stica\u00bb, dice Pacifico.<\/p>\n<p style=\"text-align: justify;\">\u00abSu contribuci\u00f3n fue muy amplia. \u00c9l solo logr\u00f3 avances en t\u00e9cnicas de cirug\u00eda reconstructiva y est\u00e9tica, como la reconstrucci\u00f3n de senos y la rinoplastia\u00bb.<\/p>\n<p style=\"text-align: justify;\">\u00abNos ayud\u00f3 a entender c\u00f3mo adaptar el estiramiento facial, o c\u00f3mo realizar una cirug\u00eda de contorno corporal y de abdominoplastias\u00bb.<\/p>\n<p style=\"text-align: justify;\">\u00abEn el mundo moderno es muy inusual que \u00e9l haya logrado tener un impacto profundo en tantas \u00e1reas, porque los m\u00e9dicos a menudo se especializan en una sola cosa\u00bb, expresa el doctor Pacifico.<\/p>\n<p style=\"text-align: justify;\">En 2015 se llevaron a cabo 320.000 procedimientos quir\u00fargicos en los gl\u00fateos en todo el mundo, seg\u00fan la Sociedad Internacional de Cirug\u00eda Est\u00e9tica y Cosm\u00e9tica.<\/p>\n<p style=\"text-align: justify;\">Esto fue un aumento de 30% en el n\u00famero de operaciones desde 2014.<\/p>\n","protected":false},"excerpt":{"rendered":"<p>Ivo Pitanguy, el renombrado cirujano pl\u00e1stico brasile\u00f1o que falleci\u00f3 este fin de semana a los 90 a\u00f1os, fue pionero de numerosas t\u00e9cnicas para el mejoramiento y reconstrucci\u00f3n corporal. Pero quiz\u00e1s uno de sus mayores legados fue la operaci\u00f3n para el levantamiento de gl\u00fateos. La t\u00e9cnica de Pitanguy, que muri\u00f3 un d\u00eda despu\u00e9s de portar la [&hellip;]<\/p>\n","protected":false},"author":1,"featured_media":2001,"comment_status":"open","ping_status":"open","sticky":false,"template":"","format":"standard","meta":{"_acf_changed":false,"_monsterinsights_skip_tracking":false,"_monsterinsights_sitenote_active":false,"_monsterinsights_sitenote_note":"","_monsterinsights_sitenote_category":0,"slim_seo":{"title":"Moda de la cirug\u00eda para levantar los gl\u00fateos - Opini\u00f3n P\u00fablica","description":"Ivo Pitanguy, el renombrado cirujano pl\u00e1stico brasile\u00f1o que falleci\u00f3 este fin de semana a los 90 a\u00f1os, fue pionero de numerosas t\u00e9cnicas para el mejoramiento y"},"footnotes":""},"categories":[28],"tags":[],"class_list":["post-2002","post","type-post","status-publish","format-standard","has-post-thumbnail","hentry","category-bienestar-salud"],"acf":[],"_links":{"self":[{"href":"https:\/\/www.opinionpublica.tv\/portada\/wp-json\/wp\/v2\/posts\/2002","targetHints":{"allow":["GET"]}}],"collection":[{"href":"https:\/\/www.opinionpublica.tv\/portada\/wp-json\/wp\/v2\/posts"}],"about":[{"href":"https:\/\/www.opinionpublica.tv\/portada\/wp-json\/wp\/v2\/types\/post"}],"author":[{"embeddable":true,"href":"https:\/\/www.opinionpublica.tv\/portada\/wp-json\/wp\/v2\/users\/1"}],"replies":[{"embeddable":true,"href":"https:\/\/www.opinionpublica.tv\/portada\/wp-json\/wp\/v2\/comments?post=2002"}],"version-history":[{"count":0,"href":"https:\/\/www.opinionpublica.tv\/portada\/wp-json\/wp\/v2\/posts\/2002\/revisions"}],"wp:featuredmedia":[{"embeddable":true,"href":"https:\/\/www.opinionpublica.tv\/portada\/wp-json\/wp\/v2\/media\/2001"}],"wp:attachment":[{"href":"https:\/\/www.opinionpublica.tv\/portada\/wp-json\/wp\/v2\/media?parent=2002"}],"wp:term":[{"taxonomy":"category","embeddable":true,"href":"https:\/\/www.opinionpublica.tv\/portada\/wp-json\/wp\/v2\/categories?post=2002"},{"taxonomy":"post_tag","embeddable":true,"href":"https:\/\/www.opinionpublica.tv\/portada\/wp-json\/wp\/v2\/tags?post=2002"}],"curies":[{"name":"wp","href":"https:\/\/api.w.org\/{rel}","templated":true}]}}