{"id":1990,"date":"2016-08-09T06:00:00","date_gmt":"2016-08-09T04:00:00","guid":{"rendered":"https:\/\/www.opinionpublica.tv\/portada\/2016\/08\/09\/mexico-tendra-declive-de-produccion-petrolera\/"},"modified":"2016-08-09T06:00:00","modified_gmt":"2016-08-09T04:00:00","slug":"mexico-tendra-declive-de-produccion-petrolera","status":"publish","type":"post","link":"https:\/\/www.opinionpublica.tv\/portada\/mexico-tendra-declive-de-produccion-petrolera\/","title":{"rendered":"M\u00e9xico tendr\u00e1 declive de producci\u00f3n petrolera"},"content":{"rendered":"<p><img fetchpriority=\"high\" decoding=\"async\" class=\" size-full wp-image-1989\" src=\"https:\/\/www.opinionpublica.tv\/portada\/wp-content\/uploads\/2016\/08\/ba0de4516e0eb74cc70e755ba1f8371d.jpg\" alt=\"\" width=\"630\" height=\"320\" srcset=\"https:\/\/www.opinionpublica.tv\/portada\/wp-content\/uploads\/2016\/08\/ba0de4516e0eb74cc70e755ba1f8371d.jpg 630w, https:\/\/www.opinionpublica.tv\/portada\/wp-content\/uploads\/2016\/08\/ba0de4516e0eb74cc70e755ba1f8371d-300x152.jpg 300w\" sizes=\"(max-width: 630px) 100vw, 630px\" \/><\/p>\n<p style=\"text-align: justify;\">El pa\u00eds se enfrentar\u00e1 en 2017 a un panorama con probabilidad de mayores ca\u00eddas en los precios de las materias primas y una revisi\u00f3n a la baja de la plataforma de extracci\u00f3n de petr\u00f3leo crudo.<\/p>\n<p style=\"text-align: justify;\">El gobierno federal proyecta que la plataforma de producci\u00f3n de petr\u00f3leo contin\u00fae descendiendo ahora a niveles de 2 millones 28 mil barriles diarios.<\/p>\n<p style=\"text-align: justify;\">Petr\u00f3leos Mexicanos (Pemex) mencion\u00f3 que la producci\u00f3n petrolera podr\u00eda observar una baja adicional en 2017, y ubicarse en 2 millones 130 mil barriles diarios (promedio anual). Ello implicar\u00eda una ca\u00edda de 3 por ciento respecto de lo observado de enero a julio de 2016.<\/p>\n<p style=\"text-align: justify;\">A pesar de la implementaci\u00f3n de la reforma energ\u00e9tica, tras su promulgaci\u00f3n en diciembre de 2013, la producci\u00f3n contin\u00faa con ca\u00eddas constantes, pues de enero a julio de este a\u00f1o la extracci\u00f3n promedio diaria fue de 2 millones 197 mil barriles, lo cual representa una baja de 3 por ciento anual. Durante 2015 la producci\u00f3n de petr\u00f3leo baj\u00f3 6.7 por ciento anual.<\/p>\n<p style=\"text-align: justify;\">Pemex report\u00f3 que en julio de 2016 la producci\u00f3n promedio diaria fue de 2 millones 158 mil barriles, lo cual implica una ca\u00edda de 5 por ciento respecto del volumen producido en julio de 2015, cuando fue de 2 millones 272 mil barriles por d\u00eda.<\/p>\n<p style=\"text-align: justify;\">El peso empez\u00f3 la semana con un avance de 19 centavos o 1.02 por ciento, al cotizarse en 18.56 pesos por d\u00f3lar y colocarse como la divisa de mayores ganancias entre los principales cruces del d\u00f3lar. De acuerdo con el Banco de M\u00e9xico el d\u00f3lar se compr\u00f3 en 18.5610 pesos y se vendi\u00f3 en 18.5660 en operaciones al mayoreo entre bancos. En tanto, en ventanillas bancarias la divisa estadunidense se compr\u00f3 en 18.10 y se vendi\u00f3 en 18.85 pesos, inform\u00f3 BanamexFoto Mar\u00eda Luisa Severiano<\/p>\n<p style=\"text-align: justify;\">Por otra parte, los Precriterios de Pol\u00edtica Econ\u00f3mica para el pr\u00f3ximo a\u00f1o, documento que sirve como directriz estrat\u00e9gica en materia de finanzas p\u00fablicas, prev\u00e9 en 35 d\u00f3lares por barril el precio promedio de la mezcla mexicana, por debajo del precio resultante de la f\u00f3rmula prevista en la Ley Federal de Presupuesto y Responsabilidad Hacendaria, de 42.3 d\u00f3lares por barril.<\/p>\n<p style=\"text-align: justify;\">Adicionalmente, Pemex deber\u00e1 enfrentar compromisos de pago de deuda en 2017 por unos 6 mil 700 millones de d\u00f3lares.<\/p>\n<p style=\"text-align: justify;\">El precio del barril de la mezcla mexicana de petr\u00f3leo cerr\u00f3 la semana pasada en 35.44 d\u00f3lares por barril, 1.34 por ciento menos con respecto a su cotizaci\u00f3n de pasado 29 de julio, cuando se ubic\u00f3 en 35.92 d\u00f3lares por barril.<\/p>\n<p style=\"text-align: justify;\">Con ello, en lo que va del a\u00f1o el precio del barril de la canasta de crudos mexicanos registra una ganancia acumulada de 8.7 d\u00f3lares por barril y se ubica en un promedio de 33.04 d\u00f3lares por barril, cotizaci\u00f3n todav\u00eda 16.96 d\u00f3lares por barril por debajo a lo previsto en la Ley de Ingresos correspondiente a 2016, fijado en 50 d\u00f3lares por barril.<\/p>\n<p style=\"text-align: justify;\">Fuente: La Jornada<\/p>\n","protected":false},"excerpt":{"rendered":"<p>El pa\u00eds se enfrentar\u00e1 en 2017 a un panorama con probabilidad de mayores ca\u00eddas en los precios de las materias primas y una revisi\u00f3n a la baja de la plataforma de extracci\u00f3n de petr\u00f3leo crudo. El gobierno federal proyecta que la plataforma de producci\u00f3n de petr\u00f3leo contin\u00fae descendiendo ahora a niveles de 2 millones 28 [&hellip;]<\/p>\n","protected":false},"author":1,"featured_media":1989,"comment_status":"open","ping_status":"open","sticky":false,"template":"","format":"standard","meta":{"_acf_changed":false,"_monsterinsights_skip_tracking":false,"_monsterinsights_sitenote_active":false,"_monsterinsights_sitenote_note":"","_monsterinsights_sitenote_category":0,"slim_seo":{"title":"M\u00e9xico tendr\u00e1 declive de producci\u00f3n petrolera - Opini\u00f3n P\u00fablica","description":"El pa\u00eds se enfrentar\u00e1 en 2017 a un panorama con probabilidad de mayores ca\u00eddas en los precios de las materias primas y una revisi\u00f3n a la baja de la plataforma d"},"footnotes":""},"categories":[3],"tags":[],"class_list":["post-1990","post","type-post","status-publish","format-standard","has-post-thumbnail","hentry","category-principal"],"acf":[],"_links":{"self":[{"href":"https:\/\/www.opinionpublica.tv\/portada\/wp-json\/wp\/v2\/posts\/1990","targetHints":{"allow":["GET"]}}],"collection":[{"href":"https:\/\/www.opinionpublica.tv\/portada\/wp-json\/wp\/v2\/posts"}],"about":[{"href":"https:\/\/www.opinionpublica.tv\/portada\/wp-json\/wp\/v2\/types\/post"}],"author":[{"embeddable":true,"href":"https:\/\/www.opinionpublica.tv\/portada\/wp-json\/wp\/v2\/users\/1"}],"replies":[{"embeddable":true,"href":"https:\/\/www.opinionpublica.tv\/portada\/wp-json\/wp\/v2\/comments?post=1990"}],"version-history":[{"count":0,"href":"https:\/\/www.opinionpublica.tv\/portada\/wp-json\/wp\/v2\/posts\/1990\/revisions"}],"wp:featuredmedia":[{"embeddable":true,"href":"https:\/\/www.opinionpublica.tv\/portada\/wp-json\/wp\/v2\/media\/1989"}],"wp:attachment":[{"href":"https:\/\/www.opinionpublica.tv\/portada\/wp-json\/wp\/v2\/media?parent=1990"}],"wp:term":[{"taxonomy":"category","embeddable":true,"href":"https:\/\/www.opinionpublica.tv\/portada\/wp-json\/wp\/v2\/categories?post=1990"},{"taxonomy":"post_tag","embeddable":true,"href":"https:\/\/www.opinionpublica.tv\/portada\/wp-json\/wp\/v2\/tags?post=1990"}],"curies":[{"name":"wp","href":"https:\/\/api.w.org\/{rel}","templated":true}]}}