{"id":1988,"date":"2016-08-09T06:00:00","date_gmt":"2016-08-09T04:00:00","guid":{"rendered":"https:\/\/www.opinionpublica.tv\/portada\/2016\/08\/09\/denuncian-maltrato-contra-el-tri-olimpico\/"},"modified":"2016-08-09T06:00:00","modified_gmt":"2016-08-09T04:00:00","slug":"denuncian-maltrato-contra-el-tri-olimpico","status":"publish","type":"post","link":"https:\/\/www.opinionpublica.tv\/portada\/denuncian-maltrato-contra-el-tri-olimpico\/","title":{"rendered":"Denuncian maltrato contra el Tri Ol\u00edmpico"},"content":{"rendered":"<p><img fetchpriority=\"high\" decoding=\"async\" class=\" size-full wp-image-1987\" src=\"https:\/\/www.opinionpublica.tv\/portada\/wp-content\/uploads\/2016\/08\/a906ecd58b062801ef8efce6e1a38d4d.jpg\" alt=\"\" width=\"570\" height=\"399\" srcset=\"https:\/\/www.opinionpublica.tv\/portada\/wp-content\/uploads\/2016\/08\/a906ecd58b062801ef8efce6e1a38d4d.jpg 570w, https:\/\/www.opinionpublica.tv\/portada\/wp-content\/uploads\/2016\/08\/a906ecd58b062801ef8efce6e1a38d4d-300x210.jpg 300w\" sizes=\"(max-width: 570px) 100vw, 570px\" \/><\/p>\n<p style=\"text-align: justify;\">El presidente del Comit\u00e9 Ol\u00edmpico Mexicano (COM), Carlos Padilla, reiter\u00f3 su molestia por el trato que ha tenido la selecci\u00f3n mexicana de futbol en los Juegos Ol\u00edmpicos.<\/p>\n<p style=\"text-align: justify;\">Reconoci\u00f3 que han tenido situaciones extra cancha que podr\u00edan afectar su desempe\u00f1o, como que en lugar de un vuelo a mediod\u00eda, tras la victoria ante Fiji, volaron a las siete de la ma\u00f1ana.<\/p>\n<p style=\"text-align: justify;\">Ten\u00edan que estar a las cinco de la ma\u00f1ana, levant\u00e1ndose a las tres y media. En Brasilia no estaba listo el hotel que se les asign\u00f3\u201d, sentenci\u00f3 el directivo en entrevista con Grupo Imagen Multimedia.<\/p>\n<p style=\"text-align: justify;\">Indic\u00f3 que a trav\u00e9s del jefe de misi\u00f3n de la delegaci\u00f3n mexicana, Mario Garc\u00eda, se puso una segunda queja ante el Comit\u00e9 Organizador, que espera respondan en los pr\u00f3ximos d\u00edas, pues desde el primer duelo de la selecci\u00f3n hubo irregularidades.<\/p>\n<p style=\"text-align: justify;\">\u201cEs una situaci\u00f3n que se present\u00f3 previo al juego ante Alemania, en donde hubo preferencias que se salieron de las reglas en donde los equipos nacionales deb\u00edan estar un hotel y entrenar en un campo. A Alemania le dieron preferencia y por eso se interpuso la queja con el encargado de misi\u00f3n y pensamos que lo iban a resolver, pero no nos escucharon\u201d, afirm\u00f3 e indic\u00f3 que, de no resolverse, acudir\u00e1n ante el Comit\u00e9 Ol\u00edmpico Internacional.<\/p>\n<p style=\"text-align: justify;\">Ra\u00fal L\u00f3pez y Carlos Fierro ya viajan a Brasil para integrarse a la selecci\u00f3n tras la baja de Oribe Peralta y Rodolfo Pizarro por lesi\u00f3n.<\/p>\n<p style=\"text-align: justify;\">Asimismo, Padilla coment\u00f3 que ya se hizo el tr\u00e1mite para el cambio ante el COI.<\/p>\n<p style=\"text-align: justify;\">Se cubrieron todos los requisitos del cambio en la selecci\u00f3n, el dictamen m\u00e9dico y las radiograf\u00edas de ambos jugadores. El Comit\u00e9 Organizador y el COI ya autorizaron que se realice la modificaci\u00f3n. Ahora s\u00f3lo tienen que trabajar duro\u201d, afirm\u00f3 en el tercer d\u00eda de competencias de los Juegos Ol\u00edmpicos.<\/p>\n<p style=\"text-align: justify;\">Adem\u00e1s, se refiri\u00f3 a los problemas que se han presentado con las instalaciones y la movilidad, la cual, dijo, ha sido complicada para todos los asistentes.<\/p>\n<p style=\"text-align: justify;\">\u201cLas instalaciones son impactantes, bien dise\u00f1adas, aunque el tema del transporte ha sido complicado; no hay los elementos suficientes para moverse por la ciudad\u201d, afirm\u00f3.<\/p>\n<p style=\"text-align: justify;\">Pidi\u00f3 no preocuparse por la falta de medallas. \u201cPor experiencia en Ol\u00edmpicos, la primera semana siempre es dif\u00edcil, pero en la segunda se componen\u201d, asegur\u00f3.<\/p>\n<p style=\"text-align: justify;\">Fuente: Adrenalina 360<\/p>\n","protected":false},"excerpt":{"rendered":"<p>El presidente del Comit\u00e9 Ol\u00edmpico Mexicano (COM), Carlos Padilla, reiter\u00f3 su molestia por el trato que ha tenido la selecci\u00f3n mexicana de futbol en los Juegos Ol\u00edmpicos. Reconoci\u00f3 que han tenido situaciones extra cancha que podr\u00edan afectar su desempe\u00f1o, como que en lugar de un vuelo a mediod\u00eda, tras la victoria ante Fiji, volaron a [&hellip;]<\/p>\n","protected":false},"author":1,"featured_media":1987,"comment_status":"open","ping_status":"open","sticky":false,"template":"","format":"standard","meta":{"_acf_changed":false,"_monsterinsights_skip_tracking":false,"_monsterinsights_sitenote_active":false,"_monsterinsights_sitenote_note":"","_monsterinsights_sitenote_category":0,"slim_seo":{"title":"Denuncian maltrato contra el Tri Ol\u00edmpico - Opini\u00f3n P\u00fablica","description":"El presidente del Comit\u00e9 Ol\u00edmpico Mexicano (COM), Carlos Padilla, reiter\u00f3 su molestia por el trato que ha tenido la selecci\u00f3n mexicana de futbol en los Juegos O"},"footnotes":""},"categories":[6],"tags":[],"class_list":["post-1988","post","type-post","status-publish","format-standard","has-post-thumbnail","hentry","category-rio-2016"],"acf":[],"_links":{"self":[{"href":"https:\/\/www.opinionpublica.tv\/portada\/wp-json\/wp\/v2\/posts\/1988","targetHints":{"allow":["GET"]}}],"collection":[{"href":"https:\/\/www.opinionpublica.tv\/portada\/wp-json\/wp\/v2\/posts"}],"about":[{"href":"https:\/\/www.opinionpublica.tv\/portada\/wp-json\/wp\/v2\/types\/post"}],"author":[{"embeddable":true,"href":"https:\/\/www.opinionpublica.tv\/portada\/wp-json\/wp\/v2\/users\/1"}],"replies":[{"embeddable":true,"href":"https:\/\/www.opinionpublica.tv\/portada\/wp-json\/wp\/v2\/comments?post=1988"}],"version-history":[{"count":0,"href":"https:\/\/www.opinionpublica.tv\/portada\/wp-json\/wp\/v2\/posts\/1988\/revisions"}],"wp:featuredmedia":[{"embeddable":true,"href":"https:\/\/www.opinionpublica.tv\/portada\/wp-json\/wp\/v2\/media\/1987"}],"wp:attachment":[{"href":"https:\/\/www.opinionpublica.tv\/portada\/wp-json\/wp\/v2\/media?parent=1988"}],"wp:term":[{"taxonomy":"category","embeddable":true,"href":"https:\/\/www.opinionpublica.tv\/portada\/wp-json\/wp\/v2\/categories?post=1988"},{"taxonomy":"post_tag","embeddable":true,"href":"https:\/\/www.opinionpublica.tv\/portada\/wp-json\/wp\/v2\/tags?post=1988"}],"curies":[{"name":"wp","href":"https:\/\/api.w.org\/{rel}","templated":true}]}}