{"id":19865,"date":"2019-05-09T06:00:00","date_gmt":"2019-05-09T04:00:00","guid":{"rendered":"https:\/\/www.opinionpublica.tv\/portada\/2019\/05\/09\/hacking-contra-mexicanos-contra-la-corrupcion-y-la-impunidad\/"},"modified":"2019-05-09T06:00:00","modified_gmt":"2019-05-09T04:00:00","slug":"hacking-contra-mexicanos-contra-la-corrupcion-y-la-impunidad","status":"publish","type":"post","link":"https:\/\/www.opinionpublica.tv\/portada\/hacking-contra-mexicanos-contra-la-corrupcion-y-la-impunidad\/","title":{"rendered":"\u2018Hacking\u2019 contra mexicanos contra la corrupci\u00f3n y la impunidad"},"content":{"rendered":"<img fetchpriority=\"high\" decoding=\"async\" class=\" size-full wp-image-19864\" src=\"https:\/\/www.opinionpublica.tv\/portada\/wp-content\/uploads\/2019\/05\/ebb423df86b55bb0e28805e0c9a559b7.jpg\" alt=\"\" class=\"caption\" title=\"Jorge G. Casta\u00f1eda.\" width=\"225\" height=\"248\" \/>\n<p style=\"text-align: justify;\">El lunes pasado sucedi\u00f3 algo que puede, o no, ser de extrema gravedad en el ambiente que vivimos hoy en M\u00e9xico. Retomo,\u00a0<em>verbatim<\/em>, un aviso de Mar\u00eda Amparo Casar de Mexicanos Contra la Corrupci\u00f3n y la Impunidad (MCCI).<\/p>\n<p><!--more--><\/p>\n<p style=\"text-align: justify;\">\u201cLa madrugada de ayer, 6 de mayo de 2019, el personal de MCCI detect\u00f3 un ataque masivo cibern\u00e9tico a su portal de Internet contralacorrupci\u00f3n.mx. A continuaci\u00f3n la narraci\u00f3n de hechos<\/p>\n<ol style=\"text-align: justify;\">\n<li>A las 00:00 horas la p\u00e1gina web comenz\u00f3 a tener una respuesta m\u00e1s lenta de lo normal, y en ocasiones negaba el acceso al sitio.<\/li>\n<li>Entre las 00:15 y las 03:30 horas se llev\u00f3 a cabo una revisi\u00f3n del contenido y solicitudes de entrada al servidor y se determin\u00f3 que una de ellas estaba consumiendo m\u00e1s del 95 % de los recursos disponibles, lo cual es totalmente at\u00edpico.<\/li>\n<li>A las 04:00 horas se increment\u00f3 la capacidad del servidor y se procedi\u00f3 a restaurar contenido con versiones anteriores.<\/li>\n<li>Minutos despu\u00e9s de las 07:00 horas, terminada la restauraci\u00f3n y normalizado el sitio web, cuando se consideraba que la situaci\u00f3n an\u00f3mala hab\u00eda terminado, el contenido total del servidor fue eliminado, dejando un archivo referenciando a una imagen con el siguiente mensaje \u201chahaha\u201d.<\/li>\n<li>Ante el grave ataque a nuestros contenidos, a las 08:00 se comenz\u00f3 la restauraci\u00f3n de una versi\u00f3n de respaldo del contenido y se identific\u00f3 al atacante, as\u00ed como la ubicaci\u00f3n desde donde se gener\u00f3 el ataque: Alemania. Asimismo, se determin\u00f3 que hasta ese momento el servidor hab\u00eda recibido 340,711 peticiones. Por ello, se coloc\u00f3\u00a0<em>Cloudflare\u00a0<\/em>en modo \u201cbajo ataque\u201d.<\/li>\n<li>A las 10:30 am, al t\u00e9rmino de la segunda restauraci\u00f3n del sitio, el intruso coloc\u00f3 en nuestro banner una imagen ajena al contenido original de nuestra p\u00e1gina de Internet: El retrato de Rafael Moreno Valle y Martha Erika Alonso, y del helic\u00f3ptero estrellado en que viajaba el exgobernador de Puebla. La fotograf\u00eda fue colocada en lugar del v\u00ednculo del texto \u201cEmpresas fantasmas en la 4T\u201d.<\/li>\n<li>A las 11:30 am se borr\u00f3 la imagen impuesta y se identificaron los archivos vulnerables, as\u00ed como las IP de donde se realizaron los nuevos ataques.<\/li>\n<\/ol>\n<p style=\"text-align: justify;\">Vemos el ataque a nuestra p\u00e1gina de Internet como una agresi\u00f3n contra la libertad de expresi\u00f3n. En el contexto nacional que vivimos de violencia contra la prensa, los ataques cibern\u00e9ticos tienen la clara intenci\u00f3n de impedir la libre circulaci\u00f3n de contenido e inhibir futuras publicaciones. El n\u00famero de peticiones a nuestro servidor en un corto periodo, la desaparici\u00f3n de todo el contenido de nuestro servidor, as\u00ed como la aparici\u00f3n de un mensaje (\u201chahaha\u201d) y una fotograf\u00eda ajenos a nuestro portal, hacen evidente la intenci\u00f3n de los perpetradores de afectar nuestro contenido y sacar de la web nuestra p\u00e1gina de Internet.<\/p>\n<p style=\"text-align: justify;\">En aras de que este no sea un caso m\u00e1s de violencia contra la libertad de expresi\u00f3n que quede en la impunidad, informamos que presentaremos una denuncia a la brevedad posible ante la Fiscal\u00eda Especial para la Atenci\u00f3n de Delitos Cometidos contra la Libertad de Expresi\u00f3n (FEADLE), de la Fiscal\u00eda General de la Rep\u00fablica, para que se identifique a los atacantes y se proceda conforme a derecho\u201d.<\/p>\n<p style=\"text-align: justify;\">Digo que puede ser un hecho de extrema gravedad porque no se puede descartar que se trate de un \u201c<em>prank<\/em>\u201d; es decir, una especie de broma de muy mal gusto de unos j\u00f3venes desubicados, medio trasnochados (como muchos de los\u00a0<em>youtuberos\u00a0<\/em>a los que tanto quieren algunos colegas), que con buena informaci\u00f3n y habilidad, pero sin mala leche, hayan decidido pasarse de lanza.<\/p>\n<p style=\"text-align: justify;\">Pero tambi\u00e9n puede tratarse de un equipo bien informado, bien financiado, bien orientado, de chairos inducidos o buscando quedar bien con su jefe, que responden a sus impulsos de esta manera. Andr\u00e9s Manuel L\u00f3pez Obrador, para alguien que conoce tan bien a la sociedad mexicana, no parece entender que en materia de democracia, respeto a las libertades, a los derechos humanos, a la \u201calteridad\u201d, de un comportamiento c\u00edvico \u201cmoderno\u201d, se trata de una sociedad en pa\u00f1ales. Darle cuerda desde la Presidencia para atacar a los adversarios del r\u00e9gimen, en M\u00e9xico y en Estados Unidos, es irresponsable.<\/p>\n","protected":false},"excerpt":{"rendered":"<p>El lunes pasado sucedi\u00f3 algo que puede, o no, ser de extrema gravedad en el ambiente que vivimos hoy en M\u00e9xico. Retomo,\u00a0verbatim, un aviso de Mar\u00eda Amparo Casar de Mexicanos Contra la Corrupci\u00f3n y la Impunidad (MCCI).<\/p>\n","protected":false},"author":6,"featured_media":19864,"comment_status":"open","ping_status":"open","sticky":false,"template":"","format":"standard","meta":{"_acf_changed":false,"_monsterinsights_skip_tracking":false,"slim_seo":{"title":"\u2018Hacking\u2019 contra mexicanos contra la corrupci\u00f3n y la impunidad - Opini\u00f3n P\u00fablica","description":"El lunes pasado sucedi\u00f3 algo que puede, o no, ser de extrema gravedad en el ambiente que vivimos hoy en M\u00e9xico. Retomo,\u00a0 verbatim , un aviso de Mar\u00eda Amparo Cas"},"footnotes":""},"categories":[18],"tags":[],"class_list":["post-19865","post","type-post","status-publish","format-standard","has-post-thumbnail","hentry","category-castaneda-opina"],"acf":[],"_links":{"self":[{"href":"https:\/\/www.opinionpublica.tv\/portada\/wp-json\/wp\/v2\/posts\/19865","targetHints":{"allow":["GET"]}}],"collection":[{"href":"https:\/\/www.opinionpublica.tv\/portada\/wp-json\/wp\/v2\/posts"}],"about":[{"href":"https:\/\/www.opinionpublica.tv\/portada\/wp-json\/wp\/v2\/types\/post"}],"author":[{"embeddable":true,"href":"https:\/\/www.opinionpublica.tv\/portada\/wp-json\/wp\/v2\/users\/6"}],"replies":[{"embeddable":true,"href":"https:\/\/www.opinionpublica.tv\/portada\/wp-json\/wp\/v2\/comments?post=19865"}],"version-history":[{"count":0,"href":"https:\/\/www.opinionpublica.tv\/portada\/wp-json\/wp\/v2\/posts\/19865\/revisions"}],"wp:featuredmedia":[{"embeddable":true,"href":"https:\/\/www.opinionpublica.tv\/portada\/wp-json\/wp\/v2\/media\/19864"}],"wp:attachment":[{"href":"https:\/\/www.opinionpublica.tv\/portada\/wp-json\/wp\/v2\/media?parent=19865"}],"wp:term":[{"taxonomy":"category","embeddable":true,"href":"https:\/\/www.opinionpublica.tv\/portada\/wp-json\/wp\/v2\/categories?post=19865"},{"taxonomy":"post_tag","embeddable":true,"href":"https:\/\/www.opinionpublica.tv\/portada\/wp-json\/wp\/v2\/tags?post=19865"}],"curies":[{"name":"wp","href":"https:\/\/api.w.org\/{rel}","templated":true}]}}