{"id":1984,"date":"2016-08-09T06:00:00","date_gmt":"2016-08-09T04:00:00","guid":{"rendered":"https:\/\/www.opinionpublica.tv\/portada\/2016\/08\/09\/alerta-el-smn-por-tormentas-fuertes-en-chihuahua\/"},"modified":"2016-08-09T06:00:00","modified_gmt":"2016-08-09T04:00:00","slug":"alerta-el-smn-por-tormentas-fuertes-en-chihuahua","status":"publish","type":"post","link":"https:\/\/www.opinionpublica.tv\/portada\/alerta-el-smn-por-tormentas-fuertes-en-chihuahua\/","title":{"rendered":"Alerta el SMN por tormentas fuertes en Chihuahua"},"content":{"rendered":"<p><img fetchpriority=\"high\" decoding=\"async\" class=\" size-full wp-image-1983\" src=\"https:\/\/www.opinionpublica.tv\/portada\/wp-content\/uploads\/2016\/08\/0d3097c18b3f4a6374929da2a3d660f5.jpg\" alt=\"\" width=\"275\" height=\"183\" \/><\/p>\n<p style=\"text-align: justify;\">Se espera potencial de tormentas puntuales intensas en Baja California Sur; tormentas puntuales muy fuertes en Sonora, Chihuahua, Durango y Sinaloa; tormentas puntuales fuertes en Nayarit, Jalisco y Colima, y lluvias con intervalos de chubascos en Baja California, debido a la presencia de Javier en la costa occidental de Baja California Sur.<\/p>\n<p style=\"text-align: justify;\">Prev\u00e9n temperaturas por arriba de los 40 grados cent\u00edgrados en Baja California, Sonora, Coahuila, Nuevo Le\u00f3n y Tamaulipas; y de 35 a 40 grados cent\u00edgrados en Baja California Sur, Chihuahua, Durango, San Luis Potos\u00ed, Sinaloa, Nayarit, Jalisco, Colima, Michoac\u00e1n, Guerrero, Oaxaca, Chiapas, Veracruz, Tabasco, Campeche, Yucat\u00e1n y Quintana Roo.<\/p>\n<p style=\"text-align: justify;\">La Mesa del Norte tendr\u00e1 cielo medio nublado, probabilidad de intervalos de chubascos fuertes con tormentas puntuales muy fuertes de 60 por ciento en Chihuahua y Durango; intervalos de chubascos con tormentas puntuales fuertes en San Luis Potos\u00ed, Zacatecas y Aguascalientes, as\u00ed como lluvias escasas o lloviznas en Coahuila y Nuevo Le\u00f3n.<\/p>\n","protected":false},"excerpt":{"rendered":"<p>Se espera potencial de tormentas puntuales intensas en Baja California Sur; tormentas puntuales muy fuertes en Sonora, Chihuahua, Durango y Sinaloa; tormentas puntuales fuertes en Nayarit, Jalisco y Colima, y lluvias con intervalos de chubascos en Baja California, debido a la presencia de Javier en la costa occidental de Baja California Sur. Prev\u00e9n temperaturas por [&hellip;]<\/p>\n","protected":false},"author":1,"featured_media":1983,"comment_status":"open","ping_status":"open","sticky":false,"template":"","format":"standard","meta":{"_acf_changed":false,"_monsterinsights_skip_tracking":false,"_monsterinsights_sitenote_active":false,"_monsterinsights_sitenote_note":"","_monsterinsights_sitenote_category":0,"slim_seo":{"title":"Alerta el SMN por tormentas fuertes en Chihuahua - Opini\u00f3n P\u00fablica","description":"Se espera potencial de tormentas puntuales intensas en Baja California Sur; tormentas puntuales muy fuertes en Sonora, Chihuahua, Durango y Sinaloa; tormentas p"},"footnotes":""},"categories":[4],"tags":[],"class_list":["post-1984","post","type-post","status-publish","format-standard","has-post-thumbnail","hentry","category-pulsopolitico"],"acf":[],"_links":{"self":[{"href":"https:\/\/www.opinionpublica.tv\/portada\/wp-json\/wp\/v2\/posts\/1984","targetHints":{"allow":["GET"]}}],"collection":[{"href":"https:\/\/www.opinionpublica.tv\/portada\/wp-json\/wp\/v2\/posts"}],"about":[{"href":"https:\/\/www.opinionpublica.tv\/portada\/wp-json\/wp\/v2\/types\/post"}],"author":[{"embeddable":true,"href":"https:\/\/www.opinionpublica.tv\/portada\/wp-json\/wp\/v2\/users\/1"}],"replies":[{"embeddable":true,"href":"https:\/\/www.opinionpublica.tv\/portada\/wp-json\/wp\/v2\/comments?post=1984"}],"version-history":[{"count":0,"href":"https:\/\/www.opinionpublica.tv\/portada\/wp-json\/wp\/v2\/posts\/1984\/revisions"}],"wp:featuredmedia":[{"embeddable":true,"href":"https:\/\/www.opinionpublica.tv\/portada\/wp-json\/wp\/v2\/media\/1983"}],"wp:attachment":[{"href":"https:\/\/www.opinionpublica.tv\/portada\/wp-json\/wp\/v2\/media?parent=1984"}],"wp:term":[{"taxonomy":"category","embeddable":true,"href":"https:\/\/www.opinionpublica.tv\/portada\/wp-json\/wp\/v2\/categories?post=1984"},{"taxonomy":"post_tag","embeddable":true,"href":"https:\/\/www.opinionpublica.tv\/portada\/wp-json\/wp\/v2\/tags?post=1984"}],"curies":[{"name":"wp","href":"https:\/\/api.w.org\/{rel}","templated":true}]}}