{"id":19786,"date":"2019-05-06T06:00:00","date_gmt":"2019-05-06T04:00:00","guid":{"rendered":"https:\/\/www.opinionpublica.tv\/portada\/2019\/05\/06\/ventas-de-autos-en-mexico-registran-su-peor-nivel-en-4-anos\/"},"modified":"2019-05-06T06:00:00","modified_gmt":"2019-05-06T04:00:00","slug":"ventas-de-autos-en-mexico-registran-su-peor-nivel-en-4-anos","status":"publish","type":"post","link":"https:\/\/www.opinionpublica.tv\/portada\/ventas-de-autos-en-mexico-registran-su-peor-nivel-en-4-anos\/","title":{"rendered":"Ventas de autos en M\u00e9xico registran su peor nivel en 4 a\u00f1os"},"content":{"rendered":"<p><img fetchpriority=\"high\" decoding=\"async\" class=\" size-full wp-image-19785\" src=\"https:\/\/www.opinionpublica.tv\/portada\/wp-content\/uploads\/2019\/05\/0b2f474b992e10433446e55a787619eb.jpg\" alt=\"\" class=\"caption\" title=\"La ca\u00edda en la venta de autos se atribuye a la incertidumbre econ\u00f3mica en M\u00e9xico.\" width=\"1068\" height=\"601\" srcset=\"https:\/\/www.opinionpublica.tv\/portada\/wp-content\/uploads\/2019\/05\/0b2f474b992e10433446e55a787619eb.jpg 1068w, https:\/\/www.opinionpublica.tv\/portada\/wp-content\/uploads\/2019\/05\/0b2f474b992e10433446e55a787619eb-300x169.jpg 300w, https:\/\/www.opinionpublica.tv\/portada\/wp-content\/uploads\/2019\/05\/0b2f474b992e10433446e55a787619eb-1024x576.jpg 1024w, https:\/\/www.opinionpublica.tv\/portada\/wp-content\/uploads\/2019\/05\/0b2f474b992e10433446e55a787619eb-768x432.jpg 768w\" sizes=\"(max-width: 1068px) 100vw, 1068px\" \/><br \/>\n<!--more--><\/p>\n<p style=\"text-align: justify;\"><em>Ciudad de M\u00e9xico<\/em>.- Durante el cuarto mes del a\u00f1o se vendieron 98,105\u00a0autom\u00f3viles nuevos en el mercado nacional, esta es la peor cifra registrada desde abril del 2015 (94,953 unidades vendidas). Este es el primer mes en cuatro a\u00f1os en el que las ventas registran un nivel por debajo de las 100,000 unidades.<\/p>\n<p style=\"text-align: justify;\">Este resultado signific\u00f3 una ca\u00edda de 10.4% en comparaci\u00f3n anual, con la que se ligan tres meses consecutivos en n\u00fameros rojos despu\u00e9s de que en enero se registrara un ligero avance de 1.9%, de acuerdo con cifras de la Asociaci\u00f3n Mexicana de la Industria Automotriz\u00a0(AMIA) difundidas por el Instituto Nacional de Estad\u00edstica y Geograf\u00eda (Inegi).<\/p>\n<p style=\"text-align: justify;\">Respecto al mes previo (marzo del 2019) tambi\u00e9n se registr\u00f3 una ca\u00edda en las\u00a0ventas de autos. Se dejaron de vender 19,017 unidades, lo que implic\u00f3 una ca\u00edda de 16.2 por ciento.<\/p>\n<p style=\"text-align: justify;\">Nissan lidera el mercado nacional<\/p>\n<p style=\"text-align: justify;\">La firma japonesa,\u00a0Nissan, comercializ\u00f3 18,275 veh\u00edculos ligeros nuevos en abril del 2019, ligando un mes m\u00e1s a la cabeza de las\u00a0ventas de autos en M\u00e9xico. Este resultado implic\u00f3 una ca\u00edda de 28.1% en comparaci\u00f3n con las ventas de marzo.<\/p>\n<p style=\"text-align: justify;\">La segunda firma con mayor presencia en el mercado interno es\u00a0General Motors, que tiene a Chevrolet, Buick, GMC y Cadillac. Sus ventas ascendieron a 16,148 unidades durante este mes. La ca\u00edda fue de 11.7% en comparaci\u00f3n con el mes previo.<\/p>\n<p style=\"text-align: justify;\">El tercer puesto en ventas lo ocupa\u00a0Volkswagen, la alemana comercializ\u00f3 11,080 autom\u00f3viles nuevos al p\u00fablico nacional. Las ventas de la firma cayeron 3.9% de marzo a abril.<\/p>\n<p style=\"text-align: justify;\">Pese a su liderazgo en el mercado mexicano estas firmas han registrado ca\u00eddas importantes en sus ventas totales en los 12 meses recientes, presionando a la baja el nivel de ventas totales de la\u00a0industria automotriz en M\u00e9xico.<\/p>\n<p style=\"text-align: justify;\">Los autos de lujo siguen al alza<\/p>\n<p style=\"text-align: justify;\">Las firmas que comercializan veh\u00edculos ligeros de lujo han ido ganando territorio en M\u00e9xico. Mientras las l\u00edneas de autos austeros y b\u00e1sicos registran ca\u00eddas en sus ventas, las l\u00edneas de lujo venden cada vez m\u00e1s unidades.<\/p>\n<p style=\"text-align: justify;\">Mercedez Benz es la firma de\u00a0autom\u00f3viles de lujo\u00a0que m\u00e1s unidades comercializa en el mercado nacional, en abril vendi\u00f3 2 mil 72 unidades. En segundo lugar, se coloc\u00f3 Volvo con ventas de 153 unidades y en el tercer puesto se ubic\u00f3 la firma japonesa Acura que vendi\u00f3 al p\u00fablico 143 veh\u00edculos de lujo.<\/p>\n<p style=\"text-align: justify;\">Otras firmas como\u00a0BMW\u00a0y\u00a0Audi\u00a0que no son catalogadas como exclusivamente de lujo, pero tienen l\u00edneas premium de autom\u00f3viles tambi\u00e9n se encuentran bien posicionadas en el mercado mexicano. Durante abril del 2019 BMW y Audi comercializaron 1,530 y 970 unidades respectivamente. (El Economista)<\/p>\n","protected":false},"excerpt":{"rendered":"","protected":false},"author":6,"featured_media":19785,"comment_status":"open","ping_status":"open","sticky":false,"template":"","format":"standard","meta":{"_acf_changed":false,"_monsterinsights_skip_tracking":false,"slim_seo":{"title":"Ventas de autos en M\u00e9xico registran su peor nivel en 4 a\u00f1os - Opini\u00f3n P\u00fablica","description":"Ciudad de M\u00e9xico .- Durante el cuarto mes del a\u00f1o se vendieron 98,105\u00a0autom\u00f3viles nuevos en el mercado nacional, esta es la peor cifra registrada desde abril de"},"footnotes":""},"categories":[9],"tags":[],"class_list":["post-19786","post","type-post","status-publish","format-standard","has-post-thumbnail","hentry","category-nacional"],"acf":[],"_links":{"self":[{"href":"https:\/\/www.opinionpublica.tv\/portada\/wp-json\/wp\/v2\/posts\/19786","targetHints":{"allow":["GET"]}}],"collection":[{"href":"https:\/\/www.opinionpublica.tv\/portada\/wp-json\/wp\/v2\/posts"}],"about":[{"href":"https:\/\/www.opinionpublica.tv\/portada\/wp-json\/wp\/v2\/types\/post"}],"author":[{"embeddable":true,"href":"https:\/\/www.opinionpublica.tv\/portada\/wp-json\/wp\/v2\/users\/6"}],"replies":[{"embeddable":true,"href":"https:\/\/www.opinionpublica.tv\/portada\/wp-json\/wp\/v2\/comments?post=19786"}],"version-history":[{"count":0,"href":"https:\/\/www.opinionpublica.tv\/portada\/wp-json\/wp\/v2\/posts\/19786\/revisions"}],"wp:featuredmedia":[{"embeddable":true,"href":"https:\/\/www.opinionpublica.tv\/portada\/wp-json\/wp\/v2\/media\/19785"}],"wp:attachment":[{"href":"https:\/\/www.opinionpublica.tv\/portada\/wp-json\/wp\/v2\/media?parent=19786"}],"wp:term":[{"taxonomy":"category","embeddable":true,"href":"https:\/\/www.opinionpublica.tv\/portada\/wp-json\/wp\/v2\/categories?post=19786"},{"taxonomy":"post_tag","embeddable":true,"href":"https:\/\/www.opinionpublica.tv\/portada\/wp-json\/wp\/v2\/tags?post=19786"}],"curies":[{"name":"wp","href":"https:\/\/api.w.org\/{rel}","templated":true}]}}