{"id":19775,"date":"2019-05-06T06:00:00","date_gmt":"2019-05-06T04:00:00","guid":{"rendered":"https:\/\/www.opinionpublica.tv\/portada\/2019\/05\/06\/presenta-cabada-proyecto-de-juarez-iluminado-al-cce\/"},"modified":"2019-05-06T06:00:00","modified_gmt":"2019-05-06T04:00:00","slug":"presenta-cabada-proyecto-de-juarez-iluminado-al-cce","status":"publish","type":"post","link":"https:\/\/www.opinionpublica.tv\/portada\/presenta-cabada-proyecto-de-juarez-iluminado-al-cce\/","title":{"rendered":"Presenta Cabada proyecto de &#8216;Ju\u00e1rez Iluminado&#8217; al CCE"},"content":{"rendered":"<p><img fetchpriority=\"high\" decoding=\"async\" class=\" size-full wp-image-19774\" src=\"https:\/\/www.opinionpublica.tv\/portada\/wp-content\/uploads\/2019\/05\/cd2f30ae2f9431ff4d5e2880c560e894.jpg\" alt=\"\" class=\"caption\" title=\"El proyecto Ju\u00e1rez Iluminado pretende cambiar todas las luminarias de esta ciudad.\" width=\"768\" height=\"479\" srcset=\"https:\/\/www.opinionpublica.tv\/portada\/wp-content\/uploads\/2019\/05\/cd2f30ae2f9431ff4d5e2880c560e894.jpg 768w, https:\/\/www.opinionpublica.tv\/portada\/wp-content\/uploads\/2019\/05\/cd2f30ae2f9431ff4d5e2880c560e894-300x187.jpg 300w\" sizes=\"(max-width: 768px) 100vw, 768px\" \/><br \/>\n<!--more--><\/p>\n<p style=\"text-align: justify;\"><em>Ciudad Ju\u00e1rez, Chih<\/em>.-\u00a0El presidente municipal, Armando Cabada Alv\u00eddrez, se reuni\u00f3 la ma\u00f1ana de este lunes con los integrantes del Consejo Coordinador Empresarial de Ciudad Ju\u00e1rez (CCE), a fin de presentar el proyecto de \u201cJu\u00e1rez Iluminado\u201d.<\/p>\n<p style=\"text-align: justify;\">Los integrantes del CCE en esta frontera realizaron diversos cuestionamientos sobre el costo-beneficio de este proyecto, los cuales fueron contestados en su mayor\u00eda por el administrador de la Ciudad, Rodolfo Mart\u00ednez Ortega,\u00a0quien explic\u00f3 que de llevarse a cabo el proyecto, se utilizar\u00e1 tecnolog\u00eda moderna en la red de alumbrado p\u00fablico.<\/p>\n<p style=\"text-align: justify;\">\u00abEl remanente de lo recaudado a trav\u00e9s del DAP y el costo de la energ\u00eda ser\u00e1 el monto disponible para el pago de la contraprestaci\u00f3n del servicio\u00bb, se\u00f1al\u00f3.<\/p>\n<p style=\"text-align: justify;\">Mencion\u00f3 que tras un diagn\u00f3stico realizado por la Di<span class=\"text_exposed_show\">recci\u00f3n de Alumbrado y la Comisi\u00f3n Federal de Electricidad (CFE), se determin\u00f3 que en la frontera existe un 84 por ciento de luminarias obsoletas, por ello la necesidad de un programa integral que corrija el rezago a trav\u00e9s de una asociaci\u00f3n p\u00fablico-privada.<\/span><\/p>\n<div class=\"text_exposed_show\" style=\"text-align: justify;\">\n<p>Rodolfo Mart\u00ednez destac\u00f3 que de esta manera se elegir\u00eda a una empresa para realizar la instalaci\u00f3n de 109 mil 137 luminarias LED, 6 mil arbotantes, mil postes, mil equipos de control y mil 200 kil\u00f3metros de cable, la cual estar\u00eda obligada a mantener en funcionamiento el 95 por ciento de las luminarias instaladas.<\/p>\n<p>Tambi\u00e9n estuvieron presentes, el oficial mayor, V\u00edctor Manuel Ortega, el tesorero municipal, Gerardo Ronquillo, el director de Servicios P\u00fablicos Municipales, Daniel Pando y el director de Alumbrado P\u00fablico, Guillermo Lara.<\/p>\n<\/div>\n<p style=\"text-align: justify;\">M\u00e1s adelante, funcionarios del municipio tambi\u00e9n se reunir\u00e1n con los integrantes del Plan Estrat\u00e9gico de Ju\u00e1rez para presentar este proyecto y responder dudas a la sociedad civil.<\/p>\n","protected":false},"excerpt":{"rendered":"","protected":false},"author":6,"featured_media":19774,"comment_status":"open","ping_status":"open","sticky":false,"template":"","format":"standard","meta":{"_acf_changed":false,"_monsterinsights_skip_tracking":false,"slim_seo":{"title":"Presenta Cabada proyecto de 'Ju\u00e1rez Iluminado' al CCE - Opini\u00f3n P\u00fablica","description":"Ciudad Ju\u00e1rez, Chih .-\u00a0El presidente municipal, Armando Cabada Alv\u00eddrez, se reuni\u00f3 la ma\u00f1ana de este lunes con los integrantes del Consejo Coordinador Empresari"},"footnotes":""},"categories":[5],"tags":[],"class_list":["post-19775","post","type-post","status-publish","format-standard","has-post-thumbnail","hentry","category-frontera"],"acf":[],"_links":{"self":[{"href":"https:\/\/www.opinionpublica.tv\/portada\/wp-json\/wp\/v2\/posts\/19775","targetHints":{"allow":["GET"]}}],"collection":[{"href":"https:\/\/www.opinionpublica.tv\/portada\/wp-json\/wp\/v2\/posts"}],"about":[{"href":"https:\/\/www.opinionpublica.tv\/portada\/wp-json\/wp\/v2\/types\/post"}],"author":[{"embeddable":true,"href":"https:\/\/www.opinionpublica.tv\/portada\/wp-json\/wp\/v2\/users\/6"}],"replies":[{"embeddable":true,"href":"https:\/\/www.opinionpublica.tv\/portada\/wp-json\/wp\/v2\/comments?post=19775"}],"version-history":[{"count":0,"href":"https:\/\/www.opinionpublica.tv\/portada\/wp-json\/wp\/v2\/posts\/19775\/revisions"}],"wp:featuredmedia":[{"embeddable":true,"href":"https:\/\/www.opinionpublica.tv\/portada\/wp-json\/wp\/v2\/media\/19774"}],"wp:attachment":[{"href":"https:\/\/www.opinionpublica.tv\/portada\/wp-json\/wp\/v2\/media?parent=19775"}],"wp:term":[{"taxonomy":"category","embeddable":true,"href":"https:\/\/www.opinionpublica.tv\/portada\/wp-json\/wp\/v2\/categories?post=19775"},{"taxonomy":"post_tag","embeddable":true,"href":"https:\/\/www.opinionpublica.tv\/portada\/wp-json\/wp\/v2\/tags?post=19775"}],"curies":[{"name":"wp","href":"https:\/\/api.w.org\/{rel}","templated":true}]}}