{"id":19559,"date":"2019-04-21T06:00:00","date_gmt":"2019-04-21T04:00:00","guid":{"rendered":"https:\/\/www.opinionpublica.tv\/portada\/2019\/04\/21\/masacre-en-sri-lanka-centenares-de-muertos-y-heridos-por-explosiones-en-misas-de-pascua\/"},"modified":"2019-04-21T06:00:00","modified_gmt":"2019-04-21T04:00:00","slug":"masacre-en-sri-lanka-centenares-de-muertos-y-heridos-por-explosiones-en-misas-de-pascua","status":"publish","type":"post","link":"https:\/\/www.opinionpublica.tv\/portada\/masacre-en-sri-lanka-centenares-de-muertos-y-heridos-por-explosiones-en-misas-de-pascua\/","title":{"rendered":"Explosiones en Sri Lanka dejan centenares de muertos y heridos durante la Pascua"},"content":{"rendered":"<p><img fetchpriority=\"high\" decoding=\"async\" class=\" size-full wp-image-19558\" src=\"https:\/\/www.opinionpublica.tv\/portada\/wp-content\/uploads\/2019\/04\/4d1fcf86d629866fdf37316eca096f1d.jpg\" alt=\"\" class=\"caption\" title=\"Fuerzas de seguridad de Sri Lanka inspeccionan una de las iglesias que fue atacada por las explosiones.\" width=\"1280\" height=\"716\" srcset=\"https:\/\/www.opinionpublica.tv\/portada\/wp-content\/uploads\/2019\/04\/4d1fcf86d629866fdf37316eca096f1d.jpg 1280w, https:\/\/www.opinionpublica.tv\/portada\/wp-content\/uploads\/2019\/04\/4d1fcf86d629866fdf37316eca096f1d-300x168.jpg 300w, https:\/\/www.opinionpublica.tv\/portada\/wp-content\/uploads\/2019\/04\/4d1fcf86d629866fdf37316eca096f1d-1024x573.jpg 1024w, https:\/\/www.opinionpublica.tv\/portada\/wp-content\/uploads\/2019\/04\/4d1fcf86d629866fdf37316eca096f1d-768x430.jpg 768w\" sizes=\"(max-width: 1280px) 100vw, 1280px\" \/><br \/>\n<!--more--><\/p>\n<p style=\"text-align: justify;\"><em>Sri Lanka<\/em>.- M\u00e1s de\u00a0200 personas, incluyendo docenas de extranjeros, murieron y cerca de 500 resultaron heridas este domingo en ocho atentados explosivos\u00a0contra tres iglesias que celebraban la misa de Pascua y cuatro hoteles de lujo en Sri Lanka.<\/p>\n<p style=\"text-align: justify;\" data-reactid=\"32\">Ocho personas fueron detenidas, indic\u00f3 el primer ministro Ranil Wickremesinghe. \u201cHasta ahora los nombres (de los detenidos) son locales\u201d pero se investigan posibles \u201cv\u00ednculos con el extranjero\u201d, declar\u00f3 en un mensaje en televisi\u00f3n el jefe del Gobierno, sin dar m\u00e1s detalles.<\/p>\n<p style=\"text-align: justify;\" data-reactid=\"33\">De momento\u00a0los ataques no fueron reivindicados,\u00a0se\u00f1al\u00f3 el portavoz de la polic\u00eda, Ruwan Gunasekera, en una rueda de prensa.<\/p>\n<p style=\"text-align: justify;\">El gobierno orden\u00f3 un\u00a0toque de queda de duraci\u00f3n indeterminada que entr\u00f3 en vigor este domingo y el bloqueo temporal de las redes sociales\u00a0para evitar la difusi\u00f3n de informaciones falsas.<\/p>\n<p style=\"text-align: justify;\" data-reactid=\"37\">Seis deflagraciones se produjeron de ma\u00f1ana y otras dos por la tarde. Al menos en dos ataques hay relatos de testigos que hablan de un kamikaze como autor.<\/p>\n<p style=\"text-align: justify;\" data-reactid=\"38\">Se trata del\u00a0episodio m\u00e1s violento ocurrido en el pa\u00eds desde el fin de la guerra civil, hace una d\u00e9cada.<\/p>\n<p style=\"text-align: justify;\">\u201cTorrente de sangre\u201d<\/p>\n<p style=\"text-align: justify;\" data-reactid=\"40\">\u201cFue un torrente de sangre\u201d, dijo N. A. Sumanapala, un comerciante al lado de la Iglesia de San Antonio en la capital de Colombo, atacada por la ma\u00f1ana. \u201cCorr\u00ed adentro para ayudar. Me encontr\u00e9 al sacerdote que sal\u00eda, cubierto de sangre\u201d.<\/p>\n<p style=\"text-align: justify;\" data-reactid=\"41\">En un video filmado en una de las iglesias atacadas se ve\u00edan numerosos cuerpos descuartizados por el suelo, lleno de escombros y de sangre.\u00a0La explosi\u00f3n fue tan fuerte que provoc\u00f3 el desprendimiento de parte del techo.<\/p>\n<p style=\"text-align: justify;\" data-reactid=\"42\">Las primeras explosiones ocurrieron en la iglesia de San Antonio, en la capital, y en la iglesia San Sebasti\u00e1n de Negombo.<\/p>\n<p style=\"text-align: justify;\" data-reactid=\"43\">En el hotel Shangri-La de Colombo un fot\u00f3grafo de la AFP constat\u00f3 importantes da\u00f1os en un restaurante del segundo piso, con las ventanas destruidas y los cables colgando del techo.<\/p>\n<p style=\"text-align: justify;\" data-reactid=\"44\">Tambi\u00e9n fue atacado el\u00a0Cinnamon Grand Hotel, cercano a la residencia oficial del primer ministro.<\/p>\n<p style=\"text-align: justify;\">Un\u00a0ciudadano de Sri Lanka que se habia registrado en el hotel la noche anterior bajo el nombre de Mohamed Azzam Mohamed hizo estallar una bomba\u00a0en la fila de gente que aguardaba el buffet de Pascua del restaurante.<\/p>\n<p style=\"text-align: justify;\" data-reactid=\"67\">\u201cEran las 8 y media de la ma\u00f1ana.\u00a0Hab\u00eda muchas familias\u201d,\u00a0cont\u00f3 a la AFP un empleado. El kamikaze \u201cCon un plato en la mano, se digiri\u00f3 al principio de la cola y se hizo estallar\u201d, agreg\u00f3.<\/p>\n<p style=\"text-align: justify;\" data-reactid=\"68\">\u201cUn gerente que recib\u00eda a los clientes forma parte de los que murieron instant\u00e1neamente [\u2026] Era el caos total\u201d<\/p>\n<p style=\"text-align: justify;\" data-reactid=\"69\">El ministro de Reformas Econ\u00f3micas, Harsha de Silva, dio cuenta en Twitter de \u201cescenas horribles\u201d en la iglesia de San Antonio y en dos de los hoteles atacados, que visit\u00f3.<\/p>\n<p style=\"text-align: justify;\" data-reactid=\"70\">\u201cVi fragmentos de cuerpos desperdigados por todas partes\u201d,\u00a0tuite\u00f3, a\u00f1adiendo que hab\u00eda \u201cmuchas v\u00edctimas, incluyendo extranjeros\u201d.<\/p>\n<p style=\"text-align: justify;\" data-reactid=\"71\">El primer ministro calific\u00f3 los ataques de \u201ccobardes\u201d e hizo un llamado por la unidad del pa\u00eds.<\/p>\n<p style=\"text-align: justify;\" data-reactid=\"72\">El arzobispo de Colombo, Malcom Ranjit, exhort\u00f3 al gobierno de Sri Lanka a \u201ccastigar sin piedad\u201d a los responsables, a trav\u00e9s de una \u201cinvestigaci\u00f3n s\u00f3lida imparcial\u201d.<\/p>\n<p style=\"text-align: justify;\" data-reactid=\"73\">El papa Francisco expres\u00f3 dirigi\u00e9ndose a los fieles reunidos en la Plaza San Pedro del Vaticano su \u201ctristeza\u201d y se declar\u00f3 cerca de \u201ctodas las v\u00edctimas de una violencia tan cruel\u201d.<\/p>\n<p style=\"text-align: justify;\" data-reactid=\"74\">Sri Lanka (21 millones de habitantes) es un pa\u00eds mayoritariamente budista que cuenta con unos 1,2 millones de cat\u00f3licos.\u00a0Junto al 70% de budistas, los hind\u00faes representan un 12%, los musulmanes un 10% y los cristianos un 7%. (Yahoo)<\/p>\n","protected":false},"excerpt":{"rendered":"","protected":false},"author":6,"featured_media":19558,"comment_status":"open","ping_status":"open","sticky":false,"template":"","format":"standard","meta":{"_acf_changed":false,"_monsterinsights_skip_tracking":false,"slim_seo":{"title":"Explosiones en Sri Lanka dejan centenares de muertos y heridos durante la Pascua - Opini\u00f3n P\u00fablica","description":"Sri Lanka .- M\u00e1s de\u00a0200 personas, incluyendo docenas de extranjeros, murieron y cerca de 500 resultaron heridas este domingo en ocho atentados explosivos\u00a0contra"},"footnotes":""},"categories":[11],"tags":[],"class_list":["post-19559","post","type-post","status-publish","format-standard","has-post-thumbnail","hentry","category-tendencias"],"acf":[],"_links":{"self":[{"href":"https:\/\/www.opinionpublica.tv\/portada\/wp-json\/wp\/v2\/posts\/19559","targetHints":{"allow":["GET"]}}],"collection":[{"href":"https:\/\/www.opinionpublica.tv\/portada\/wp-json\/wp\/v2\/posts"}],"about":[{"href":"https:\/\/www.opinionpublica.tv\/portada\/wp-json\/wp\/v2\/types\/post"}],"author":[{"embeddable":true,"href":"https:\/\/www.opinionpublica.tv\/portada\/wp-json\/wp\/v2\/users\/6"}],"replies":[{"embeddable":true,"href":"https:\/\/www.opinionpublica.tv\/portada\/wp-json\/wp\/v2\/comments?post=19559"}],"version-history":[{"count":0,"href":"https:\/\/www.opinionpublica.tv\/portada\/wp-json\/wp\/v2\/posts\/19559\/revisions"}],"wp:featuredmedia":[{"embeddable":true,"href":"https:\/\/www.opinionpublica.tv\/portada\/wp-json\/wp\/v2\/media\/19558"}],"wp:attachment":[{"href":"https:\/\/www.opinionpublica.tv\/portada\/wp-json\/wp\/v2\/media?parent=19559"}],"wp:term":[{"taxonomy":"category","embeddable":true,"href":"https:\/\/www.opinionpublica.tv\/portada\/wp-json\/wp\/v2\/categories?post=19559"},{"taxonomy":"post_tag","embeddable":true,"href":"https:\/\/www.opinionpublica.tv\/portada\/wp-json\/wp\/v2\/tags?post=19559"}],"curies":[{"name":"wp","href":"https:\/\/api.w.org\/{rel}","templated":true}]}}