{"id":19557,"date":"2019-04-21T06:00:00","date_gmt":"2019-04-21T04:00:00","guid":{"rendered":"https:\/\/www.opinionpublica.tv\/portada\/2019\/04\/21\/chihuahua-y-otras-cinco-entidades-encabezan-el-trimestre-mas-violento-de-la-historia\/"},"modified":"2019-04-21T06:00:00","modified_gmt":"2019-04-21T04:00:00","slug":"chihuahua-y-otras-cinco-entidades-encabezan-el-trimestre-mas-violento-de-la-historia","status":"publish","type":"post","link":"https:\/\/www.opinionpublica.tv\/portada\/chihuahua-y-otras-cinco-entidades-encabezan-el-trimestre-mas-violento-de-la-historia\/","title":{"rendered":"Destacan Chihuahua y otras cinco entidades en el trimestre m\u00e1s violento de la historia"},"content":{"rendered":"<p><img fetchpriority=\"high\" decoding=\"async\" class=\" size-full wp-image-19555\" src=\"https:\/\/www.opinionpublica.tv\/portada\/wp-content\/uploads\/2019\/04\/8c13c5a1a5ea3888c83aca66992bf8e7.jpg\" alt=\"\" class=\"caption\" title=\"La violencia en M\u00e9xico sigue a la alza en todas sus modalidades.\" width=\"700\" height=\"465\" srcset=\"https:\/\/www.opinionpublica.tv\/portada\/wp-content\/uploads\/2019\/04\/8c13c5a1a5ea3888c83aca66992bf8e7.jpg 700w, https:\/\/www.opinionpublica.tv\/portada\/wp-content\/uploads\/2019\/04\/8c13c5a1a5ea3888c83aca66992bf8e7-300x199.jpg 300w\" sizes=\"(max-width: 700px) 100vw, 700px\" \/><br \/>\n<!--more--><\/p>\n<p style=\"text-align: justify;\"><em>Ciudad de M\u00e9xico<\/em>.- El primer trimestre de 2019 fueron iniciadas 7 mil 242 carpetas de investigaci\u00f3n por\u00a0homicidios dolosos, m\u00e1s que en el mismo periodo del a\u00f1o pasado,\u00a0lo que lo convierte en el m\u00e1s violento de los \u00faltimos a\u00f1os, de acuerdo con datos del Secretario Ejecutivo del Sistema Nacional de Seguridad P\u00fablica (SESNSP).<\/p>\n<p style=\"text-align: justify;\">En los estados que lideran las cifras de este delito se han hallado diversas fosas clandestinas en las \u00faltimas semanas y han sido escenario de masacres que estremecieron al pa\u00eds, como el caso de\u00a0Veracruz.<\/p>\n<p style=\"text-align: justify;\">De acuerdo con las cifras oficiales, los 10 estados m\u00e1s violentos fueron Guanajuato, con 727 homicidios dolosos; el\u00a0Estado de M\u00e9xico, con 686;\u00a0Baja California, con 597;\u00a0Jalisco\u00a0con 576;\u00a0Chihuahua, con 477; y\u00a0Guerrero, con 393.<\/p>\n<p style=\"text-align: justify;\">Siguieron la Ciudad de M\u00e9xico, donde se contabilizaron 380; Veracruz, con 348 homicidios ; Michoac\u00e1n con 337 y Nuevo Le\u00f3n, con un registro de 263 homicidios dolosos.<\/p>\n<p style=\"text-align: justify;\">Destaca que 5 mil 109 de los m\u00e1s de 7 mil homicidios dolosos investigados habr\u00edan sido cometidos con armas de fuego.<\/p>\n<p style=\"text-align: justify;\">Aunque Veracruz ocupa el octavo lugar con la entidad con m\u00e1s homicidios dolosos, resalta por la serie de episodios violentos que ha albergado en los \u00faltimos meses. El m\u00e1s reciente se registr\u00f3 el viernes pasado, cuando 13 personas\u00a0-cinco mujeres, un ni\u00f1o y siete hombres- murieron en un ataque cometido por un\u00a0grupo armado\u00a0en una\u00a0fiesta privada realizada en \u00a0Minatitl\u00e1n, mientras que una m\u00e1s falleci\u00f3 mientras recib\u00eda atenci\u00f3n m\u00e9dica.<\/p>\n<p style=\"text-align: justify;\">Alrededor de las 21:00 horas del viernes un grupo de hombres armados irrumpi\u00f3 en un restaurante en la colonia Obrera,\u00a0 medios locales se\u00f1alan que el grupo ten\u00eda el\u00a0prop\u00f3sito de llevarse a \u201cBecly Ryn\u201d, una mujer trans; sin embargo, los presentes habr\u00edan tratado de impedirlo, por lo que fueron agredidos con armas de fuego.<\/p>\n<p style=\"text-align: justify;\">El uso de armas para cometer asesinatos es una constante en la entidad, pues del total de 545 homicidios registrados en el SESNSP -conteo que incluye los cr\u00edmenes no dolosos- 211 habr\u00edan sido cometidos con armas de fuego.<\/p>\n<p style=\"text-align: justify;\">Los cr\u00edmenes recuerdan a la balacera registrada en un bar de Salamanca, en\u00a0 Guanajuato, el estado m\u00e1s violento, en marzo pasado y que autoridades relacionaron con los operativos de b\u00fasqueda de personas ligadas al robo de combustible.<\/p>\n<p style=\"text-align: justify;\">A los homicidios dolosos se suman las 46 carpetas de investigaci\u00f3n abiertas por casos de feminicidio los primeros meses del a\u00f1o, cifra que contrasta con los 21 casos de enero a marzo de 2018.<\/p>\n<p style=\"text-align: justify;\">El incremento de este delito se preve\u00eda en primer bimestre del a\u00f1o, cuando los los feminicidios\u00a0aumentaron de ocho a 19.<\/p>\n<p style=\"text-align: justify;\"><img decoding=\"async\" class=\" size-full wp-image-19556\" src=\"https:\/\/www.opinionpublica.tv\/portada\/wp-content\/uploads\/2019\/04\/crimenes2.jpg\" width=\"600\" height=\"319\" srcset=\"https:\/\/www.opinionpublica.tv\/portada\/wp-content\/uploads\/2019\/04\/crimenes2.jpg 1090w, https:\/\/www.opinionpublica.tv\/portada\/wp-content\/uploads\/2019\/04\/crimenes2-300x160.jpg 300w, https:\/\/www.opinionpublica.tv\/portada\/wp-content\/uploads\/2019\/04\/crimenes2-1024x545.jpg 1024w, https:\/\/www.opinionpublica.tv\/portada\/wp-content\/uploads\/2019\/04\/crimenes2-768x409.jpg 768w\" sizes=\"(max-width: 600px) 100vw, 600px\" \/><\/p>\n<p style=\"text-align: justify;\">Ejemplo de la violencia feminicida fue el caso de\u00a0Antonia \u201cN\u201d, de 35 a\u00f1os de edad, quien estaba embarazada cuando a inicios de marzo habr\u00eda sido asesinada por\u00a0 su esposo, a quien ya le hab\u00eda pedido el divorcio en\u00a0Tlachichilco.<\/p>\n<p style=\"text-align: justify;\"><strong>SECUESTROS EN VERACRUZ<\/strong><\/p>\n<p style=\"text-align: justify;\">El delito de secuestro deriv\u00f3 en 387 investigaciones a nivel nacional hasta marzo, mientras que en el mismo periodo de 2018 fue de 243.<\/p>\n<p style=\"text-align: justify;\">El secuestro del tipo extorsivo fue el m\u00e1s com\u00fan, pues las 39 denuncias contabilizadas en enero, las 40 de febrero y las 32 de marzo fueron de este tipo.\u00a0 \u00a0<\/p>\n<p style=\"text-align: justify;\">Los secuestros han sido un preocupaci\u00f3n constante de las y los veracruzanos, basta recordar el caso de la empresaria\u00a0Susana Carrera, cuyo\u00a0 cuerpo fue localizado durante la madrugada del jueves 14 de febrero en la colonia Benito Ju\u00e1rez Norte, en\u00a0Coatzacoalco.<\/p>\n<p style=\"text-align: justify;\">Autoridades locales recibieron el reporte de que un cuerpo dentro de una bolsa negra hab\u00eda sido abandonado junto a una cartulina con un mensaje dirigido a su familia, quien no habr\u00eda podido pagar el rescate de la mujer.<\/p>\n<p style=\"text-align: justify;\">Y los casos contin\u00faan, tan solo el 8 de abril pasado la\u00a0Fiscal\u00eda de Veracruz\u00a0confirm\u00f3 el hallazgo del cuerpo\u00a0de\u00a0Sara Mart\u00ednez Sandoval,\u00a0de 46 a\u00f1os de edad, en\u00a0Medell\u00edn de Bravo. La\u00a0taxista fue hallada en\u00a0Medell\u00edn de Bravo.<\/p>\n<p style=\"text-align: justify;\"><strong>FOSAS CLANDESTINAS<\/strong><\/p>\n<p style=\"text-align: justify;\">El pasado 17 de abril el Fiscal General de\u00a0Veracruz,\u00a0\u00a0Jorge Winckler,\u00a0inform\u00f3 que\u00a0 un predio de la zona centro de Veracruz fueron encontrados\u00a036 puntos\u00a0donde probablemente hay\u00a0fosas clandestinas.<\/p>\n<p style=\"text-align: justify;\">El predio se ubica en el municipio de La Antigua, en las inmediaciones de la playa\u00a0Chalchihuecan.<\/p>\n<p style=\"text-align: justify;\">Se trata del primer cementerio clandestino descubierto en el\u00a0Gobierno de Cuitl\u00e1huac Garc\u00eda Jim\u00e9nez, en donde fuentes ministeriales confirmaron el hallazgo de este lugar, que por seguridad pidieron no revelar.<\/p>\n<p style=\"text-align: justify;\">Esta semana se inform\u00f3 que en el lugar se estima que fueron\u00a0enterradas\u00a0m\u00e1s de 50 personas.<\/p>\n<p style=\"text-align: justify;\">Previamente, al menos\u00a065 restos \u00f3seos y piezas dentales fueron\u00a0localizadas en un predio conocido como \u201cEl Infiernillo\u201d que se ubica a unos 20 minutos del puerto de\u00a0Coatzacoalcos\u00a0por lancha.\u00a0Los restos fueron trasladados por Fiscal\u00eda General del Estado\u00a0 para pruebas de ADN.<\/p>\n<p style=\"text-align: justify;\">Estos hechos violentos llevaron a l\u00edderes de diversas organizaciones\u00a0empresariales, sindicales y civiles de\u00a0Minatitl\u00e1n a\u00a0convocar a una\u00a0marcha por la paz\u00a0el pr\u00f3ximo 23 de abril, a la que invitaron a todo el pueblo para\u00a0protestar por la masacre del fin de semana.<\/p>\n<p style=\"text-align: justify;\">En entrevista, Ernesto S\u00e1nchez L\u00f3pez, l\u00edder empresarial, exhort\u00f3 al pueblo de Minatitl\u00e1n a unirse para exigir a las autoridades que los integren a la mesa de seguridad municipal y que de inmediato el Estado y la Federaci\u00f3n anuncien las nuevas estrategias para regresar la paz al municipio y a la zona sur del estado. (SinEmbargoMX)<\/p>\n","protected":false},"excerpt":{"rendered":"","protected":false},"author":6,"featured_media":19555,"comment_status":"open","ping_status":"open","sticky":false,"template":"","format":"standard","meta":{"_acf_changed":false,"_monsterinsights_skip_tracking":false,"slim_seo":{"title":"Destacan Chihuahua y otras cinco entidades en el trimestre m\u00e1s violento de la historia - Opini\u00f3n P\u00fablica","description":"Ciudad de M\u00e9xico .- El primer trimestre de 2019 fueron iniciadas 7 mil 242 carpetas de investigaci\u00f3n por\u00a0homicidios dolosos, m\u00e1s que en el mismo periodo del a\u00f1o"},"footnotes":""},"categories":[3],"tags":[150],"class_list":["post-19557","post","type-post","status-publish","format-standard","has-post-thumbnail","hentry","category-principal","tag-sesnsp"],"acf":[],"_links":{"self":[{"href":"https:\/\/www.opinionpublica.tv\/portada\/wp-json\/wp\/v2\/posts\/19557","targetHints":{"allow":["GET"]}}],"collection":[{"href":"https:\/\/www.opinionpublica.tv\/portada\/wp-json\/wp\/v2\/posts"}],"about":[{"href":"https:\/\/www.opinionpublica.tv\/portada\/wp-json\/wp\/v2\/types\/post"}],"author":[{"embeddable":true,"href":"https:\/\/www.opinionpublica.tv\/portada\/wp-json\/wp\/v2\/users\/6"}],"replies":[{"embeddable":true,"href":"https:\/\/www.opinionpublica.tv\/portada\/wp-json\/wp\/v2\/comments?post=19557"}],"version-history":[{"count":0,"href":"https:\/\/www.opinionpublica.tv\/portada\/wp-json\/wp\/v2\/posts\/19557\/revisions"}],"wp:featuredmedia":[{"embeddable":true,"href":"https:\/\/www.opinionpublica.tv\/portada\/wp-json\/wp\/v2\/media\/19555"}],"wp:attachment":[{"href":"https:\/\/www.opinionpublica.tv\/portada\/wp-json\/wp\/v2\/media?parent=19557"}],"wp:term":[{"taxonomy":"category","embeddable":true,"href":"https:\/\/www.opinionpublica.tv\/portada\/wp-json\/wp\/v2\/categories?post=19557"},{"taxonomy":"post_tag","embeddable":true,"href":"https:\/\/www.opinionpublica.tv\/portada\/wp-json\/wp\/v2\/tags?post=19557"}],"curies":[{"name":"wp","href":"https:\/\/api.w.org\/{rel}","templated":true}]}}