{"id":19497,"date":"2019-04-17T06:00:00","date_gmt":"2019-04-17T04:00:00","guid":{"rendered":"https:\/\/www.opinionpublica.tv\/portada\/2019\/04\/17\/morena-emplaza-al-magisterio-para-resolver-reforma-educativa\/"},"modified":"2019-04-17T06:00:00","modified_gmt":"2019-04-17T04:00:00","slug":"morena-emplaza-al-magisterio-para-resolver-reforma-educativa","status":"publish","type":"post","link":"https:\/\/www.opinionpublica.tv\/portada\/morena-emplaza-al-magisterio-para-resolver-reforma-educativa\/","title":{"rendered":"Morena emplaza al magisterio para resolver reforma educativa"},"content":{"rendered":"<p><img fetchpriority=\"high\" decoding=\"async\" class=\" size-full wp-image-19496\" src=\"https:\/\/www.opinionpublica.tv\/portada\/wp-content\/uploads\/2019\/04\/6fbfd85bea11e638ed38900960c0e7e3.jpg\" alt=\"\" class=\"caption\" title=\"La educaci\u00f3n en M\u00e9xico sigue secuestrada por el sindicalismo e intereses pol\u00edticos.\" width=\"1600\" height=\"900\" srcset=\"https:\/\/www.opinionpublica.tv\/portada\/wp-content\/uploads\/2019\/04\/6fbfd85bea11e638ed38900960c0e7e3.jpg 1600w, https:\/\/www.opinionpublica.tv\/portada\/wp-content\/uploads\/2019\/04\/6fbfd85bea11e638ed38900960c0e7e3-300x169.jpg 300w, https:\/\/www.opinionpublica.tv\/portada\/wp-content\/uploads\/2019\/04\/6fbfd85bea11e638ed38900960c0e7e3-1024x576.jpg 1024w, https:\/\/www.opinionpublica.tv\/portada\/wp-content\/uploads\/2019\/04\/6fbfd85bea11e638ed38900960c0e7e3-768x432.jpg 768w, https:\/\/www.opinionpublica.tv\/portada\/wp-content\/uploads\/2019\/04\/6fbfd85bea11e638ed38900960c0e7e3-1536x864.jpg 1536w\" sizes=\"(max-width: 1600px) 100vw, 1600px\" \/><br \/>\n<!--more--><\/p>\n<p style=\"text-align: justify;\"><em>Ciudad de M\u00e9xico<\/em>.- Morena, la fracci\u00f3n mayoritaria en la C\u00e1mara de Diputados, emplaz\u00f3 al magisterio a llegar a un acuerdo para aprobar la reforma educativa antes del pr\u00f3ximo martes 30.<\/p>\n<p style=\"text-align: justify;\">Adem\u00e1s, consider\u00f3 que el memor\u00e1ndum en materia educativa emitido este martes por el presidente Andr\u00e9s Manuel L\u00f3pez Obrador est\u00e1 dentro de sus facultades.<\/p>\n<p style=\"text-align: justify;\">Mario Delgado Carrillo, coordinador de Morena, destac\u00f3 que el documento es un esfuerzo del Ejecutivo para hacer todo lo que est\u00e9 en sus manos y acabar con este cap\u00edtulo de persecuci\u00f3n y castigo hacia los mentores.<\/p>\n<p style=\"text-align: justify;\">\u201cEl memor\u00e1ndum firmado hoy por el presidente de la Rep\u00fablica para detener dentro del gobierno la aplicaci\u00f3n de la mal llamada reforma educativa es una muestra m\u00e1s de la voluntad del Ejecutivo para terminar con este cap\u00edtulo ominoso para la educaci\u00f3n en M\u00e9xico y para los maestros del pa\u00eds\u201d, destac\u00f3 en un comunicado.<\/p>\n","protected":false},"excerpt":{"rendered":"","protected":false},"author":6,"featured_media":19496,"comment_status":"open","ping_status":"open","sticky":false,"template":"","format":"standard","meta":{"_acf_changed":false,"_monsterinsights_skip_tracking":false,"slim_seo":{"title":"Morena emplaza al magisterio para resolver reforma educativa - Opini\u00f3n P\u00fablica","description":"Ciudad de M\u00e9xico .- Morena, la fracci\u00f3n mayoritaria en la C\u00e1mara de Diputados, emplaz\u00f3 al magisterio a llegar a un acuerdo para aprobar la reforma educativa ant"},"footnotes":""},"categories":[9],"tags":[],"class_list":["post-19497","post","type-post","status-publish","format-standard","has-post-thumbnail","hentry","category-nacional"],"acf":[],"_links":{"self":[{"href":"https:\/\/www.opinionpublica.tv\/portada\/wp-json\/wp\/v2\/posts\/19497","targetHints":{"allow":["GET"]}}],"collection":[{"href":"https:\/\/www.opinionpublica.tv\/portada\/wp-json\/wp\/v2\/posts"}],"about":[{"href":"https:\/\/www.opinionpublica.tv\/portada\/wp-json\/wp\/v2\/types\/post"}],"author":[{"embeddable":true,"href":"https:\/\/www.opinionpublica.tv\/portada\/wp-json\/wp\/v2\/users\/6"}],"replies":[{"embeddable":true,"href":"https:\/\/www.opinionpublica.tv\/portada\/wp-json\/wp\/v2\/comments?post=19497"}],"version-history":[{"count":0,"href":"https:\/\/www.opinionpublica.tv\/portada\/wp-json\/wp\/v2\/posts\/19497\/revisions"}],"wp:featuredmedia":[{"embeddable":true,"href":"https:\/\/www.opinionpublica.tv\/portada\/wp-json\/wp\/v2\/media\/19496"}],"wp:attachment":[{"href":"https:\/\/www.opinionpublica.tv\/portada\/wp-json\/wp\/v2\/media?parent=19497"}],"wp:term":[{"taxonomy":"category","embeddable":true,"href":"https:\/\/www.opinionpublica.tv\/portada\/wp-json\/wp\/v2\/categories?post=19497"},{"taxonomy":"post_tag","embeddable":true,"href":"https:\/\/www.opinionpublica.tv\/portada\/wp-json\/wp\/v2\/tags?post=19497"}],"curies":[{"name":"wp","href":"https:\/\/api.w.org\/{rel}","templated":true}]}}