{"id":19407,"date":"2019-04-10T06:00:00","date_gmt":"2019-04-10T04:00:00","guid":{"rendered":"https:\/\/www.opinionpublica.tv\/portada\/2019\/04\/10\/emiten-nuevo-timbre-postal-con-la-imagen-de-emiliano-zapata\/"},"modified":"2019-04-10T06:00:00","modified_gmt":"2019-04-10T04:00:00","slug":"emiten-nuevo-timbre-postal-con-la-imagen-de-emiliano-zapata","status":"publish","type":"post","link":"https:\/\/www.opinionpublica.tv\/portada\/emiten-nuevo-timbre-postal-con-la-imagen-de-emiliano-zapata\/","title":{"rendered":"Emiten nuevo timbre postal con la imagen de Emiliano Zapata"},"content":{"rendered":"<p><img fetchpriority=\"high\" decoding=\"async\" class=\" size-full wp-image-19406\" src=\"https:\/\/www.opinionpublica.tv\/portada\/wp-content\/uploads\/2019\/04\/f5a6e03765c8b8204a171ad0cca779a0.jpg\" alt=\"\" class=\"caption\" title=\"Emiliano Zapata, uno de los grandes l\u00edderes de la Revoluci\u00f3n Mexicana.\" width=\"664\" height=\"498\" srcset=\"https:\/\/www.opinionpublica.tv\/portada\/wp-content\/uploads\/2019\/04\/f5a6e03765c8b8204a171ad0cca779a0.jpg 664w, https:\/\/www.opinionpublica.tv\/portada\/wp-content\/uploads\/2019\/04\/f5a6e03765c8b8204a171ad0cca779a0-300x225.jpg 300w\" sizes=\"(max-width: 664px) 100vw, 664px\" \/><br \/>\n<!--more--><\/p>\n<p style=\"text-align: justify;\"><em>Ciudad de M\u00e9xico<\/em>.- El Servicio Postal Mexicano-Correos de M\u00e9xico, de la Secretar\u00eda de Comunicaciones y Transportes (SCT), emiti\u00f3 una\u00a0estampilla postal\u00a0con la imagen de\u00a0Emiliano Zapata, con el prop\u00f3sito de conmemorar el aniversario luctuoso del Caudillo del Sur.<\/p>\n<p style=\"text-align: justify;\">La SCT refiri\u00f3 en un comunicado que el timbre fue cancelado hoy por el presidente\u00a0Andr\u00e9s Manuel L\u00f3pez Obrador, y se puso a la venta al p\u00fablico en las oficinas de correos y a trav\u00e9s de la tienda electr\u00f3nica de\u00a0Sepomex.<\/p>\n<p style=\"text-align: justify;\">El timbre fue dise\u00f1ado por Sergio Barranca R\u00e1bago, el tama\u00f1o es 40 por 48 mil\u00edmetros, el tiro de las estampillas es de 100 mil y las planillas son cuatro mil con 25 estampillas en cada una.<\/p>\n<p style=\"text-align: justify;\">Los valores de las estampillas considerados para cubrir los importes de la tarifa postal vigente, en su r\u00e9gimen individual de cualquier gramaje y destino, son desde los\u00a050 centavos\u00a0hasta los\u00a030 pesos con 50 centavos.<\/p>\n<p style=\"text-align: justify;\">Se trata adem\u00e1s de un timbre de colecci\u00f3n y cancelar una\u00a0estampilla\u00a0con tinta roja significa la puesta en circulaci\u00f3n, por primera vez, en el primer d\u00eda de emisi\u00f3n, y hacerlo con tinta negra, como en los env\u00edos, la inhabilita para ser utilizada en otra ocasi\u00f3n. (Exc\u00e9lsior)<\/p>\n","protected":false},"excerpt":{"rendered":"","protected":false},"author":6,"featured_media":19406,"comment_status":"open","ping_status":"open","sticky":false,"template":"","format":"standard","meta":{"_acf_changed":false,"_monsterinsights_skip_tracking":false,"slim_seo":{"title":"Emiten nuevo timbre postal con la imagen de Emiliano Zapata - Opini\u00f3n P\u00fablica","description":"Ciudad de M\u00e9xico .- El Servicio Postal Mexicano-Correos de M\u00e9xico, de la Secretar\u00eda de Comunicaciones y Transportes (SCT), emiti\u00f3 una\u00a0estampilla postal\u00a0con la i"},"footnotes":""},"categories":[9],"tags":[123],"class_list":["post-19407","post","type-post","status-publish","format-standard","has-post-thumbnail","hentry","category-nacional","tag-emiliano-zapata"],"acf":[],"_links":{"self":[{"href":"https:\/\/www.opinionpublica.tv\/portada\/wp-json\/wp\/v2\/posts\/19407","targetHints":{"allow":["GET"]}}],"collection":[{"href":"https:\/\/www.opinionpublica.tv\/portada\/wp-json\/wp\/v2\/posts"}],"about":[{"href":"https:\/\/www.opinionpublica.tv\/portada\/wp-json\/wp\/v2\/types\/post"}],"author":[{"embeddable":true,"href":"https:\/\/www.opinionpublica.tv\/portada\/wp-json\/wp\/v2\/users\/6"}],"replies":[{"embeddable":true,"href":"https:\/\/www.opinionpublica.tv\/portada\/wp-json\/wp\/v2\/comments?post=19407"}],"version-history":[{"count":0,"href":"https:\/\/www.opinionpublica.tv\/portada\/wp-json\/wp\/v2\/posts\/19407\/revisions"}],"wp:featuredmedia":[{"embeddable":true,"href":"https:\/\/www.opinionpublica.tv\/portada\/wp-json\/wp\/v2\/media\/19406"}],"wp:attachment":[{"href":"https:\/\/www.opinionpublica.tv\/portada\/wp-json\/wp\/v2\/media?parent=19407"}],"wp:term":[{"taxonomy":"category","embeddable":true,"href":"https:\/\/www.opinionpublica.tv\/portada\/wp-json\/wp\/v2\/categories?post=19407"},{"taxonomy":"post_tag","embeddable":true,"href":"https:\/\/www.opinionpublica.tv\/portada\/wp-json\/wp\/v2\/tags?post=19407"}],"curies":[{"name":"wp","href":"https:\/\/api.w.org\/{rel}","templated":true}]}}