{"id":19403,"date":"2019-04-10T06:00:00","date_gmt":"2019-04-10T04:00:00","guid":{"rendered":"https:\/\/www.opinionpublica.tv\/portada\/2019\/04\/10\/restablecen-iluminacion-en-areas-aledanas-a-la-uacj\/"},"modified":"2019-04-10T06:00:00","modified_gmt":"2019-04-10T04:00:00","slug":"restablecen-iluminacion-en-areas-aledanas-a-la-uacj","status":"publish","type":"post","link":"https:\/\/www.opinionpublica.tv\/portada\/restablecen-iluminacion-en-areas-aledanas-a-la-uacj\/","title":{"rendered":"Restablecen iluminaci\u00f3n en \u00e1reas aleda\u00f1as a la UACJ"},"content":{"rendered":"<p><img fetchpriority=\"high\" decoding=\"async\" class=\" size-full wp-image-19401\" src=\"https:\/\/www.opinionpublica.tv\/portada\/wp-content\/uploads\/2019\/04\/c62caf210f3cc558e679c3751b1975e6.jpg\" alt=\"\" class=\"caption\" title=\"La UACJ y el gobierno municipal acordaron varias medidas para reforzar la seguridad de los estudiantes.\" width=\"960\" height=\"640\" srcset=\"https:\/\/www.opinionpublica.tv\/portada\/wp-content\/uploads\/2019\/04\/c62caf210f3cc558e679c3751b1975e6.jpg 960w, https:\/\/www.opinionpublica.tv\/portada\/wp-content\/uploads\/2019\/04\/c62caf210f3cc558e679c3751b1975e6-300x200.jpg 300w, https:\/\/www.opinionpublica.tv\/portada\/wp-content\/uploads\/2019\/04\/c62caf210f3cc558e679c3751b1975e6-768x512.jpg 768w\" sizes=\"(max-width: 960px) 100vw, 960px\" \/><br \/>\n<!--more--><\/p>\n<p style=\"text-align: justify;\"><em>Ciudad Ju\u00e1rez, Chih<\/em>.- En seguimiento a los acuerdos realizados por el Municipio y la Universidad Aut\u00f3noma de Ciudad Ju\u00e1rez (UACJ), tras el asesinado de la estudiante de Literatura Dana Lizeth Lozano Ch\u00e1vez, la Direcci\u00f3n Alumbrado P\u00fablico, puso en funcionamiento las l\u00e1mparas que se encuentran instaladas en el puente peatonal ubicado en el cruce de las avenidas Heroico Colegio Militar y Universidad.<\/p>\n<p style=\"text-align: justify;\">En total se repararon 117 luminarias en ICSA y el \u00e1rea del Instituto de Ciencias Biol\u00f3gicas en el Pronaf, en el \u00e1rea donde ocurri\u00f3 el crimen de la joven Dana este fin de semana.<\/p>\n<p style=\"text-align: justify;\">El director general de Servicios P\u00fablicos Municipales, Daniel Pando Morales inform\u00f3 que para la reparaci\u00f3n del alumbrado p\u00fablico se destinaron varias cuadrillas de la dependencia que repararon 117 l\u00e1mparas que requirieron reconectar 6 l\u00edneas a\u00e9reas que se hab\u00edan desprendido de su lugar.<\/p>\n<p style=\"text-align: justify;\"><img decoding=\"async\" class=\" size-full wp-image-19402\" src=\"https:\/\/www.opinionpublica.tv\/portada\/wp-content\/uploads\/2019\/04\/luz_2.jpg\" width=\"599\" height=\"449\" srcset=\"https:\/\/www.opinionpublica.tv\/portada\/wp-content\/uploads\/2019\/04\/luz_2.jpg 800w, https:\/\/www.opinionpublica.tv\/portada\/wp-content\/uploads\/2019\/04\/luz_2-300x225.jpg 300w, https:\/\/www.opinionpublica.tv\/portada\/wp-content\/uploads\/2019\/04\/luz_2-768x576.jpg 768w\" sizes=\"(max-width: 599px) 100vw, 599px\" \/><\/p>\n<p style=\"text-align: justify;\">Tambi\u00e9n se reconect\u00f3 la l\u00ednea el\u00e9ctrica de un transformador y se instalaron 200 metros de cableado el\u00e9ctrico y se repararon 3 cajas de control que al dejar de funcionar afectaron el servicio de decenas de luminarias.<\/p>\n<p style=\"text-align: justify;\">Pando explic\u00f3 que con la reparaci\u00f3n de las luminarias en dicho cruce beneficia directamente a miles de alumnos del Instituto de Ciencias Sociales y Administraci\u00f3n ICSA de la UACJ, del Colegio de Bachilleres 19, as\u00ed como de ciudadanos que utilizan el puente de la transitada vialidad.<\/p>\n<p style=\"text-align: justify;\">Tambi\u00e9n adelant\u00f3 que para reforzar la seguridad de sector, en breve ser\u00e1 instalado un arbotante completo, que es desde la base hasta las l\u00e1mparas y todos sus aditamentos.<\/p>\n","protected":false},"excerpt":{"rendered":"","protected":false},"author":6,"featured_media":19401,"comment_status":"open","ping_status":"open","sticky":false,"template":"","format":"standard","meta":{"_acf_changed":false,"_monsterinsights_skip_tracking":false,"slim_seo":{"title":"Restablecen iluminaci\u00f3n en \u00e1reas aleda\u00f1as a la UACJ - Opini\u00f3n P\u00fablica","description":"Ciudad Ju\u00e1rez, Chih .- En seguimiento a los acuerdos realizados por el Municipio y la Universidad Aut\u00f3noma de Ciudad Ju\u00e1rez (UACJ), tras el asesinado de la estu"},"footnotes":""},"categories":[5],"tags":[],"class_list":["post-19403","post","type-post","status-publish","format-standard","has-post-thumbnail","hentry","category-frontera"],"acf":[],"_links":{"self":[{"href":"https:\/\/www.opinionpublica.tv\/portada\/wp-json\/wp\/v2\/posts\/19403","targetHints":{"allow":["GET"]}}],"collection":[{"href":"https:\/\/www.opinionpublica.tv\/portada\/wp-json\/wp\/v2\/posts"}],"about":[{"href":"https:\/\/www.opinionpublica.tv\/portada\/wp-json\/wp\/v2\/types\/post"}],"author":[{"embeddable":true,"href":"https:\/\/www.opinionpublica.tv\/portada\/wp-json\/wp\/v2\/users\/6"}],"replies":[{"embeddable":true,"href":"https:\/\/www.opinionpublica.tv\/portada\/wp-json\/wp\/v2\/comments?post=19403"}],"version-history":[{"count":0,"href":"https:\/\/www.opinionpublica.tv\/portada\/wp-json\/wp\/v2\/posts\/19403\/revisions"}],"wp:featuredmedia":[{"embeddable":true,"href":"https:\/\/www.opinionpublica.tv\/portada\/wp-json\/wp\/v2\/media\/19401"}],"wp:attachment":[{"href":"https:\/\/www.opinionpublica.tv\/portada\/wp-json\/wp\/v2\/media?parent=19403"}],"wp:term":[{"taxonomy":"category","embeddable":true,"href":"https:\/\/www.opinionpublica.tv\/portada\/wp-json\/wp\/v2\/categories?post=19403"},{"taxonomy":"post_tag","embeddable":true,"href":"https:\/\/www.opinionpublica.tv\/portada\/wp-json\/wp\/v2\/tags?post=19403"}],"curies":[{"name":"wp","href":"https:\/\/api.w.org\/{rel}","templated":true}]}}