{"id":19386,"date":"2019-04-10T06:00:00","date_gmt":"2019-04-10T04:00:00","guid":{"rendered":"https:\/\/www.opinionpublica.tv\/portada\/2019\/04\/10\/elige-jucopo-terna-para-elegir-nuevo-presidente-de-la-cedh\/"},"modified":"2019-04-10T06:00:00","modified_gmt":"2019-04-10T04:00:00","slug":"elige-jucopo-terna-para-elegir-nuevo-presidente-de-la-cedh","status":"publish","type":"post","link":"https:\/\/www.opinionpublica.tv\/portada\/elige-jucopo-terna-para-elegir-nuevo-presidente-de-la-cedh\/","title":{"rendered":"Elige JUCOPO terna para elegir nuevo presidente de la CEDH"},"content":{"rendered":"<p><img fetchpriority=\"high\" decoding=\"async\" class=\" size-full wp-image-19385\" src=\"https:\/\/www.opinionpublica.tv\/portada\/wp-content\/uploads\/2019\/04\/986a7a59fb0e58ef351b3a41a1a20153-scaled.jpg\" alt=\"\" class=\"caption\" title=\"Junta de Coordinaci\u00f3n Pol\u00edtica del Congreso del Estado de Chihuahua.\" width=\"2560\" height=\"1700\" srcset=\"https:\/\/www.opinionpublica.tv\/portada\/wp-content\/uploads\/2019\/04\/986a7a59fb0e58ef351b3a41a1a20153-scaled.jpg 2560w, https:\/\/www.opinionpublica.tv\/portada\/wp-content\/uploads\/2019\/04\/986a7a59fb0e58ef351b3a41a1a20153-300x199.jpg 300w\" sizes=\"(max-width: 2560px) 100vw, 2560px\" \/><br \/>\n<!--more--><\/p>\n<p style=\"text-align: justify;\"><em>Chihuahua, Chih<\/em>.- Integrantes de la Junta de Coordinaci\u00f3n Pol\u00edtica del Congreso del Estado de Chihuahua, eligieron mediante voto ponderado, la conformaci\u00f3n de la terna que ser\u00e1 presentada ante el Pleno del Poder Legislativo este jueves, para que se designe a la persona que ocupar\u00e1 la Presidencia de la Comisi\u00f3n Estatal de Derechos Humanos (CEDH).<\/p>\n<p style=\"text-align: justify;\">Luego de realizar la primera ronda de votaci\u00f3n y no lograr el consenso de las fuerzas pol\u00edticas representadas en el Congreso del Estado, se procedi\u00f3 al voto ponderado, el cual dio como resultado 25 votos a favor de la terna conformada por Carlos Guti\u00e9rrez Casas, Irma Antonia Villanueva N\u00e1jera y Karla Ivette Guti\u00e9rrez Isla.<\/p>\n<p style=\"text-align: justify;\">Cabe se\u00f1alar que seg\u00fan el procedimiento establecido para la conformaci\u00f3n de la terna, cada una de las fuerzas pol\u00edticas present\u00f3 los nombres de las tres personas que luego de las entrevistas realizadas, fueron consideradas como las m\u00e1s viables.<\/p>\n<p style=\"text-align: justify;\">Es importante mencionar que la Junta de Coordinaci\u00f3n Pol\u00edtica, presentar\u00e1 en Sesi\u00f3n Ordinaria de este jueves 11 de abril, el acuerdo a las y los diputados de la Sexag\u00e9sima Sexta Legislatura, a fin de que mediante votaci\u00f3n por c\u00e9dula se denomine a la persona id\u00f3nea para ocupar la presidencia de la CEDH.<\/p>\n","protected":false},"excerpt":{"rendered":"","protected":false},"author":6,"featured_media":19385,"comment_status":"open","ping_status":"open","sticky":false,"template":"","format":"standard","meta":{"_acf_changed":false,"_monsterinsights_skip_tracking":false,"slim_seo":{"title":"Elige JUCOPO terna para elegir nuevo presidente de la CEDH - Opini\u00f3n P\u00fablica","description":"Chihuahua, Chih .- Integrantes de la Junta de Coordinaci\u00f3n Pol\u00edtica del Congreso del Estado de Chihuahua, eligieron mediante voto ponderado, la conformaci\u00f3n de"},"footnotes":""},"categories":[4],"tags":[],"class_list":["post-19386","post","type-post","status-publish","format-standard","has-post-thumbnail","hentry","category-pulsopolitico"],"acf":[],"_links":{"self":[{"href":"https:\/\/www.opinionpublica.tv\/portada\/wp-json\/wp\/v2\/posts\/19386","targetHints":{"allow":["GET"]}}],"collection":[{"href":"https:\/\/www.opinionpublica.tv\/portada\/wp-json\/wp\/v2\/posts"}],"about":[{"href":"https:\/\/www.opinionpublica.tv\/portada\/wp-json\/wp\/v2\/types\/post"}],"author":[{"embeddable":true,"href":"https:\/\/www.opinionpublica.tv\/portada\/wp-json\/wp\/v2\/users\/6"}],"replies":[{"embeddable":true,"href":"https:\/\/www.opinionpublica.tv\/portada\/wp-json\/wp\/v2\/comments?post=19386"}],"version-history":[{"count":0,"href":"https:\/\/www.opinionpublica.tv\/portada\/wp-json\/wp\/v2\/posts\/19386\/revisions"}],"wp:featuredmedia":[{"embeddable":true,"href":"https:\/\/www.opinionpublica.tv\/portada\/wp-json\/wp\/v2\/media\/19385"}],"wp:attachment":[{"href":"https:\/\/www.opinionpublica.tv\/portada\/wp-json\/wp\/v2\/media?parent=19386"}],"wp:term":[{"taxonomy":"category","embeddable":true,"href":"https:\/\/www.opinionpublica.tv\/portada\/wp-json\/wp\/v2\/categories?post=19386"},{"taxonomy":"post_tag","embeddable":true,"href":"https:\/\/www.opinionpublica.tv\/portada\/wp-json\/wp\/v2\/tags?post=19386"}],"curies":[{"name":"wp","href":"https:\/\/api.w.org\/{rel}","templated":true}]}}