{"id":19353,"date":"2019-04-08T06:00:00","date_gmt":"2019-04-08T04:00:00","guid":{"rendered":"https:\/\/www.opinionpublica.tv\/portada\/2019\/04\/08\/firman-mexico-y-onu-acuerdo-para-resolver-caso-ayotzinapa\/"},"modified":"2019-04-08T06:00:00","modified_gmt":"2019-04-08T04:00:00","slug":"firman-mexico-y-onu-acuerdo-para-resolver-caso-ayotzinapa","status":"publish","type":"post","link":"https:\/\/www.opinionpublica.tv\/portada\/firman-mexico-y-onu-acuerdo-para-resolver-caso-ayotzinapa\/","title":{"rendered":"Firman M\u00e9xico y ONU acuerdo para resolver caso Ayotzinapa"},"content":{"rendered":"<p><img fetchpriority=\"high\" decoding=\"async\" class=\" size-full wp-image-19352\" src=\"https:\/\/www.opinionpublica.tv\/portada\/wp-content\/uploads\/2019\/04\/6ddba5ee28c68fddd58765556b67472e.jpg\" alt=\"\" class=\"caption\" title=\"La Alta Comisionada de la ONU para los Derechos Humanos, Michelle Bachelet (centro).\" width=\"664\" height=\"498\" srcset=\"https:\/\/www.opinionpublica.tv\/portada\/wp-content\/uploads\/2019\/04\/6ddba5ee28c68fddd58765556b67472e.jpg 664w, https:\/\/www.opinionpublica.tv\/portada\/wp-content\/uploads\/2019\/04\/6ddba5ee28c68fddd58765556b67472e-300x225.jpg 300w\" sizes=\"(max-width: 664px) 100vw, 664px\" \/><br \/>\n<!--more--><\/p>\n<p style=\"text-align: justify;\"><em>Ciudad De M\u00e9xico<\/em>.- La Alta Comisionada de la ONU para los Derechos Humanos, Michelle Bachelet, hizo un llamado al Estado mexicano a asumir la b\u00fasqueda de las 40 mil personas que se reportan como desaparecidas en nuestro pa\u00eds, como una prioridad ineludible.<\/p>\n<p style=\"text-align: justify;\">\u201cLos efectos de la desaparici\u00f3n de un ser querido perduran hasta que se establece su paradero, hasta que se haga justicia porque cuando perduran, adem\u00e1s, prolongan y amplifican su sufrimiento que se causa a los familiares y personas allegadas y afecta a toda a la sociedad y tambi\u00e9n yo dir\u00eda socava la democracia. Nadie debe ser sometido m\u00e1s tiempo a ese calvario\u201d, advirti\u00f3.<\/p>\n<p style=\"text-align: justify;\">Luego de firmar junto al secretario de Relaciones Exteriores, Marcelo Ebrard un acuerdo para la Asesor\u00eda y Asistencia T\u00e9cnica a la Comisi\u00f3n de la Verdad en el caso Ayotzinapa, la funcionaria asegur\u00f3 que este asunto muestra la gravedad de las desapariciones en M\u00e9xico y los retos que enfrenta el sistema de justicia para atender las violaciones a los derechos humanos.<\/p>\n<p style=\"text-align: justify;\">\u201cLlegar a la verdad, la justicia, la reparaci\u00f3n y las garant\u00edas de no repetici\u00f3n en cumplimiento de los est\u00e1ndares internacionales del caso Ayotzinapa es una obligaci\u00f3n del Estado mexicano, a la vez es una oportunidad para potenciar los cambios de fondo en el sistema judicial que permitan alcanzar el anhelo de justicia de quienes han sufrido graves violaciones a los derechos humanos y saldar la deuda hist\u00f3rica que subsiste con las v\u00edctimas de la violencia\u201d<\/p>\n<p style=\"text-align: justify;\">La ex presidenta de Chile lleva a cabo una gira de trabajo por nuestro pa\u00eds, durante la cual se ha reunido con familiares de v\u00edctimas de desapariciones, autoridades y especialistas en el tema.<\/p>\n<p style=\"text-align: justify;\">En este marco sostendr\u00e1 ma\u00f1ana un encuentro con el presidente L\u00f3pez Obrador a quien hoy felicit\u00f3 por la voluntad de su Gobierno para iniciar una nueva etapa en el caso Ayotzinapa que permita superar los cuestionamientos formulados por distintas instancias naciones e internacionales a la investigaci\u00f3n realizada por la entonces PGR.<\/p>\n<p style=\"text-align: justify;\">\u201cPr\u00e1cticas como tortura, malos tratos y actos de obstrucci\u00f3n de la justicia no tienen cabida en un estado comprometido con los derechos humanos y ese mismo est\u00e1ndar es el que debe regir el caso Ayotzinapa en pleno respeto a los derechos humanos\u201d<\/p>\n<p style=\"text-align: justify;\">En la Canciller\u00eda mexicana se encontraban presentes la secretaria de Gobernaci\u00f3n, Olga S\u00e1nchez Cordero y los familiares de los 43 estudiantes desaparecidos en septiembre de 2014 en Iguala, Guerrero.<\/p>\n<p style=\"text-align: justify;\">Por su parte, el secretario de Relaciones Exteriores, Marcelo Ebrard, se\u00f1alo que el caso Ayotzinapa es la principal preocupaci\u00f3n del presidente L\u00f3pez Obrador por la trascendencia y el significado que tiene para la vida p\u00fablica del pa\u00eds.<\/p>\n<p style=\"text-align: justify;\">Dijo que en la nueva investigaci\u00f3n de la comisi\u00f3n no habr\u00e1 l\u00edmites ni se escatimaran esfuerzos para llegar a la verdad y la justicia.<\/p>\n<p style=\"text-align: justify;\">\u201cEs muy relevante para nosotros que su oficina y usted respalden este proceso y tambi\u00e9n exijan que este proceso sea conforme a las m\u00e1s altas y exigentes normas a nivel internacional. Buscamos verdad y justicia en este caso y en todos los casos\u201d, subray\u00f3. (Exc\u00e9lsior)<\/p>\n","protected":false},"excerpt":{"rendered":"","protected":false},"author":6,"featured_media":19352,"comment_status":"open","ping_status":"open","sticky":false,"template":"","format":"standard","meta":{"_acf_changed":false,"_monsterinsights_skip_tracking":false,"slim_seo":{"title":"Firman M\u00e9xico y ONU acuerdo para resolver caso Ayotzinapa - Opini\u00f3n P\u00fablica","description":"Ciudad De M\u00e9xico .- La Alta Comisionada de la ONU para los Derechos Humanos, Michelle Bachelet, hizo un llamado al Estado mexicano a asumir la b\u00fasqueda de las 4"},"footnotes":""},"categories":[9],"tags":[],"class_list":["post-19353","post","type-post","status-publish","format-standard","has-post-thumbnail","hentry","category-nacional"],"acf":[],"_links":{"self":[{"href":"https:\/\/www.opinionpublica.tv\/portada\/wp-json\/wp\/v2\/posts\/19353","targetHints":{"allow":["GET"]}}],"collection":[{"href":"https:\/\/www.opinionpublica.tv\/portada\/wp-json\/wp\/v2\/posts"}],"about":[{"href":"https:\/\/www.opinionpublica.tv\/portada\/wp-json\/wp\/v2\/types\/post"}],"author":[{"embeddable":true,"href":"https:\/\/www.opinionpublica.tv\/portada\/wp-json\/wp\/v2\/users\/6"}],"replies":[{"embeddable":true,"href":"https:\/\/www.opinionpublica.tv\/portada\/wp-json\/wp\/v2\/comments?post=19353"}],"version-history":[{"count":0,"href":"https:\/\/www.opinionpublica.tv\/portada\/wp-json\/wp\/v2\/posts\/19353\/revisions"}],"wp:featuredmedia":[{"embeddable":true,"href":"https:\/\/www.opinionpublica.tv\/portada\/wp-json\/wp\/v2\/media\/19352"}],"wp:attachment":[{"href":"https:\/\/www.opinionpublica.tv\/portada\/wp-json\/wp\/v2\/media?parent=19353"}],"wp:term":[{"taxonomy":"category","embeddable":true,"href":"https:\/\/www.opinionpublica.tv\/portada\/wp-json\/wp\/v2\/categories?post=19353"},{"taxonomy":"post_tag","embeddable":true,"href":"https:\/\/www.opinionpublica.tv\/portada\/wp-json\/wp\/v2\/tags?post=19353"}],"curies":[{"name":"wp","href":"https:\/\/api.w.org\/{rel}","templated":true}]}}