{"id":19336,"date":"2019-04-07T07:00:00","date_gmt":"2019-04-07T05:00:00","guid":{"rendered":"https:\/\/www.opinionpublica.tv\/portada\/2019\/04\/07\/el-abc-de-la-revocacion-o-ratificacion-de-mandato\/"},"modified":"2019-04-07T07:00:00","modified_gmt":"2019-04-07T05:00:00","slug":"el-abc-de-la-revocacion-o-ratificacion-de-mandato","status":"publish","type":"post","link":"https:\/\/www.opinionpublica.tv\/portada\/el-abc-de-la-revocacion-o-ratificacion-de-mandato\/","title":{"rendered":"El ABC de la revocaci\u00f3n (o ratificaci\u00f3n) de mandato"},"content":{"rendered":"<p style=\"text-align: justify;\"><strong>Considerandos.\u00a0<\/strong>En M\u00e9xico no hay reelecci\u00f3n presidencial.\u00a0Lo dice claramente la Constituci\u00f3n y todo presidente lo sabe. (El \u00faltimo que lo intent\u00f3, aunque de manera no consecutiva, fue \u00c1lvaro Obreg\u00f3n, quien fue asesinado en la Ciudad de M\u00e9xico).<\/p>\n<p><!--more--><\/p>\n<ol style=\"text-align: justify;\">\n<li>L\u00f3pez Obrador jur\u00f3 respetar ese precepto en su toma de protesta del 1 de diciembre.<\/li>\n<li>Por alguna raz\u00f3n muy v\u00e1lida, al presidente de la rep\u00fablica y a todos los funcionarios del gobierno federal se les proh\u00edbe hacer difusi\u00f3n de sus logros, de sus programas o de sus planes durante la campa\u00f1a electoral y esto se hace para equilibrar las contiendas y no dar ventaja al partido que decidan apoyar.<\/li>\n<li>El presidente, en campa\u00f1a y en transici\u00f3n, ha dicho que as\u00ed como el pueblo lo eligi\u00f3, el pueblo podr\u00e1 quitarlo y se comprometi\u00f3 a poner a consideraci\u00f3n de los ciudadanos su permanencia. Su propuesta inicial era hacerlo cada dos a\u00f1os y despu\u00e9s cambi\u00f3 para hacerlo cada tres a\u00f1os, argumentando razones de econom\u00eda al hacerse junto con la elecci\u00f3n federal.<\/li>\n<li>La propuesta<\/li>\n<\/ol>\n<p style=\"text-align: justify;\">La C\u00e1mara de Diputados aprob\u00f3 una ley que permitir\u00eda, a solicitud del presidente en turno, que en la elecci\u00f3n federal intermedia se pueda incluir una boleta adicional donde los ciudadanos decidan si el presidente contin\u00faa o renuncia a su puesto.<\/p>\n<ol style=\"text-align: justify;\">\n<li><strong>Los efectos<\/strong><\/li>\n<\/ol>\n<p style=\"text-align: justify;\">El efecto inmediato sin discusi\u00f3n ser\u00e1 que el presidente L\u00f3pez Obrador puede estar en campa\u00f1a en 2021 para pedir su ratificaci\u00f3n, no importa si lo hace en medios, en declaraciones o en eventos p\u00fablicos; no importa si solo se hace apolog\u00eda de su gobierno, de su persona o si nos habla de lo malo de los gobiernos pasados, o si solo nos promete un mejor desarrollo en el segundo trienio. El caso es que estar\u00e1 en campa\u00f1a, lo cual actualmente no se puede, as\u00ed que el efecto inmediato, si se aprueba la medida, es que se modifica sustancialmente el esp\u00edritu de la actual ley electoral.<\/p>\n<ol style=\"text-align: justify;\">\n<li>La reacci\u00f3n de la oposici\u00f3n<\/li>\n<li>Han salido a declarar y a difundir que en el fondo de la propuesta est\u00e1 la intenci\u00f3n del presidente de reelegirse en 2024.<\/li>\n<li>Que no es una \u201crevocaci\u00f3n\u201d sino una \u201cratificaci\u00f3n\u201d de mandato ya que en ning\u00fan lugar es el mandatario quien solicita esa consulta, sino ciudadanos que desean su renuncia. Este no es el caso.<\/li>\n<li>Que el pa\u00eds se pone en riesgo en caso de que el resultado fuera la renuncia del presidente.<\/li>\n<li>Que se introduce un elemento de inequidad en las contiendas del 2021 en la que no solo se elegir\u00e1n muchas gubernaturas y 500 diputados federales, sino m\u00e1s de 90% de las presidencias municipales del pa\u00eds.<\/li>\n<li>Argumentos de simpatizantes<\/li>\n<\/ol>\n<p style=\"text-align: justify;\">Los simpatizantes del presidente, particularmente los miembros de Morena, argumentan que la oposici\u00f3n exagera en sus argumentos y que simplemente es una medida para empoderar al ciudadano, darle oportunidad de que, as\u00ed como elige a un gobernante, tenga oportunidad de quitarlo cuando es mal presidente. Incluso aprovechan y mencionan a Pe\u00f1a Nieto y a Salinas (sin recordar que este presidente ten\u00eda inmensa popularidad en 1991 cuando su partido arras\u00f3 en las elecciones intermedias). Utilizan para ello a la misma Constituci\u00f3n que le da facultades al pueblo.<\/p>\n<ol style=\"text-align: justify;\">\n<li><strong>El presidente<\/strong><\/li>\n<\/ol>\n<p style=\"text-align: justify;\">L\u00f3pez Obrador de manera inteligente toma solo uno de los elementos con los que se les ataca, el de la reelecci\u00f3n, y anuncia y firma una carta donde se compromete a no reelegirse. Lo creo. Pienso que nunca ha sido su intenci\u00f3n y que era innecesaria esa carta, pero es un buen elemento de distracci\u00f3n para no centrar el debate en la ventaja electoral que le dar\u00eda a su partido esa medida.<\/p>\n<ol style=\"text-align: justify;\">\n<li>La prospectiva<\/li>\n<li>En mi opini\u00f3n la propuesta que ya fue aprobada en la C\u00e1mara de Diputados no ser\u00e1 aprobada por los senadores seg\u00fan la postura p\u00fablica que han expresado. Para que se logre se requiere mayor\u00eda calificada que se contruye solamente si el PRI o el PAN abiertamente la apoyan. Por otra parte, aun sin aprobarse, L\u00f3pez Obrador sale ganando porque intent\u00f3 hacerlo y otros no se lo aprobaron, as\u00ed que buscar\u00e1 otro m\u00e9todo para hacerlo.\u00a0<\/li>\n<li>Para que todos queden contentos, esta revocaci\u00f3n de mandato podr\u00e1 hacerse en 2020 sin problema. No hay ese a\u00f1o ninguna elecci\u00f3n de gobernador, no se eligen diputados federales y son muy pocas las presidencias municipales con comicios. Todo esto hace que pueda hacerse en ese a\u00f1o y en cualquier mes. Si no es en 2020 ya es muy dif\u00edcil, ya que en 2022 hay muchas elecciones de gobernador y en 2023 ya estaremos en el previo de la elecci\u00f3n presidencial.<\/li>\n<li>Si no se le permite al presidente solicitar una \u201cconsulta oficial\u201d, \u00e9l puede hacerlo por muchos m\u00e9todos, desde una consulta \u201cinformal\u201d (como la que hizo para el<a href=\"https:\/\/www.eleconomista.com.mx\/empresas\/Presentan-a-Santa-Lucia-como-la-ganadora-con-69-20181029-0038.html\">aeropuerto<\/a>, para\u00a0<a href=\"https:\/\/www.eleconomista.com.mx\/politica\/Resultados-de-la-segunda-consulta-un-89.9-voto-por-el-si-para-el-Tren-Maya-20181126-0027.html\">10 proyectos productivos<\/a>\u00a0o para la<a href=\"https:\/\/www.eleconomista.com.mx\/politica\/Termoelectrica-de-Huexca-va-con-casi-60-de-votos-a-favor-este-ano-iniciara-operaciones-20190225-0038.html\">termoel\u00e9ctrica en Morelos<\/a>) hasta encuestas, sondeos telef\u00f3nicos o votaci\u00f3n digital en alg\u00fan sitio acondicionado para ello.<\/li>\n<li>Mi posici\u00f3n<\/li>\n<\/ol>\n<p style=\"text-align: justify;\">Esto no forma parte del ABC, pero personalmente no me gusta la propuesta. Entiendo su esp\u00edritu, pero creo que en caso de una sociedad agraviada ya existen m\u00e9todos para pedir la renuncia del presidente. Mientras L\u00f3pez Obrador o el presidente que siga y del partido que sea deben gobernar por todo el periodo para el que fueron electos. Incluso estoy dispuesto a escuchar debates sobre la conveniencia de la reelecci\u00f3n (como en otros pa\u00edses), la segunda vuelta electoral, la reducci\u00f3n del tama\u00f1o del Congreso y muchos otros, todo debate enriquece.<\/p>\n","protected":false},"excerpt":{"rendered":"<p>Considerandos.\u00a0En M\u00e9xico no hay reelecci\u00f3n presidencial.\u00a0Lo dice claramente la Constituci\u00f3n y todo presidente lo sabe. (El \u00faltimo que lo intent\u00f3, aunque de manera no consecutiva, fue \u00c1lvaro Obreg\u00f3n, quien fue asesinado en la Ciudad de M\u00e9xico).<\/p>\n","protected":false},"author":6,"featured_media":0,"comment_status":"open","ping_status":"open","sticky":false,"template":"","format":"standard","meta":{"_acf_changed":false,"_monsterinsights_skip_tracking":false,"slim_seo":{"title":"El ABC de la revocaci\u00f3n (o ratificaci\u00f3n) de mandato - Opini\u00f3n P\u00fablica","description":"Considerandos.\u00a0 En M\u00e9xico no hay reelecci\u00f3n presidencial.\u00a0Lo dice claramente la Constituci\u00f3n y todo presidente lo sabe. (El \u00faltimo que lo intent\u00f3, aunque de man"},"footnotes":""},"categories":[35],"tags":[],"class_list":["post-19336","post","type-post","status-publish","format-standard","hentry","category-roy-campos-opina"],"acf":[],"_links":{"self":[{"href":"https:\/\/www.opinionpublica.tv\/portada\/wp-json\/wp\/v2\/posts\/19336","targetHints":{"allow":["GET"]}}],"collection":[{"href":"https:\/\/www.opinionpublica.tv\/portada\/wp-json\/wp\/v2\/posts"}],"about":[{"href":"https:\/\/www.opinionpublica.tv\/portada\/wp-json\/wp\/v2\/types\/post"}],"author":[{"embeddable":true,"href":"https:\/\/www.opinionpublica.tv\/portada\/wp-json\/wp\/v2\/users\/6"}],"replies":[{"embeddable":true,"href":"https:\/\/www.opinionpublica.tv\/portada\/wp-json\/wp\/v2\/comments?post=19336"}],"version-history":[{"count":0,"href":"https:\/\/www.opinionpublica.tv\/portada\/wp-json\/wp\/v2\/posts\/19336\/revisions"}],"wp:attachment":[{"href":"https:\/\/www.opinionpublica.tv\/portada\/wp-json\/wp\/v2\/media?parent=19336"}],"wp:term":[{"taxonomy":"category","embeddable":true,"href":"https:\/\/www.opinionpublica.tv\/portada\/wp-json\/wp\/v2\/categories?post=19336"},{"taxonomy":"post_tag","embeddable":true,"href":"https:\/\/www.opinionpublica.tv\/portada\/wp-json\/wp\/v2\/tags?post=19336"}],"curies":[{"name":"wp","href":"https:\/\/api.w.org\/{rel}","templated":true}]}}