{"id":19331,"date":"2019-04-06T07:00:00","date_gmt":"2019-04-06T05:00:00","guid":{"rendered":"https:\/\/www.opinionpublica.tv\/portada\/2019\/04\/06\/denuncia-fox-amenazas-amlo-le-asigna-proteccion-especial\/"},"modified":"2019-04-06T07:00:00","modified_gmt":"2019-04-06T05:00:00","slug":"denuncia-fox-amenazas-amlo-le-asigna-proteccion-especial","status":"publish","type":"post","link":"https:\/\/www.opinionpublica.tv\/portada\/denuncia-fox-amenazas-amlo-le-asigna-proteccion-especial\/","title":{"rendered":"Denuncia Fox amenazas; AMLO le asigna protecci\u00f3n"},"content":{"rendered":"<p><img fetchpriority=\"high\" decoding=\"async\" class=\" size-full wp-image-19329\" src=\"https:\/\/www.opinionpublica.tv\/portada\/wp-content\/uploads\/2019\/04\/a5ce4b1a8e21601e6383dfb50dac6160.jpg\" alt=\"\" class=\"caption\" title=\"Vicente Fox, ex presidente de M\u00e9xico y Andr\u00e9s Manuel L\u00f3pez Obrador, presidente en funciones.\" width=\"840\" height=\"473\" srcset=\"https:\/\/www.opinionpublica.tv\/portada\/wp-content\/uploads\/2019\/04\/a5ce4b1a8e21601e6383dfb50dac6160.jpg 840w, https:\/\/www.opinionpublica.tv\/portada\/wp-content\/uploads\/2019\/04\/a5ce4b1a8e21601e6383dfb50dac6160-300x169.jpg 300w, https:\/\/www.opinionpublica.tv\/portada\/wp-content\/uploads\/2019\/04\/a5ce4b1a8e21601e6383dfb50dac6160-768x432.jpg 768w\" sizes=\"(max-width: 840px) 100vw, 840px\" \/><br \/>\n<!--more--><\/p>\n<p style=\"text-align: justify;\"><em>Ciudad de M\u00e9xico-\u00a0<\/em>El ex presidente de M\u00e9xico, Vicente Fox Quesada, denunci\u00f3 que un comando intent\u00f3 ingresar esta ma\u00f1ana a su vivienda.<\/p>\n<p style=\"text-align: justify;\">Sin dar detalles, el ex Mandatario hizo responsable de su seguridad y la de su familia al Presidente Andr\u00e9s Manuel L\u00f3pez Obrador.<\/p>\n<p style=\"text-align: justify;\">\u201cEsta ma\u00f1ana un comando armado pretendi\u00f3 entrar a mi casa. Es una situaci\u00f3n grave y que requiere inmediata atenci\u00f3n\u201d, tuite\u00f3.<\/p>\n<p style=\"text-align: justify;\"><img decoding=\"async\" class=\" size-full wp-image-19330\" src=\"https:\/\/www.opinionpublica.tv\/portada\/wp-content\/uploads\/2019\/04\/Captura_de_pantalla_20190406_a_las_180346.png\" width=\"599\" height=\"182\" srcset=\"https:\/\/www.opinionpublica.tv\/portada\/wp-content\/uploads\/2019\/04\/Captura_de_pantalla_20190406_a_las_180346.png 592w, https:\/\/www.opinionpublica.tv\/portada\/wp-content\/uploads\/2019\/04\/Captura_de_pantalla_20190406_a_las_180346-300x91.png 300w\" sizes=\"(max-width: 599px) 100vw, 599px\" \/><\/p>\n<p style=\"text-align: justify;\">\u201cHago directamente responsable de la seguridad de mi persona, de mi familia y de mis bienes al Presidente Andr\u00e9s Manuel L\u00f3pez Obrador\u201d.<\/p>\n<p style=\"text-align: justify;\">Tras la denuncia, el Mandatario federal instruy\u00f3 que se le otorguen medidas de seguridad.<\/p>\n<p style=\"text-align: justify;\">\u201cHe instruido al General Luis Cresencio Sandoval Gonz\u00e1lez, Secretario de la Defensa, para crear una guardia de seguridad que proteja al ex presidente Fox y su familia, con eficacia, pero sin los excesos que manten\u00edan antes del cambio de r\u00e9gimen\u00bb, indic\u00f3.<\/p>\n<p style=\"text-align: justify;\">Fox no especific\u00f3 si el comando trat\u00f3 de ingresar a su vivienda localizada en el interior de la comunidad de San Crist\u00f3bal y resguardada por personal de seguridad privada, o bien a la finca donde cuenta con su Centro de Estudios, su restaurante y hotel.<\/p>\n<p style=\"text-align: justify;\">Otra propiedad del ex mandatario se localiza en la comunidad Nuevo Jes\u00fas del Monte, colindante con San Crist\u00f3bal.<\/p>\n<p style=\"text-align: justify;\">El delegado de la comunidad de San Crist\u00f3bal, Lidio Ruiz Romero, destac\u00f3 que desconoc\u00eda si hombres armados intentaron irrumpir en una de las propiedades de Fox localizadas en esa zona. (Reforma)<\/p>\n","protected":false},"excerpt":{"rendered":"","protected":false},"author":6,"featured_media":19329,"comment_status":"open","ping_status":"open","sticky":false,"template":"","format":"standard","meta":{"_acf_changed":false,"_monsterinsights_skip_tracking":false,"slim_seo":{"title":"Denuncia Fox amenazas; AMLO le asigna protecci\u00f3n - Opini\u00f3n P\u00fablica","description":"Ciudad de M\u00e9xico-\u00a0 El ex presidente de M\u00e9xico, Vicente Fox Quesada, denunci\u00f3 que un comando intent\u00f3 ingresar esta ma\u00f1ana a su vivienda. Sin dar detalles, el ex"},"footnotes":""},"categories":[11],"tags":[],"class_list":["post-19331","post","type-post","status-publish","format-standard","has-post-thumbnail","hentry","category-tendencias"],"acf":[],"_links":{"self":[{"href":"https:\/\/www.opinionpublica.tv\/portada\/wp-json\/wp\/v2\/posts\/19331","targetHints":{"allow":["GET"]}}],"collection":[{"href":"https:\/\/www.opinionpublica.tv\/portada\/wp-json\/wp\/v2\/posts"}],"about":[{"href":"https:\/\/www.opinionpublica.tv\/portada\/wp-json\/wp\/v2\/types\/post"}],"author":[{"embeddable":true,"href":"https:\/\/www.opinionpublica.tv\/portada\/wp-json\/wp\/v2\/users\/6"}],"replies":[{"embeddable":true,"href":"https:\/\/www.opinionpublica.tv\/portada\/wp-json\/wp\/v2\/comments?post=19331"}],"version-history":[{"count":0,"href":"https:\/\/www.opinionpublica.tv\/portada\/wp-json\/wp\/v2\/posts\/19331\/revisions"}],"wp:featuredmedia":[{"embeddable":true,"href":"https:\/\/www.opinionpublica.tv\/portada\/wp-json\/wp\/v2\/media\/19329"}],"wp:attachment":[{"href":"https:\/\/www.opinionpublica.tv\/portada\/wp-json\/wp\/v2\/media?parent=19331"}],"wp:term":[{"taxonomy":"category","embeddable":true,"href":"https:\/\/www.opinionpublica.tv\/portada\/wp-json\/wp\/v2\/categories?post=19331"},{"taxonomy":"post_tag","embeddable":true,"href":"https:\/\/www.opinionpublica.tv\/portada\/wp-json\/wp\/v2\/tags?post=19331"}],"curies":[{"name":"wp","href":"https:\/\/api.w.org\/{rel}","templated":true}]}}