{"id":19328,"date":"2019-04-06T07:00:00","date_gmt":"2019-04-06T05:00:00","guid":{"rendered":"https:\/\/www.opinionpublica.tv\/portada\/2019\/04\/06\/coraje-e-indignacion-en-ciudad-juarez-por-asesinato-de-otra-estudiante-de-la-uacj\/"},"modified":"2019-04-06T07:00:00","modified_gmt":"2019-04-06T05:00:00","slug":"coraje-e-indignacion-en-ciudad-juarez-por-asesinato-de-otra-estudiante-de-la-uacj","status":"publish","type":"post","link":"https:\/\/www.opinionpublica.tv\/portada\/coraje-e-indignacion-en-ciudad-juarez-por-asesinato-de-otra-estudiante-de-la-uacj\/","title":{"rendered":"Coraje e indignaci\u00f3n en Ciudad Ju\u00e1rez por asesinato de otra estudiante de la UACJ"},"content":{"rendered":"<p><img fetchpriority=\"high\" decoding=\"async\" class=\" size-full wp-image-19322\" src=\"https:\/\/www.opinionpublica.tv\/portada\/wp-content\/uploads\/2019\/04\/b284068c31acf8736de83c25d644118e.jpg\" alt=\"\" class=\"caption\" title=\"Danna Lizeth Lozano Ch\u00e1vez (+) de 18 a\u00f1os, estudiante del programa de Literatura de la UACJ.\" width=\"770\" height=\"423\" srcset=\"https:\/\/www.opinionpublica.tv\/portada\/wp-content\/uploads\/2019\/04\/b284068c31acf8736de83c25d644118e.jpg 770w, https:\/\/www.opinionpublica.tv\/portada\/wp-content\/uploads\/2019\/04\/b284068c31acf8736de83c25d644118e-300x165.jpg 300w, https:\/\/www.opinionpublica.tv\/portada\/wp-content\/uploads\/2019\/04\/b284068c31acf8736de83c25d644118e-768x422.jpg 768w\" sizes=\"(max-width: 770px) 100vw, 770px\" \/><br \/>\n<!--more--><\/p>\n<p style=\"text-align: justify;\"><em>Ciudad Ju\u00e1rez, Chih<\/em>.- El asesinato de la joven Dana Lizeth Lozano Ch\u00e1vez de 18 a\u00f1os, estudiante del programa de Literatura de la Universidad Aut\u00f3noma de Ciudad Ju\u00e1rez (UACJ), genero coraje e indignaci\u00f3n entre la comunidad universitaria y la sociedad juarense, quienes a trav\u00e9s de las redes sociales exigen justicia, alumbrado y mayor seguridad.<\/p>\n<p style=\"text-align: justify;\">Se dio a conocer que este viernes a las 22:00 horas, la joven universitaria se encontraba con unos amigos en el \u2018Foro Caf\u00e9\u2019 ubicado en la calle Henry Dunant, y sali\u00f3 sola a una tienda Oxxo que se ubica a pocos metros de ese lugar, pero ya no regres\u00f3.<\/p>\n<p style=\"text-align: justify;\"><img decoding=\"async\" class=\" size-full wp-image-19323\" src=\"https:\/\/www.opinionpublica.tv\/portada\/wp-content\/uploads\/2019\/04\/cafe.jpeg\" width=\"600\" height=\"338\" srcset=\"https:\/\/www.opinionpublica.tv\/portada\/wp-content\/uploads\/2019\/04\/cafe.jpeg 1032w, https:\/\/www.opinionpublica.tv\/portada\/wp-content\/uploads\/2019\/04\/cafe-300x169.jpeg 300w, https:\/\/www.opinionpublica.tv\/portada\/wp-content\/uploads\/2019\/04\/cafe-1024x576.jpeg 1024w, https:\/\/www.opinionpublica.tv\/portada\/wp-content\/uploads\/2019\/04\/cafe-768x432.jpeg 768w\" sizes=\"(max-width: 600px) 100vw, 600px\" \/><\/p>\n<p style=\"text-align: justify;\">Al ver que no regresaba, sus compa\u00f1eros subieron su foto e hicieron un reporte a trav\u00e9s de las redes sociales para localizarla, pero las 00:18 horas de este s\u00e1bado fue encontrado su cuerpo sin vida entre unos arbustos localizados en un parque de la Colonia Progresista, en las calles Hait\u00ed y Bucarest.<\/p>\n<p style=\"text-align: justify;\"><img decoding=\"async\" class=\" size-full wp-image-19324\" src=\"https:\/\/www.opinionpublica.tv\/portada\/wp-content\/uploads\/2019\/04\/dana.jpg\" width=\"600\" height=\"382\" srcset=\"https:\/\/www.opinionpublica.tv\/portada\/wp-content\/uploads\/2019\/04\/dana.jpg 770w, https:\/\/www.opinionpublica.tv\/portada\/wp-content\/uploads\/2019\/04\/dana-300x191.jpg 300w, https:\/\/www.opinionpublica.tv\/portada\/wp-content\/uploads\/2019\/04\/dana-768x489.jpg 768w\" sizes=\"(max-width: 600px) 100vw, 600px\" \/><\/p>\n<p style=\"text-align: justify;\">El lugar del homicidio est\u00e1 detr\u00e1s de la Fechac y unos 700 metros del lugar donde Dana fue vista por \u00faltima vez. En ese parque no hay alumbrado p\u00fablico y luce sucio y descuidado.<\/p>\n<p style=\"text-align: justify;\">La Fiscal\u00eda Especializada de la Mujer confirm\u00f3\u00a0que la joven fue degollada con arma blanca, y el parte m\u00e9dico emitido por la Direcci\u00f3n de Servicios Periciales y Ciencias Forenses establece que \u201cla v\u00edctima muri\u00f3 por shock hipovol\u00e9mico consecutivo a laceraci\u00f3n de arteria car\u00f3tida producida por un arma punzocortante, y no presentaba evidencias de agresi\u00f3n sexual\u201d.<\/p>\n<p style=\"text-align: justify;\"><strong>LA UACJ DE LUTO: EXIGE JUSTICIA<\/strong><\/p>\n<p style=\"text-align: justify;\">La m\u00e1xima casa de estudios de esta frontera hizo tambi\u00e9n una exigencia a los tres \u00f3rdenes de gobierno y pidi\u00f3 justicia para la estudiante de literatura, as\u00ed como de otros estudiantes que han perdido la vida recientemente.<\/p>\n<p style=\"text-align: justify;\">Y es que apenas en febrero pasado, tambi\u00e9n fue asesinado el estudiante del programa de Derecho, Rafael Romero C\u00f3rdova, de 24 a\u00f1os, quien fue atacado por varios hombres en el exterior de un bar.<\/p>\n<p style=\"text-align: justify;\">A trav\u00e9s de un comunicado de prensa, la Universidad Aut\u00f3noma de Ciudad Ju\u00e1rez confirm\u00f3 que la joven Dana Lizeth Lozano Ch\u00e1vez, era estudiante del programa de Literatura y exigi\u00f3 justicia a las autoridades.<\/p>\n<p style=\"text-align: justify;\">\u201cAl enterarnos por los medios de comunicaci\u00f3n del asesinato de la joven Dana Lizeth Lozano, estudiante del programa de Literatura, la comunidad universitaria lamenta profundamente el hecho y pide a la autoridad que realice una investigaci\u00f3n eficaz que les permita detener a quien haya sido responsable del homicidio y evitar riesgo para otras personas\u201d, se\u00f1ala el comunicado.<\/p>\n<p style=\"text-align: justify;\">Tambi\u00e9n se pide a las distintas corporaciones polic\u00edacas mayor protecci\u00f3n para la ciudadan\u00eda y particularmente para la comunidad universitaria de las diferentes instituciones asentadas en esta frontera.<\/p>\n<p style=\"text-align: justify;\">Se inform\u00f3 que el rector de la UACJ, Juan I. Camargo Nassar, est\u00e1 en contacto con la Fiscal\u00eda General del Estado y atento de la investigaci\u00f3n, a fin de insistir en el seguimiento a otros casos de agresi\u00f3n contra la integridad de universitarios.<\/p>\n<p style=\"text-align: justify;\"><strong>INDIGNACI\u00d3N EN REDES SOCIALES<\/strong><\/p>\n<p style=\"text-align: justify;\">\u00ab\u00a1Qu\u00e9 pinche coraje! Nos est\u00e1n matando; nos est\u00e1n quemando el alma\u00bb.<\/p>\n<p style=\"text-align: justify;\">As\u00ed inicia la carta que una de las compa\u00f1eras de Dana Lizeth, que este s\u00e1bado fue publicada en redes sociales, y ya se volvi\u00f3 viral.<\/p>\n<p style=\"text-align: justify;\">La carta se\u00f1ala adem\u00e1s:<\/p>\n<p style=\"text-align: justify;\">\u201cPerd\u00f3n, Dana, por dejar que la ciudad donde vivimos no sea para mujeres; por no denunciar a los hombres que jugando me han gritado obscenidades en la calle; perd\u00f3n por dejar que las muertes y desapariciones se conviertan en la nota diaria. Perd\u00f3n por tolerar la injusticia, pero sobre todo, te pido perd\u00f3n por no exigir seguridad para ti y todas las mujeres que, a pesar del miedo, no dejan de hacer lo que les gusta. No se imaginan la rabia que estoy sintiendo en estos momentos\u201d.<\/p>\n<p style=\"text-align: justify;\">Trascendi\u00f3 que Dana era una estudiante apasionada de la literatura y defensora de los derechos de la mujer, entre ellos el derecho a la seguridad.<\/p>\n<p style=\"text-align: justify;\">La tarde de este s\u00e1bado, un grupo de estudiantes y amigos de Dana Lizeth Lozano Ch\u00e1vez hizo una vigilia en el parque donde fue encontrada la joven universitaria, a fin de exigir justicia a las autoridades.<\/p>\n<p style=\"text-align: justify;\"><img loading=\"lazy\" decoding=\"async\" class=\" size-full wp-image-19325\" src=\"https:\/\/www.opinionpublica.tv\/portada\/wp-content\/uploads\/2019\/04\/dana_1.jpeg\" width=\"599\" height=\"329\" srcset=\"https:\/\/www.opinionpublica.tv\/portada\/wp-content\/uploads\/2019\/04\/dana_1.jpeg 770w, https:\/\/www.opinionpublica.tv\/portada\/wp-content\/uploads\/2019\/04\/dana_1-300x165.jpeg 300w, https:\/\/www.opinionpublica.tv\/portada\/wp-content\/uploads\/2019\/04\/dana_1-768x422.jpeg 768w\" sizes=\"(max-width: 599px) 100vw, 599px\" \/><\/p>\n<p style=\"text-align: justify;\">Mediante una leyenda en color morado se puede leer en la pared del lugar lo siguiente: \u201cJusticia para Dana\u201d. \u201cJusticia para Dana Lozano; \u201cNi una asesinada m\u00e1s\u201d.<\/p>\n<p style=\"text-align: justify;\"><img loading=\"lazy\" decoding=\"async\" class=\" size-full wp-image-19326\" src=\"https:\/\/www.opinionpublica.tv\/portada\/wp-content\/uploads\/2019\/04\/dana2.jpeg\" width=\"601\" height=\"330\" srcset=\"https:\/\/www.opinionpublica.tv\/portada\/wp-content\/uploads\/2019\/04\/dana2.jpeg 770w, https:\/\/www.opinionpublica.tv\/portada\/wp-content\/uploads\/2019\/04\/dana2-300x165.jpeg 300w, https:\/\/www.opinionpublica.tv\/portada\/wp-content\/uploads\/2019\/04\/dana2-768x422.jpeg 768w\" sizes=\"(max-width: 601px) 100vw, 601px\" \/><\/p>\n<p style=\"text-align: justify;\">En el suelo yace una lona blanca, mientras que en el muro contiguo encontraron distintas\u00a0pintas en morado y negro para exigir justicia: \u201c\u00bfC\u00f3mo se supone que te olvide?, me ense\u00f1aste a amar pero no a olvidar\u201d, \u201dQuisieron pero no sab\u00edan\u2026\u201d.<\/p>\n<p style=\"text-align: justify;\">Por su parte, el director del Instituto de Ciencias Sociales y Administraci\u00f3n de la UACJ, Alonso Morales, asegur\u00f3 que est\u00e1 buscando entrar en contacto con los familiares de la joven para apoyarla en lo que se pueda requerir.<\/p>\n<p>Diversas instituciones se sumaron a la exigencia de justicia la tarde de este s\u00e1bado, como es el caso del Colegio de Bachilleres, de donde era egresada la joven Dana.<\/p>\n<p><img loading=\"lazy\" decoding=\"async\" class=\" size-full wp-image-19327\" src=\"https:\/\/www.opinionpublica.tv\/portada\/wp-content\/uploads\/2019\/04\/Captura_de_pantalla_20190406_a_las_224814.png\" width=\"600\" height=\"811\" srcset=\"https:\/\/www.opinionpublica.tv\/portada\/wp-content\/uploads\/2019\/04\/Captura_de_pantalla_20190406_a_las_224814.png 349w, https:\/\/www.opinionpublica.tv\/portada\/wp-content\/uploads\/2019\/04\/Captura_de_pantalla_20190406_a_las_224814-222x300.png 222w\" sizes=\"(max-width: 600px) 100vw, 600px\" \/><\/p>\n<p>\u201cEl Colegio de Bachilleres del Estado de Chihuahua, Zona Norte se solidariza con la Universidad Aut\u00f3noma de Ciudad Ju\u00e1rez por el terrible asesinato de nuestra ex alumna de Plantel 7 \u00a0Dana Lizeth Lozano Ch\u00e1vez. Repudiamos cualquier forma de violencia contra la mujer. Una vida universitaria p\u00e9rdida oscurece nuestro futuro como sociedad. Enviamos nuestra solidaridad a la familia. Descanse en Paz\u201d.<\/p>\n<p>De igual forma, el Instituto Municipal de las Mujeres conden\u00f3 la muerte de Dana Lizeth y exigi\u00f3 justicia, e hizo un llamado a quienes puedan brindar m\u00e1s informaci\u00f3n para el esclarecimiento de este crimen.<\/p>\n<p>\u201cOfrecemos nuestras condolencias a las y los familiares de Dana Lizeth, as\u00ed como a sus amigas y amigos queremos que sepan que cuentan con nuestro apoyo \u00a0y solidaridad y que los servicios del Instituto Municipal de las Mujeres se encuentran a su disposici\u00f3n\u201d.<\/p>\n<p>As\u00ed mismo, la Facultad de Ciencias Pol\u00edticas y Sociales de la Universidad Aut\u00f3noma de Chihuahua se solidariz\u00f3 con la UACJ y la familia de Danna.<\/p>\n<p>\u201cRepudiamos cualquier forma de violencia en contra de las y los estudiantes, una vida universitaria perdida oscurece nuestro futuro como sociedad. Pronta resignaci\u00f3n a sus deudos\u201d.<\/p>\n","protected":false},"excerpt":{"rendered":"","protected":false},"author":6,"featured_media":19322,"comment_status":"open","ping_status":"open","sticky":false,"template":"","format":"standard","meta":{"_acf_changed":false,"_monsterinsights_skip_tracking":false,"slim_seo":{"title":"Coraje e indignaci\u00f3n en Ciudad Ju\u00e1rez por asesinato de otra estudiante de la UACJ - Opini\u00f3n P\u00fablica","description":"Ciudad Ju\u00e1rez, Chih .- El asesinato de la joven Dana Lizeth Lozano Ch\u00e1vez de 18 a\u00f1os, estudiante del programa de Literatura de la Universidad Aut\u00f3noma de Ciudad"},"footnotes":""},"categories":[3],"tags":[56,115,114,113],"class_list":["post-19328","post","type-post","status-publish","format-standard","has-post-thumbnail","hentry","category-principal","tag-ciudadjuarez","tag-dana-lizeth-lozano","tag-feminicidio","tag-uacj"],"acf":[],"_links":{"self":[{"href":"https:\/\/www.opinionpublica.tv\/portada\/wp-json\/wp\/v2\/posts\/19328","targetHints":{"allow":["GET"]}}],"collection":[{"href":"https:\/\/www.opinionpublica.tv\/portada\/wp-json\/wp\/v2\/posts"}],"about":[{"href":"https:\/\/www.opinionpublica.tv\/portada\/wp-json\/wp\/v2\/types\/post"}],"author":[{"embeddable":true,"href":"https:\/\/www.opinionpublica.tv\/portada\/wp-json\/wp\/v2\/users\/6"}],"replies":[{"embeddable":true,"href":"https:\/\/www.opinionpublica.tv\/portada\/wp-json\/wp\/v2\/comments?post=19328"}],"version-history":[{"count":0,"href":"https:\/\/www.opinionpublica.tv\/portada\/wp-json\/wp\/v2\/posts\/19328\/revisions"}],"wp:featuredmedia":[{"embeddable":true,"href":"https:\/\/www.opinionpublica.tv\/portada\/wp-json\/wp\/v2\/media\/19322"}],"wp:attachment":[{"href":"https:\/\/www.opinionpublica.tv\/portada\/wp-json\/wp\/v2\/media?parent=19328"}],"wp:term":[{"taxonomy":"category","embeddable":true,"href":"https:\/\/www.opinionpublica.tv\/portada\/wp-json\/wp\/v2\/categories?post=19328"},{"taxonomy":"post_tag","embeddable":true,"href":"https:\/\/www.opinionpublica.tv\/portada\/wp-json\/wp\/v2\/tags?post=19328"}],"curies":[{"name":"wp","href":"https:\/\/api.w.org\/{rel}","templated":true}]}}