{"id":19321,"date":"2019-04-06T07:00:00","date_gmt":"2019-04-06T05:00:00","guid":{"rendered":"https:\/\/www.opinionpublica.tv\/portada\/2019\/04\/06\/anuncia-amlo-censo-a-maestros-para-eliminar-aviadores\/"},"modified":"2019-04-06T07:00:00","modified_gmt":"2019-04-06T05:00:00","slug":"anuncia-amlo-censo-a-maestros-para-eliminar-aviadores","status":"publish","type":"post","link":"https:\/\/www.opinionpublica.tv\/portada\/anuncia-amlo-censo-a-maestros-para-eliminar-aviadores\/","title":{"rendered":"Anuncia AMLO censo a maestros para eliminar &#8216;aviadores&#8217;"},"content":{"rendered":"<p><img fetchpriority=\"high\" decoding=\"async\" class=\" size-full wp-image-19320\" src=\"https:\/\/www.opinionpublica.tv\/portada\/wp-content\/uploads\/2019\/04\/a9995bac00de2363d8b31fd862e616eb.jpg\" alt=\"\" class=\"caption\" title=\"Andr\u00e9s Manuel L\u00f3pez Obrador, presidente de M\u00e9xico.\" width=\"664\" height=\"498\" srcset=\"https:\/\/www.opinionpublica.tv\/portada\/wp-content\/uploads\/2019\/04\/a9995bac00de2363d8b31fd862e616eb.jpg 664w, https:\/\/www.opinionpublica.tv\/portada\/wp-content\/uploads\/2019\/04\/a9995bac00de2363d8b31fd862e616eb-300x225.jpg 300w\" sizes=\"(max-width: 664px) 100vw, 664px\" \/><br \/>\n<!--more--><\/p>\n<p style=\"text-align: justify;\"><em>Uruapan, Mich<\/em>.- Con la centralizaci\u00f3n educativa, los\u00a0profesores ser\u00e1n censados\u00a0para actualizar la n\u00f3mina y eliminar a los que cobran sin trabajar, conocidos como \u201caviadores\u201d, afirm\u00f3 el\u00a0presidente Andr\u00e9s Manuel L\u00f3pez Obrador.<\/p>\n<p style=\"text-align: justify;\">Desde\u00a0Uruapan,\u00a0Michoac\u00e1n, el titular del Ejecutivo insisti\u00f3 en que el\u00a0sistema educativo\u00a0ser\u00e1 absorbido en su totalidad por el\u00a0gobierno federal\u00a0y se le quitar\u00e1 a los gobiernos de los estados.<\/p>\n<p style=\"text-align: justify;\">Vamos a hacer primero un censo. A ver \u00bfQui\u00e9n es maestro federal, c\u00f3mo est\u00e1 inscrito, d\u00f3nde trabaja? \u00bfQui\u00e9n es maestro estatal, d\u00f3nde est\u00e1 inscrito, d\u00f3nde trabaja, cu\u00e1l es su escuela, en qu\u00e9 preescolar, qu\u00e9 primaria, qu\u00e9 secundaria? \u00bfAviador? Lo que diga mi dedito\u201d, explic\u00f3 L\u00f3pez Obrador desde Uruapan.<\/p>\n<p style=\"text-align: justify;\">El presidente anunci\u00f3 el censo en Michoac\u00e1n, entidad donde la\u00a0Coordinadora Nacional de Trabajadores de la Educaci\u00f3n (CNTE)\u00a0ha puesto en jaque en varias ocasiones al gobierno estatal por el cobro de cuotas y la exigencia del incremento de plazas laborales.<\/p>\n<p style=\"text-align: justify;\">Con los datos que se obtengan en el censo se marcar\u00e1 un nuevo inicio en la relaci\u00f3n laboral entre el gobierno federal y el magisterio, adelant\u00f3 L\u00f3pez Obrador.<\/p>\n<p style=\"text-align: justify;\">Con esa n\u00f3mina nueva, depurada, ahora s\u00ed, que no falten sus sueldos, que puntualmente se les pague, que no haya retenci\u00f3n de su salario\u201d, plante\u00f3 L\u00f3pez Obrador.<\/p>\n<p style=\"text-align: justify;\">El presidente reiter\u00f3 que existen integrantes de la CNTE que han radicalizado sus exigencias, pasando a una postura que calific\u00f3 de \u201cconservadora\u201d.<\/p>\n<p style=\"text-align: justify;\">Tambi\u00e9n hizo un nuevo llamado a la concordia entre los michoacanos tras rechiflas reiteradas hacia autoridades locales en los m\u00edtines realizados este fin de semana en la entidad. (Exc\u00e9lsior)<\/p>\n","protected":false},"excerpt":{"rendered":"","protected":false},"author":6,"featured_media":19320,"comment_status":"open","ping_status":"open","sticky":false,"template":"","format":"standard","meta":{"_acf_changed":false,"_monsterinsights_skip_tracking":false,"slim_seo":{"title":"Anuncia AMLO censo a maestros para eliminar 'aviadores' - Opini\u00f3n P\u00fablica","description":"Uruapan, Mich .- Con la centralizaci\u00f3n educativa, los\u00a0profesores ser\u00e1n censados\u00a0para actualizar la n\u00f3mina y eliminar a los que cobran sin trabajar, conocidos co"},"footnotes":""},"categories":[9],"tags":[],"class_list":["post-19321","post","type-post","status-publish","format-standard","has-post-thumbnail","hentry","category-nacional"],"acf":[],"_links":{"self":[{"href":"https:\/\/www.opinionpublica.tv\/portada\/wp-json\/wp\/v2\/posts\/19321","targetHints":{"allow":["GET"]}}],"collection":[{"href":"https:\/\/www.opinionpublica.tv\/portada\/wp-json\/wp\/v2\/posts"}],"about":[{"href":"https:\/\/www.opinionpublica.tv\/portada\/wp-json\/wp\/v2\/types\/post"}],"author":[{"embeddable":true,"href":"https:\/\/www.opinionpublica.tv\/portada\/wp-json\/wp\/v2\/users\/6"}],"replies":[{"embeddable":true,"href":"https:\/\/www.opinionpublica.tv\/portada\/wp-json\/wp\/v2\/comments?post=19321"}],"version-history":[{"count":0,"href":"https:\/\/www.opinionpublica.tv\/portada\/wp-json\/wp\/v2\/posts\/19321\/revisions"}],"wp:featuredmedia":[{"embeddable":true,"href":"https:\/\/www.opinionpublica.tv\/portada\/wp-json\/wp\/v2\/media\/19320"}],"wp:attachment":[{"href":"https:\/\/www.opinionpublica.tv\/portada\/wp-json\/wp\/v2\/media?parent=19321"}],"wp:term":[{"taxonomy":"category","embeddable":true,"href":"https:\/\/www.opinionpublica.tv\/portada\/wp-json\/wp\/v2\/categories?post=19321"},{"taxonomy":"post_tag","embeddable":true,"href":"https:\/\/www.opinionpublica.tv\/portada\/wp-json\/wp\/v2\/tags?post=19321"}],"curies":[{"name":"wp","href":"https:\/\/api.w.org\/{rel}","templated":true}]}}